{"id":44312,"date":"2025-11-09T15:18:08","date_gmt":"2025-11-09T15:18:08","guid":{"rendered":"https:\/\/www.europesays.com\/lv\/44312\/"},"modified":"2025-11-09T15:18:08","modified_gmt":"2025-11-09T15:18:08","slug":"tieslietu-padome-generalprokurora-amatam-virza-pieredzejuso-arminu-meisteru-lente-lv","status":"publish","type":"post","link":"https:\/\/www.europesays.com\/lv\/44312\/","title":{"rendered":"Tieslietu padome \u0123ener\u0101lprokurora amatam virza pieredz\u0113ju\u0161o Arm\u012bnu Meisteru\u00a0\u2014\u00a0Lente.lv"},"content":{"rendered":"<p>\u0122ener\u0101lprokurora amata kandid\u0101ts: Arm\u012bns Meisters izvirz\u012bts Tieslietu padomes priek\u0161likumam<\/p>\n<p>Tieslietu padome piektdien, 7. novembr\u012b, ir nol\u0113musi virz\u012bt R\u012bgas tiesas apgabala prokurat\u016bras virsprokurora Arm\u012bna Meistera kandidat\u016bru \u0123ener\u0101lprokurora amata iecel\u0161anai. \u0160is noz\u012bm\u012bgais l\u0113mums tika pie\u0146emts p\u0113c r\u016bp\u012bgas kandid\u0101tu izv\u0113rt\u0113\u0161anas atk\u0101rtotaj\u0101 konkurs\u0101 uz augsto amatu. Lai gan Tieslietu padome ir devusi savu sv\u0113t\u012bbu, gala l\u0113mums par to, kur\u0161 vad\u012bs Latvijas prokurat\u016bru n\u0101kamos piecus gadus, b\u016bs Saeimas zi\u0146\u0101.<\/p>\n<p>Meistars, kur\u0161 \u0161obr\u012bd ie\u0146em virsprokurora amatu R\u012bgas tiesas apgabal\u0101 jau otro termi\u0146u, kop\u0161 2018. gada maija, ir guvis nopelnu par savu ilggad\u0113jo darbu tieslietu sist\u0113m\u0101. Vi\u0146a karjera prokurat\u016br\u0101 aizs\u0101k\u0101s 2000. gad\u0101, un kop\u0161 t\u0101 laika vi\u0146\u0161 ir ie\u0146\u0113mis da\u017e\u0101dus amatus, tostarp bijis virsprokurors R\u012bgas pils\u0113tas Centra rajona prokurat\u016br\u0101 un Finan\u0161u un ekonomisko noziegumu izmekl\u0113\u0161anas prokurat\u016br\u0101. \u0160\u0101da pieredze liecina par dzi\u013cu izpratni par tieslietu sist\u0113mas darba nians\u0113m un sp\u0113ju stabili vad\u012bt prokurat\u016bras strukt\u016brvien\u012bbas.<\/p>\n<p>Konkursa gaita un konkurenti<\/p>\n<p>\u0160is nebija vienk\u0101r\u0161s konkurss. P\u0113c tam, kad pavasar\u012b pirmais m\u0113\u0123in\u0101jums izraudz\u012bties \u0123ener\u0101lprokuroru neizdev\u0101s, jo neviens no trim kandid\u0101tiem neguva Tieslietu padomes atbalstu, tika izsludin\u0101ts atk\u0101rtots konkurss. \u0160oreiz uz \u0123ener\u0101lprokurora amatu pretend\u0113ja \u010detri spilgti profesion\u0101\u013ci: pa\u0161reiz\u0113jais \u0123ener\u0101lprokurors Juris Stuk\u0101ns, Satversmes tiesas tiesnesis Juris Juriss, biju\u0161ais Organiz\u0113t\u0101s noziedz\u012bbas un citu nozaru specializ\u0113t\u0101s prokurat\u016bras prokurors J\u0101nis Ilsteris un, protams, Arm\u012bns Meisters. Katrs no kandid\u0101tiem n\u0101ca klaj\u0101 ar sav\u0101m v\u012bzij\u0101m un pl\u0101niem par prokurat\u016bras att\u012bst\u012bbu, solot uzlabot t\u0101s efektivit\u0101ti un sabiedr\u012bbas uztic\u0113\u0161anos.<\/p>\n<p>Tom\u0113r Tieslietu padome, uzklausot visas prezent\u0101cijas, izv\u0113rt\u0113jot pieredzi, zin\u0101\u0161anas, vad\u012bbas prasmes un strat\u0113\u0123iskos redz\u0113jumus, ir devusi priek\u0161roku Meistaram. Vi\u0146a kandidat\u016bra ieguva 11 balsis &#8220;par&#8221; un 4 &#8220;pret&#8221; sl\u0113gt\u0101 balsojum\u0101, kas apliecina zin\u0101mu vienpr\u0101t\u012bbu \u0161aj\u0101 svar\u012bgaj\u0101 jaut\u0101jum\u0101. K\u0101 nor\u0101d\u012bjis Augst\u0101k\u0101s tiesas priek\u0161s\u0113d\u0113t\u0101js un Tieslietu padomes vad\u012bt\u0101js Aigars Strupi\u0161s, Meisters var\u0113tu kalpot k\u0101 kolekt\u012bvu salied\u0113jo\u0161s faktors, kas ir \u013coti svar\u012bgi, vadot tik atbild\u012bgu instit\u016bciju k\u0101 prokurat\u016bra.<\/p>\n<p>Arm\u012bna Meistera v\u012bzija un priorit\u0101tes<\/p>\n<p>Arm\u012bns Meisters pau\u017e cer\u012bbu izveidot strukt\u016brvien\u012bbu, kas sp\u0113tu efekt\u012bvi c\u012bn\u012bties pret valsti apdraudo\u0161iem noziegumiem. Tas noz\u012bm\u0113 ne tikai proakt\u012bvu r\u012bc\u012bbu, bet ar\u012b sp\u0113ju rea\u0123\u0113t uz jaun\u0101m un sare\u017e\u0123\u012bt\u0101m kriminog\u0113n\u0101m tendenc\u0113m. Vi\u0146a priorit\u0101\u0161u vid\u016b ir ar\u012b atbalsta person\u0101la stiprin\u0101\u0161ana un eso\u0161o procesu optimiz\u0113\u0161ana, lai prokuroru darbs k\u013c\u016btu efekt\u012bv\u0101ks un maz\u0101k apgr\u016btino\u0161s. \u0160\u0101da pieeja ir b\u016btiska, lai nodro\u0161in\u0101tu tiesiskumu un sabiedr\u012bbas dro\u0161\u012bbu Latvij\u0101.<\/p>\n<p>\u0122ener\u0101lprokurora amats ir viens no atbild\u012bg\u0101kajiem un ietekm\u012bg\u0101kajiem amatiem Latvijas tiesu sist\u0113m\u0101. Tas prasa ne tikai padzi\u013cin\u0101tas juridisk\u0101s zin\u0101\u0161anas un pla\u0161u pieredzi, bet ar\u012b sp\u0113ju vad\u012bt lielu kolekt\u012bvu, pie\u0146emt neatliekamus un sare\u017e\u0123\u012btus l\u0113mumus, k\u0101 ar\u012b nodro\u0161in\u0101t taisn\u012bgumu valst\u012b. Arm\u012bna Meistera profesion\u0101lais sniegums ir ticis nov\u0113rt\u0113ts ar da\u017e\u0101diem apbalvojumiem, tai skait\u0101 Prokurat\u016bras Pateic\u012bbas rakstu, Valsts policijas R\u012bgas re\u0123iona p\u0101rvaldes Pateic\u012bbu un Krimin\u0101lpolicijas Goda z\u012bmi, kas liecina par vi\u0146a iev\u0113rojamo ieguld\u012bjumu ties\u012bbsarg\u0101jo\u0161aj\u0101 darb\u0101.<\/p>\n<p>Turpm\u0101kie so\u013ci<\/p>\n<p>Lai gan Tieslietu padome ir devusi savu rekomend\u0101ciju, \u0123ener\u0101lprokurora iecel\u0161ana amat\u0101 ir Saeimas kompetenc\u0113. Sagaid\u0101ms, ka Saeima izskat\u012bs Meistera kandidat\u016bru tuv\u0101kaj\u0101 laik\u0101. L\u0113mums par \u0123ener\u0101lprokurora iecel\u0161anu ir noz\u012bm\u012bgs ne tikai prokurat\u016bras turpm\u0101kajai att\u012bst\u012bbai, bet ar\u012b visas tiesu sist\u0113mas un tiesiskuma nodro\u0161in\u0101\u0161anai Latvij\u0101. Sabiedr\u012bbai ir svar\u012bgi, lai \u0161aj\u0101 augstaj\u0101 amat\u0101 tiktu iecelts profesion\u0101ls un kompetents vad\u012bt\u0101js, kur\u0161 sp\u0113s stabili un god\u012bgi p\u0101rst\u0101v\u0113t valsts intereses.<\/p>\n","protected":false},"excerpt":{"rendered":"\u0122ener\u0101lprokurora amata kandid\u0101ts: Arm\u012bns Meisters izvirz\u012bts Tieslietu padomes priek\u0161likumam Tieslietu padome piektdien, 7. novembr\u012b, ir nol\u0113musi virz\u012bt R\u012bgas&hellip;\n","protected":false},"author":2,"featured_media":44313,"comment_status":"","ping_status":"","sticky":false,"template":"","format":"standard","meta":{"footnotes":""},"categories":[5],"tags":[23,12075,28,29,32,33,12073,22,12473,30,31,35,39,38,36,37,34,40,20,26,27,374,12074,24,25,21],"class_list":{"0":"post-44312","1":"post","2":"type-post","3":"status-publish","4":"format-standard","5":"has-post-thumbnail","7":"category-aktualitates","8":"tag-aktualitates","9":"tag-armins-meisters","10":"tag-breaking-news","11":"tag-breakingnews","12":"tag-featured-news","13":"tag-featurednews","14":"tag-generalprokurors","15":"tag-headlines","16":"tag-konkurss-uz-generalprokurora-amatu","17":"tag-latest-news","18":"tag-latestnews","19":"tag-latvia","20":"tag-latvian","21":"tag-latviesu","22":"tag-latviesu-valoda","23":"tag-latviesuvaloda","24":"tag-latvija","25":"tag-lv","26":"tag-news","27":"tag-popularakas-zinas","28":"tag-popularakaszinas","29":"tag-prokuratura","30":"tag-tieslietu-padome","31":"tag-top-stories","32":"tag-topstories","33":"tag-zinas"},"share_on_mastodon":{"url":"https:\/\/pubeurope.com\/@lv\/115520412233971429","error":""},"_links":{"self":[{"href":"https:\/\/www.europesays.com\/lv\/wp-json\/wp\/v2\/posts\/44312","targetHints":{"allow":["GET"]}}],"collection":[{"href":"https:\/\/www.europesays.com\/lv\/wp-json\/wp\/v2\/posts"}],"about":[{"href":"https:\/\/www.europesays.com\/lv\/wp-json\/wp\/v2\/types\/post"}],"author":[{"embeddable":true,"href":"https:\/\/www.europesays.com\/lv\/wp-json\/wp\/v2\/users\/2"}],"replies":[{"embeddable":true,"href":"https:\/\/www.europesays.com\/lv\/wp-json\/wp\/v2\/comments?post=44312"}],"version-history":[{"count":0,"href":"https:\/\/www.europesays.com\/lv\/wp-json\/wp\/v2\/posts\/44312\/revisions"}],"wp:featuredmedia":[{"embeddable":true,"href":"https:\/\/www.europesays.com\/lv\/wp-json\/wp\/v2\/media\/44313"}],"wp:attachment":[{"href":"https:\/\/www.europesays.com\/lv\/wp-json\/wp\/v2\/media?parent=44312"}],"wp:term":[{"taxonomy":"category","embeddable":true,"href":"https:\/\/www.europesays.com\/lv\/wp-json\/wp\/v2\/categories?post=44312"},{"taxonomy":"post_tag","embeddable":true,"href":"https:\/\/www.europesays.com\/lv\/wp-json\/wp\/v2\/tags?post=44312"}],"curies":[{"name":"wp","href":"https:\/\/api.w.org\/{rel}","templated":true}]}}