{"id":44361,"date":"2025-11-09T16:41:20","date_gmt":"2025-11-09T16:41:20","guid":{"rendered":"https:\/\/www.europesays.com\/lv\/44361\/"},"modified":"2025-11-09T16:41:20","modified_gmt":"2025-11-09T16:41:20","slug":"svaigi-nomedits-briedis-pie-altara-mednieku-svetki-skaistkalne-raisa-asas-diskusijas","status":"publish","type":"post","link":"https:\/\/www.europesays.com\/lv\/44361\/","title":{"rendered":"Svaigi nomed\u012bts briedis pie alt\u0101ra \u2013 mednieku sv\u0113tki Skaistkaln\u0113 raisa asas diskusijas"},"content":{"rendered":"<p>Nesen &#8220;Facebook&#8221; public\u0113tais dz\u012bvnieku aizst\u0101v\u012bbas projekta &#8220;Zoot\u0113ka&#8221; ieraksts par Sv\u0113t\u0101 Huberta <a rel=\"noopener nofollow\" target=\"_blank\" href=\"https:\/\/www.delfi.lv\/temas\/38465773\/svetki\" tag-id=\"38465773\">sv\u0113tkiem<\/a> Skaistkalnes kato\u013cu bazn\u012bc\u0101 izrais\u012bjis pla\u0161as diskusijas un sa\u0161utumu par to, vai tie\u0161\u0101m m\u016bsdienu Latvij\u0101 ir vieta viduslaiku trad\u012bcijai, kur\u0101 dievnam\u0101 pie alt\u0101ra tiek nests svaigi nomed\u012bts <a rel=\"noopener nofollow\" target=\"_blank\" href=\"https:\/\/www.delfi.lv\/temas\/44183607\/dzivnieks\" tag-id=\"44183607\">dz\u012bvnieks<\/a>. Kam\u0113r da\u013ca koment\u0113t\u0101ju atkl\u0101ti pau\u017e nepatiku un \u0161oku par redz\u0113to, citi steidz Sv\u0113t\u0101 Huberta sv\u0113tkus aizst\u0101v\u0113t k\u0101 senas trad\u012bcijas turpin\u0101jumu. Ko par notiku\u0161o saka pa\u0161i mednieki un Skaistkalnes draudzes pr\u0101vests Andrejs Medi\u0146\u0161, un vai tie\u0161\u0101m \u0161\u0101di sv\u0113tki joproj\u0101m tiek svin\u0113ti daudzviet Eirop\u0101 un citur pasaul\u0113? <\/p>\n<p>3. novembr\u012b Skaistkalnes Romas kato\u013cu bazn\u012bc\u0101 notika Sv\u0113t\u0101 Huberta \u2013 mednieku aizbild\u0146a \u2013 sv\u0113tku dievkalpojums. K\u0101 raksta \u017eurn\u0101ls &#8220;<a rel=\"noopener nofollow\" target=\"_blank\" href=\"https:\/\/www.medibam.lv\/arhibiskaps-sveti-medniekus-un-vinu-sunus-sveta-huberta-svetki-skaistkalnes-svetnica\" data-rel-date-range=\"[]\">Med\u012bbas<\/a>&#8220;, dievnam\u0101 uz izgreznot\u0101m nestuv\u0113m svin\u012bgi ienests nomed\u012btais briedis, bet spredi\u0137i sv\u0113tkos teicis R\u012bgas arhib\u012bskaps metropol\u012bts Zbig\u0146evs Stankevi\u010ds. P\u0113c dievkalpojuma pie <a rel=\"noopener nofollow\" target=\"_blank\" href=\"https:\/\/www.delfi.lv\/temas\/44184141\/baznica\" tag-id=\"44184141\">bazn\u012bcas<\/a> tiku\u0161i sv\u0113t\u012bti mednieku su\u0146i un vi\u0146u saimnieki, savuk\u0101rt svin\u012bbas nosl\u0113gu\u0161\u0101s ar liel\u0101 katl\u0101 v\u0101r\u012btu med\u012bjuma zupu un ceptu siv\u0113nu.<\/p>\n<p class=\"MsoNormal\">Reakcijas uz publiskotajiem att\u0113liem ir da\u017e\u0101das. Dz\u012bvnieku aizst\u0101v\u012bbas platforma &#8220;Zoot\u0113ka&#8221; notiku\u0161o raksturo k\u0101 &#8220;burtiski reli\u0123isku festiv\u0101lu, kura centr\u0101 ir upur\u0113ts dz\u012bvnieks un dz\u012bvnieku non\u0101v\u0113\u0161anas glorific\u0113\u0161ana, bet B\u012bbele piesaukta k\u0101 pamatojums&#8221;, k\u0101 ar\u012b nor\u0101da, ka sabiedr\u012bb\u0101, kas aizvien augst\u0101k v\u0113rt\u0113 m\u016bsdien\u012bgu, racion\u0101li un zin\u0101tniski pamatotu dabas un dz\u012bvnieku aizsardz\u012bbu, diez vai \u0161\u0101ds notikums vairo tic\u012bbu, ka t\u0101 ir priorit\u0101te ar\u012b medniec\u012bbai. <\/p>\n<p class=\"MsoNormal\">Da\u013ca koment\u0113t\u0101ju soci\u0101lajos medijos piekr\u012bt \u0161ai kritikai, run\u0101jot par &#8220;brut\u0101lu slepkav\u012bbas sv\u0113t\u012b\u0161anu&#8221; un to, ka redz\u0113tais esot &#8220;trak\u0101k nek\u0101 viduslaikos&#8221;. Piem\u0113ram, k\u0101da &#8220;&#8221;Facebook&#8221; lietot\u0101ja pauda viedokli \u2013 ir \u013coti \u017e\u0113l dz\u012bvnieka, kuru nogalin\u0101ja \u0161\u012b cirka d\u0113\u013c.<\/p>\n<p class=\"MsoNormal\">Citi gan to uzskata par pavisam norm\u0101lu trad\u012bcijas turpin\u0101jumu un nor\u0101da, ka t\u0101 ir sena trad\u012bcija. Ar\u012b pats \u017eurn\u0101ls &#8220;Med\u012bbas&#8221; iest\u0101j\u0101s svin\u0113t\u0101ju pus\u0113, koment\u0113jot zem &#8220;Zoot\u0113ka&#8221; publik\u0101cijas: &#8220;T\u0101pat k\u0101 Ziemassv\u0113tki, Lieldienas, kas ir princip\u0101 pag\u0101nu sv\u0113tki, M\u0101rti\u0146i, J\u0101\u0146i un viss p\u0101r\u0113jais. Nevajag b\u016bt mor\u0101lajiem divko\u0161iem! \u0160o briedi nomed\u012bja t\u0101p\u0113c, ka ir noteikts limita un ZM (Zemkop\u012bbas ministrija \u2013 aut.), LVM (&#8220;Latvijas valsts me\u017ei&#8221; \u2013 aut.) prasa, lai mednieki samazina brie\u017eu popul\u0101ciju uz pusi, par Zoot\u0113ka praktiski nesaka neko. T\u0101 viet\u0101 tikai spodrina savas spalvas un izliekas gudr\u0101ki nek\u0101 paties\u012bb\u0101 ir. K\u0101p\u0113c J\u016bs neprotest\u0113jat pie LVM un ZM, prasot lai tiek saglab\u0101ta eso\u0161\u0101 staltbrie\u017eu popul\u0101cija? \u0160obr\u012bd mednieki ir vien\u012bgie, kas pret to iebilst, un tas viss atskan k\u0101 tuk\u0161\u0101 muc\u0101. M\u0113s esam \u013coti v\u012blu\u0161ies Zoot\u0113ka priorit\u0101t\u0113s!&#8221;<\/p>\n<p>Mednieku patrons<\/p>\n<p class=\"MsoNormal\">Sv\u0113tais <a rel=\"noopener nofollow\" target=\"_blank\" href=\"https:\/\/catholicsaintmedals.com\/saints\/st-hubert\/?srsltid=AfmBOopL0EM1K79RxYsHnCJapBxhZk_j7cdI5KpoYfDiY3jqHEjCB4lY\" data-rel-date-range=\"[]\">Huberts <\/a>(lat\u012b\u0146u Hubertus) dz\u012bvojis ap 656.\u2013727. gadu. Vi\u0146\u0161 bija franku aristokr\u0101ts un kaisl\u012bgs mednieks, kur\u0161 v\u0113l\u0101k k\u013cuva par pirmo Lj\u0113\u017eas b\u012bskapu. Tradicion\u0101li Hubertu sauc par &#8220;Ard\u0113nu apustuli&#8221;, jo vi\u0146\u0161 kristianiz\u0113ja Ard\u0113nu me\u017eainos apgabalus, kas atrodas m\u016bsdienu Be\u013c\u0123ijas un Francijas teritorij\u0101.<\/p>\n<p class=\"MsoNormal\">Le\u0123enda st\u0101sta, ka Lielaj\u0101 piektdien\u0101, dodoties med\u012bb\u0101s, Huberts ieraudz\u012bjis staltbriedi ar spo\u017eu krucifiksu starp ragiem. \u0160is redz\u0113jums vi\u0146u satricin\u0101jis: vi\u0146\u0161 atteicies no izlaid\u012bgas dz\u012bves, nodevies tic\u012bbai un v\u0113l\u0101k k\u013cuvis par b\u012bskapu. T\u0101p\u0113c Huberts krist\u012bgaj\u0101 trad\u012bcij\u0101 k\u013cuvis par mednieku, med\u012bbu su\u0146u, me\u017estr\u0101dnieku un visp\u0101r &#8220;me\u017ea \u013cau\u017eu&#8221; patronu.<\/p>\n<p class=\"MsoNormal\">Romas kato\u013cu litur\u0123iskaj\u0101 kalend\u0101r\u0101 Sv\u0113t\u0101 Huberta piemi\u0146as diena ir 3. novembris. V\u0113sturiski tiek uzskat\u012bts, ka \u0161is datums saist\u012bts nevis ar vi\u0146a n\u0101ves dienu, bet gan ar relikviju p\u0101rve\u0161anu 825. gad\u0101, kad Huberta mirst\u012bg\u0101s atliekas no Lj\u0113\u017eas p\u0101rveda uz benediktie\u0161u abatiju Ard\u0113nas pils\u0113ti\u0146\u0101.<\/p>\n<p class=\"MsoNormal\">Ilgu laiku \u2013 l\u012bdz pat 19.\u201320. gadsimtam \u2013 cilv\u0113ki uzskat\u012bja, ka ar \u012bpa\u0161iem ritu\u0101liem un Sv\u0113t\u0101 Huberta aizbildniec\u012bbu var pasarg\u0101t cilv\u0113kus un dz\u012bvniekus no trakums\u0113rgas.<\/p>\n<p class=\"MsoNormal\">Tie\u0161i tas, ka Huberts tiek uzskat\u012bts par su\u0146u un citu dz\u012bvnieku aizbildni, vienlaikus pats agr\u0101k bijis dedz\u012bgs mednieks, padar\u012bja vi\u0146u par mednieku patronu. S\u0101kotn\u0113ji t\u0101 bija re\u0123ion\u0101la sv\u0113t\u0101 godin\u0101\u0161ana Be\u013c\u0123ij\u0101, kas v\u0113l\u0101k izplat\u012bj\u0101s N\u012bderland\u0113 un V\u0101cij\u0101, bet 17. gadsimt\u0101 \u012bpa\u0161i iedz\u012bvoj\u0101s ar\u012b m\u016bsdienu \u010cehijas teritorij\u0101.<\/p>\n<p>&#8220;T\u0101 notiek visur&#8221;<\/p>\n<p class=\"MsoNormal\">Port\u0101ls &#8220;Delfi&#8221; sazin\u0101j\u0101s ar sv\u0113tku organizatoru, priesteri Andreju Medi\u0146u, kur\u0161 uzsv\u0113ra, ka \u0161\u012b jau esot tre\u0161\u0101 reize, kad Latvij\u0101 tiek r\u012bkotas \u0161\u0101das Sv\u0113t\u0101 Huberta svin\u012bbas. &#8220;Vai tad j\u016bs par to pirmo reizi dzirdat? Ja cilv\u0113ki ir bauru tauta, lai vi\u0146i \u0146emas, bet vis\u0101 pasaul\u0113 t\u0101 svin un visur t\u0101 notiek. Ierakstiet &#8220;YouTube&#8221; &#8220;Sv\u0113t\u0101 Huberta sv\u0113tki&#8221; un tad redz\u0113siet \u2013 t\u016bl\u012bt ar\u012b Lietuv\u0101 t\u0101 nes\u012bs iek\u0161\u0101, b\u016bs sv\u0113t\u012bbas, viss p\u0101r\u0113jais,&#8221; sac\u012bja Medi\u0146\u0161, bet sniegt pla\u0161\u0101ku koment\u0101ru priesteris attiec\u0101s.<\/p>\n<p class=\"MsoNormal\">Savuk\u0101rt R\u012bgas arhib\u012bskaps Zbig\u0146evs Stankevi\u010ds port\u0101lam &#8220;Lasi.lv&#8221; <a rel=\"noopener nofollow\" target=\"_blank\" href=\"https:\/\/lasi.lv\/mednieks-makskernieks\/medibas\/arhibiskaps-sveti-medniekus-un-vinu-sunus-sveta-huberta-svetki-skaistkalnes-svetnica.34208\" data-rel-date-range=\"[]\">nor\u0101d\u012bjis<\/a>: &#8220;Medniekiem Dievs ir uztic\u0113jis r\u016bpes par dabu. Tas ir teikts Sv\u0113tajos Rakstos. Piem\u0113ram, kad vilki savairojas me\u017eon\u012bgos daudzumos un s\u0101k pl\u0113st m\u0101jlopus, to skaits ir j\u0101ierobe\u017eo. Es nov\u0113lu medniekiem, lai vi\u0146i sarg\u0101 savu sirdi t\u012bru no netikumiem, no naida un varask\u0101res. Mednieku misija ir r\u016bp\u0113ties, lai zeme un dz\u012bv\u0101 rad\u012bba tiktu kopta un sarg\u0101ta, un lai dab\u0101 b\u016btu l\u012bdzsvars.&#8221;<\/p>\n<p class=\"MsoNormal\">Latvijas Mednieku asoci\u0101cija (LATMA) sav\u0101 t\u012bmek\u013cvietn\u0113 <a rel=\"noopener nofollow\" target=\"_blank\" href=\"https:\/\/www.latma.lv\/sena-mednieku-tradicija-ka-pateiciba-par-medijumu\/\" data-rel-date-range=\"[]\">public\u0113jusi <\/a>skaidrojumu uz sabiedr\u012bb\u0101 izskan\u0113ju\u0161o sa\u0161utumu. Taj\u0101 nor\u0101d\u012bts, ka kato\u013cu bazn\u012bcas ofici\u0101laj\u0101 litur\u0123ij\u0101 patie\u0161\u0101m nav paredz\u0113ta \u012bpa\u0161a k\u0101rt\u012bba vai ritu\u0101ls, kas aprakst\u012btu nomed\u012bta brie\u017ea iene\u0161anu bazn\u012bc\u0101, k\u0101 ar\u012b su\u0146u vai mednieku sv\u0113t\u012b\u0161anu tie\u0161i Sv\u0113t\u0101 Huberta sv\u0113tku laik\u0101. Vienlaikus asoci\u0101cija uzsver, ka \u0161\u0101das trad\u012bcijas past\u0101v tautas dievbij\u012bbas un mednieku kult\u016bras l\u012bmen\u012b, \u012bpa\u0161i Viduseirop\u0101 \u2013 Polij\u0101, V\u0101cij\u0101, \u010cehij\u0101, Slov\u0101kij\u0101, Austrij\u0101 \u2013 un ar\u012b da\u017eviet Latvij\u0101.<\/p>\n<p class=\"MsoNormal\">&#8220;T\u0101d\u0113\u013c ar\u012b \u0161odien nav nekas \u0101rk\u0101rt\u0113js, ja mednieki sav\u0101 dievkalpojum\u0101 pienes to, kas vi\u0146iem ir \u2013 svaigu med\u012bjumu, ko p\u0113c tam noties\u0101 pa\u0161i, vai kas tiek nodots draudzei, kura to izdala t\u0101l\u0101k tiem, kam tas nepiecie\u0161ams,&#8221; skaidrots asoci\u0101cijas publik\u0101cij\u0101.<\/p>\n<p class=\"MsoNormal\">&#8220;Delfi&#8221; uzrun\u0101ja ar\u012b Latvijas Universit\u0101tes Literat\u016bras, folkloras un m\u0101kslas instit\u016bta vado\u0161o p\u0113tnieku Aigaru Lielb\u0101rdi. Vi\u0146\u0161 nor\u0101d\u012bja, ka pa\u0161laik v\u0113l veic padzi\u013cin\u0101tu notikuma izp\u0113ti, t\u0101p\u0113c detaliz\u0113ti koment\u0101ri \u0161obr\u012bd b\u016btu p\u0101ragri un var\u0113tu ietekm\u0113t turpm\u0101ko komunik\u0101ciju ar respondentiem.<\/p>\n<p>Kas ir Sv\u0113t\u0101 Huberta svin\u012bbas?<\/p>\n<p class=\"MsoNormal\">Patie\u0161\u0101m ar\u012b m\u016bsdien\u0101s Eirop\u0101 ir trad\u012bcija 3. novembr\u012b atz\u012bm\u0113t Sv\u0113t\u0101 Huberta dienu. Daudzviet \u0161\u012b diena simboliski tiek uzskat\u012bta ar\u012b par med\u012bbu sezonas s\u0101kumu. \u0160aj\u0101 dien\u0101 notiek \u012bpa\u0161i dievkalpojumi \u2013 Sv\u0113t\u0101 Huberta mises \u2013, kuru laik\u0101 sv\u0113t\u012bbu sa\u0146em mednieki, zirgi un med\u012bbu su\u0146i, bet \u0113r\u0123e\u013cu viet\u0101 bazn\u012bc\u0101 nereti skan med\u012bbu tauras. Be\u013c\u0123ij\u0101 da\u017eviet cep ar\u012b \u012bpa\u0161u Sv\u0113t\u0101 Huberta maizi. \u0160\u0101das svin\u012bbas notiek ar\u012b, piem\u0113ram, Francij\u0101, V\u0101cij\u0101 un <a rel=\"noopener nofollow\" target=\"_blank\" href=\"https:\/\/www.hunterpol.com.pl\/en\/journal\/hubertus-day-in-poland-history-and-traditions-in-polish-hunting-culture\" data-rel-date-range=\"[]\">Polij\u0101<\/a>: da\u017eviet t\u0101s p\u0101rtop lielos med\u012bbu klubu pas\u0101kumos ar \u012bpa\u0161\u0101m med\u012bb\u0101m un med\u012bbu su\u0146u un ekip\u0113juma par\u0101d\u0113m.<\/p>\n<p class=\"MsoNormal\">Parasti Sv\u0113t\u0101 Huberta dievkalpojumos pie alt\u0101ra nes maizi, v\u012bnu un lauku labumus, bazn\u012bcu izrot\u0101 ar me\u017ea za\u013cumiem un ragiem, skan med\u012bbu tauru m\u016bzika, tiek sv\u0113t\u012bti mednieki, su\u0146i un zirgi. Tom\u0113r atsevi\u0161\u0137os re\u0123ionos izveidojusies para\u017ea Sv\u0113t\u0101 Huberta dien\u0101 bazn\u012bc\u0101 ienest jau nomed\u012btu dz\u012bvnieku vai vismaz t\u0101 trofeju un nolikt alt\u0101ra tuvum\u0101 k\u0101 simbolisku &#8220;pateic\u012bbas upuri&#8221;. <\/p>\n<p class=\"MsoNormal\">Arvien bie\u017e\u0101k pa\u0161as bazn\u012bcas mudina izmantot tikai trofejas un nepie\u013caut nomed\u012btu dz\u012bvnieku \u0137erme\u0146u ne\u0161anu pie alt\u0101ra, jo ar\u012b citviet pasaul\u0113 \u0161\u0101di ritu\u0101li nereti tiek <a rel=\"noopener nofollow\" target=\"_blank\" href=\"https:\/\/www.wildtierschutz-deutschland.de\/single-post\/hubertusmesse-jagd\" data-rel-date-range=\"[]\">uztverti <\/a>k\u0101 &#8220;slepkav\u012bbas glorific\u0113\u0161ana&#8221;. T\u0101p\u0113c \u0161\u0101da prakse da\u017eviet tiek arvien bie\u017e\u0101k apstr\u012bd\u0113ta, un vair\u0101k\u0101s draudz\u0113s no nomed\u012btu dz\u012bvnieku \u0137erme\u0146u ne\u0161anas bazn\u012bc\u0101 atsak\u0101s.<\/p>\n<p class=\"m-0\">Seko &#8220;Delfi&#8221; ar\u012b  <a target=\"_blank\" href=\"https:\/\/www.instagram.com\/delfi.lv\/\" rel=\"nofollow noopener\">Instagram<\/a>  un <a target=\"_blank\" href=\"https:\/\/www.youtube.com\/channel\/UCw5foWtcJvAbUm64rv7jwUQ\" rel=\"nofollow noopener\">YouTube<\/a>  profil\u0101 \u2013 pievienojies, lai uzzin\u0101tu svar\u012bg\u0101ko un interesant\u0101ko pirmais!<\/p>\n<p>Publik\u0101cijas saturs vai t\u0101s jebk\u0101da apjoma da\u013ca ir aizsarg\u0101ts autorties\u012bbu objekts Autorties\u012bbu likuma izpratn\u0113, un t\u0101 izmanto\u0161ana bez izdev\u0113ja at\u013caujas ir aizliegta. Vair\u0101k lasi  <a target=\"_blank\" href=\"https:\/\/www.delfi.lv\/noteikumi#autortiesibas\" rel=\"nofollow noopener\">\u0161eit<\/a><script async src=\"\/\/www.instagram.com\/embed.js\"><\/script><\/p>\n","protected":false},"excerpt":{"rendered":"Nesen &#8220;Facebook&#8221; public\u0113tais dz\u012bvnieku aizst\u0101v\u012bbas projekta &#8220;Zoot\u0113ka&#8221; ieraksts par Sv\u0113t\u0101 Huberta sv\u0113tkiem Skaistkalnes kato\u013cu bazn\u012bc\u0101 izrais\u012bjis pla\u0161as diskusijas&hellip;\n","protected":false},"author":2,"featured_media":44362,"comment_status":"","ping_status":"","sticky":false,"template":"","format":"standard","meta":{"footnotes":""},"categories":[12],"tags":[23,3034,28,29,5807,8436,32,33,22,30,31,35,39,38,36,37,34,40,6465,20,26,27,12491,24,25,21],"class_list":{"0":"post-44361","1":"post","2":"type-post","3":"status-publish","4":"format-standard","5":"has-post-thumbnail","7":"category-latvija","8":"tag-aktualitates","9":"tag-baznica","10":"tag-breaking-news","11":"tag-breakingnews","12":"tag-dzivnieki","13":"tag-dzivnieks","14":"tag-featured-news","15":"tag-featurednews","16":"tag-headlines","17":"tag-latest-news","18":"tag-latestnews","19":"tag-latvia","20":"tag-latvian","21":"tag-latviesu","22":"tag-latviesu-valoda","23":"tag-latviesuvaloda","24":"tag-latvija","25":"tag-lv","26":"tag-medibas","27":"tag-news","28":"tag-popularakas-zinas","29":"tag-popularakaszinas","30":"tag-svetki","31":"tag-top-stories","32":"tag-topstories","33":"tag-zinas"},"share_on_mastodon":{"url":"https:\/\/pubeurope.com\/@lv\/115520738646319684","error":""},"_links":{"self":[{"href":"https:\/\/www.europesays.com\/lv\/wp-json\/wp\/v2\/posts\/44361","targetHints":{"allow":["GET"]}}],"collection":[{"href":"https:\/\/www.europesays.com\/lv\/wp-json\/wp\/v2\/posts"}],"about":[{"href":"https:\/\/www.europesays.com\/lv\/wp-json\/wp\/v2\/types\/post"}],"author":[{"embeddable":true,"href":"https:\/\/www.europesays.com\/lv\/wp-json\/wp\/v2\/users\/2"}],"replies":[{"embeddable":true,"href":"https:\/\/www.europesays.com\/lv\/wp-json\/wp\/v2\/comments?post=44361"}],"version-history":[{"count":0,"href":"https:\/\/www.europesays.com\/lv\/wp-json\/wp\/v2\/posts\/44361\/revisions"}],"wp:featuredmedia":[{"embeddable":true,"href":"https:\/\/www.europesays.com\/lv\/wp-json\/wp\/v2\/media\/44362"}],"wp:attachment":[{"href":"https:\/\/www.europesays.com\/lv\/wp-json\/wp\/v2\/media?parent=44361"}],"wp:term":[{"taxonomy":"category","embeddable":true,"href":"https:\/\/www.europesays.com\/lv\/wp-json\/wp\/v2\/categories?post=44361"},{"taxonomy":"post_tag","embeddable":true,"href":"https:\/\/www.europesays.com\/lv\/wp-json\/wp\/v2\/tags?post=44361"}],"curies":[{"name":"wp","href":"https:\/\/api.w.org\/{rel}","templated":true}]}}