{"id":44387,"date":"2025-11-09T17:16:08","date_gmt":"2025-11-09T17:16:08","guid":{"rendered":"https:\/\/www.europesays.com\/lv\/44387\/"},"modified":"2025-11-09T17:16:08","modified_gmt":"2025-11-09T17:16:08","slug":"minhenes-tehniskaja-universitate-ielauzusies-palestiniesu-atbalstitaji","status":"publish","type":"post","link":"https:\/\/www.europesays.com\/lv\/44387\/","title":{"rendered":"Minhenes Tehniskaj\u0101 universit\u0101t\u0113 ielauzu\u0161ies Palest\u012bnie\u0161u atbalst\u012bt\u0101ji"},"content":{"rendered":"<p>Incidents noticis palest\u012bnie\u0161u atbalst\u012bt\u0101ju demonstr\u0101cijas laik\u0101, kas tika r\u012bkota ar lozungu: &#8220;Studenti pret TUM l\u012bdzdal\u012bbu &#8211; Apturiet p\u0113t\u012bjumus aparte\u012bda lab\u0101!&#8221;<\/p>\n<p>Aptuveni p\u0113c div\u0101m stund\u0101m, kad universit\u0101te piedraud\u0113ja celt aps\u016bdz\u012bbas par nelikum\u012bgu ielau\u0161anos \u012bpa\u0161um\u0101, akt\u012bvisti \u0113ku atst\u0101ja.<\/p>\n<p>Kopum\u0101 protesta akcij\u0101 piedal\u012bj\u0101s aptuveni 500 demonstrantu, kas piektdienas vakar\u0101 dev\u0101s g\u0101jien\u0101 pa Bav\u0101rijas zemes galvaspils\u0113tas iel\u0101m, bet par k\u0101rt\u012bbu g\u0101d\u0101ja 100 policistu.<\/p>\n<p>Citi incidenti akcijas laik\u0101 netika re\u0123istr\u0113ti.<\/p>\n<p>Bav\u0101rijas antisem\u012btisma komis\u0101rs Ludvigs \u0160penle nor\u0101d\u012bja, ka Izra\u0113las vald\u012bbas kritiz\u0113\u0161ana noteikti ir at\u013cauta, ta\u010du V\u0101cijas zin\u0101tnisko instit\u016bciju nomelno\u0161ana nav pie\u0146emama.<\/p>\n<p>\u0160penle uzsv\u0113ra, ka akt\u012bvistu apgalvojumi par TUM l\u012bdzatbild\u012bbu cilv\u0113ku cie\u0161an\u0101s Gazas josl\u0101 ir absol\u016bti nepamatoti klaji meli.<\/p>\n","protected":false},"excerpt":{"rendered":"Incidents noticis palest\u012bnie\u0161u atbalst\u012bt\u0101ju demonstr\u0101cijas laik\u0101, kas tika r\u012bkota ar lozungu: &#8220;Studenti pret TUM l\u012bdzdal\u012bbu &#8211; Apturiet p\u0113t\u012bjumus&hellip;\n","protected":false},"author":2,"featured_media":44388,"comment_status":"","ping_status":"","sticky":false,"template":"","format":"standard","meta":{"footnotes":""},"categories":[14],"tags":[23,57,28,29,32,33,22,30,31,35,39,38,36,37,34,40,4845,20,488,26,27,24,25,299,54,55,56,21,58],"class_list":{"0":"post-44387","1":"post","2":"type-post","3":"status-publish","4":"format-standard","5":"has-post-thumbnail","7":"category-zinas-no-arvalstim","8":"tag-aktualitates","9":"tag-arvalstim","10":"tag-breaking-news","11":"tag-breakingnews","12":"tag-featured-news","13":"tag-featurednews","14":"tag-headlines","15":"tag-latest-news","16":"tag-latestnews","17":"tag-latvia","18":"tag-latvian","19":"tag-latviesu","20":"tag-latviesu-valoda","21":"tag-latviesuvaloda","22":"tag-latvija","23":"tag-lv","24":"tag-minhene","25":"tag-news","26":"tag-palestina","27":"tag-popularakas-zinas","28":"tag-popularakaszinas","29":"tag-top-stories","30":"tag-topstories","31":"tag-vacija","32":"tag-world","33":"tag-world-news","34":"tag-worldnews","35":"tag-zinas","36":"tag-zinas-no-arvalstim"},"share_on_mastodon":{"url":"https:\/\/pubeurope.com\/@lv\/115520876242781235","error":""},"_links":{"self":[{"href":"https:\/\/www.europesays.com\/lv\/wp-json\/wp\/v2\/posts\/44387","targetHints":{"allow":["GET"]}}],"collection":[{"href":"https:\/\/www.europesays.com\/lv\/wp-json\/wp\/v2\/posts"}],"about":[{"href":"https:\/\/www.europesays.com\/lv\/wp-json\/wp\/v2\/types\/post"}],"author":[{"embeddable":true,"href":"https:\/\/www.europesays.com\/lv\/wp-json\/wp\/v2\/users\/2"}],"replies":[{"embeddable":true,"href":"https:\/\/www.europesays.com\/lv\/wp-json\/wp\/v2\/comments?post=44387"}],"version-history":[{"count":0,"href":"https:\/\/www.europesays.com\/lv\/wp-json\/wp\/v2\/posts\/44387\/revisions"}],"wp:featuredmedia":[{"embeddable":true,"href":"https:\/\/www.europesays.com\/lv\/wp-json\/wp\/v2\/media\/44388"}],"wp:attachment":[{"href":"https:\/\/www.europesays.com\/lv\/wp-json\/wp\/v2\/media?parent=44387"}],"wp:term":[{"taxonomy":"category","embeddable":true,"href":"https:\/\/www.europesays.com\/lv\/wp-json\/wp\/v2\/categories?post=44387"},{"taxonomy":"post_tag","embeddable":true,"href":"https:\/\/www.europesays.com\/lv\/wp-json\/wp\/v2\/tags?post=44387"}],"curies":[{"name":"wp","href":"https:\/\/api.w.org\/{rel}","templated":true}]}}