{"id":44395,"date":"2025-11-09T17:25:22","date_gmt":"2025-11-09T17:25:22","guid":{"rendered":"https:\/\/www.europesays.com\/lv\/44395\/"},"modified":"2025-11-09T17:25:22","modified_gmt":"2025-11-09T17:25:22","slug":"pirmatskanojumu-piedzivos-koncertizrade-disko-roze-ar-agnesi-budovsku-un-andri-keisu","status":"publish","type":"post","link":"https:\/\/www.europesays.com\/lv\/44395\/","title":{"rendered":"Pirmatska\u0146ojumu piedz\u012bvos koncertizr\u0101de &#8220;Disko roze&#8221; ar Agnesi Budovsku un Andri Kei\u0161u"},"content":{"rendered":"<p>\u0160\u012b gada 13. novembr\u012b M\u016bzikas nama &#8220;Daile&#8221; 12. jubilejas vakar\u0101 pirmatska\u0146ojumu piedz\u012bvos koncertizr\u0101de &#8220;Disko roze&#8221; \u2014 muzik\u0101ls ce\u013cojums laik\u0101 un noska\u0146\u0101s, kas atdz\u012bvina laikmetu, kad m\u016bzika, mode un spilgtas person\u012bbas bija rado\u0161uma un br\u012bv\u012bbas simbols.<\/p>\n<p>&#8220;Dailes Big Band&#8221;: K\u0101rlis Vanags (saksofons), D\u0101vis Jurka (saksofons), Andris Augstkalns (trompete), Reinis Puri\u0146\u0161 (trompete), Laura Rozenberga (trombons), Rihards Goba (\u0123it\u0101ra), Viktors Ritovs (tausti\u0146instrumenti), Edv\u012bns Ozols (bass), Artis Orubs (bungas).<\/p>\n<p class=\"m-0\">Seko &#8220;Delfi&#8221; ar\u012b  <a target=\"_blank\" href=\"https:\/\/www.instagram.com\/delfi.lv\/\" rel=\"nofollow noopener\">Instagram<\/a>  un <a target=\"_blank\" href=\"https:\/\/www.youtube.com\/channel\/UCw5foWtcJvAbUm64rv7jwUQ\" rel=\"nofollow noopener\">YouTube<\/a>  profil\u0101 \u2013 pievienojies, lai uzzin\u0101tu svar\u012bg\u0101ko un interesant\u0101ko pirmais!<\/p>\n<p>Publik\u0101cijas saturs vai t\u0101s jebk\u0101da apjoma da\u013ca ir aizsarg\u0101ts autorties\u012bbu objekts Autorties\u012bbu likuma izpratn\u0113, un t\u0101 izmanto\u0161ana bez izdev\u0113ja at\u013caujas ir aizliegta. Vair\u0101k lasi  <a target=\"_blank\" href=\"https:\/\/www.delfi.lv\/noteikumi#autortiesibas\" rel=\"nofollow noopener\">\u0161eit<\/a><script async src=\"\/\/www.instagram.com\/embed.js\"><\/script><\/p>\n","protected":false},"excerpt":{"rendered":"\u0160\u012b gada 13. novembr\u012b M\u016bzikas nama &#8220;Daile&#8221; 12. jubilejas vakar\u0101 pirmatska\u0146ojumu piedz\u012bvos koncertizr\u0101de &#8220;Disko roze&#8221; \u2014 muzik\u0101ls ce\u013cojums&hellip;\n","protected":false},"author":2,"featured_media":44396,"comment_status":"","ping_status":"","sticky":false,"template":"","format":"standard","meta":{"footnotes":""},"categories":[19],"tags":[2516,5391,89,90,9894,35,39,38,36,37,34,40,6782,2672],"class_list":{"0":"post-44395","1":"post","2":"type-post","3":"status-publish","4":"format-standard","5":"has-post-thumbnail","7":"category-izklaide","8":"tag-agnese-budovska","9":"tag-andris-keiss","10":"tag-entertainment","11":"tag-izklaide","12":"tag-kristine-jurjane","13":"tag-latvia","14":"tag-latvian","15":"tag-latviesu","16":"tag-latviesu-valoda","17":"tag-latviesuvaloda","18":"tag-latvija","19":"tag-lv","20":"tag-muzikas-nams-daile","21":"tag-raimonds-pauls"},"share_on_mastodon":{"url":"https:\/\/pubeurope.com\/@lv\/115520911676011268","error":""},"_links":{"self":[{"href":"https:\/\/www.europesays.com\/lv\/wp-json\/wp\/v2\/posts\/44395","targetHints":{"allow":["GET"]}}],"collection":[{"href":"https:\/\/www.europesays.com\/lv\/wp-json\/wp\/v2\/posts"}],"about":[{"href":"https:\/\/www.europesays.com\/lv\/wp-json\/wp\/v2\/types\/post"}],"author":[{"embeddable":true,"href":"https:\/\/www.europesays.com\/lv\/wp-json\/wp\/v2\/users\/2"}],"replies":[{"embeddable":true,"href":"https:\/\/www.europesays.com\/lv\/wp-json\/wp\/v2\/comments?post=44395"}],"version-history":[{"count":0,"href":"https:\/\/www.europesays.com\/lv\/wp-json\/wp\/v2\/posts\/44395\/revisions"}],"wp:featuredmedia":[{"embeddable":true,"href":"https:\/\/www.europesays.com\/lv\/wp-json\/wp\/v2\/media\/44396"}],"wp:attachment":[{"href":"https:\/\/www.europesays.com\/lv\/wp-json\/wp\/v2\/media?parent=44395"}],"wp:term":[{"taxonomy":"category","embeddable":true,"href":"https:\/\/www.europesays.com\/lv\/wp-json\/wp\/v2\/categories?post=44395"},{"taxonomy":"post_tag","embeddable":true,"href":"https:\/\/www.europesays.com\/lv\/wp-json\/wp\/v2\/tags?post=44395"}],"curies":[{"name":"wp","href":"https:\/\/api.w.org\/{rel}","templated":true}]}}