{"id":44399,"date":"2025-11-09T17:29:08","date_gmt":"2025-11-09T17:29:08","guid":{"rendered":"https:\/\/www.europesays.com\/lv\/44399\/"},"modified":"2025-11-09T17:29:08","modified_gmt":"2025-11-09T17:29:08","slug":"priekslikumu-par-ventspils-ostas-finansem-aseradens-sola-izskatit-vispareja-kartiba","status":"publish","type":"post","link":"https:\/\/www.europesays.com\/lv\/44399\/","title":{"rendered":"Priek\u0161likumu par Ventspils ostas finans\u0113m A\u0161eradens sola izskat\u012bt visp\u0101r\u0113j\u0101 k\u0101rt\u012bb\u0101"},"content":{"rendered":"<p>2026. gada valsts bud\u017eeta un vid\u0113ja termi\u0146a bud\u017eeta ietvara likuma projektam kopum\u0101 iesniegti vair\u0101k nek\u0101 240 priek\u0161likumi. Savuk\u0101rt likumprojektiem, kas saist\u012bti ar valsts bud\u017eetu, iesniegti vair\u0101k nek\u0101 210 priek\u0161likumi.<\/p>\n<p>T\u0101pat zi\u0146ots, ka EM vald\u012bbai sagatavojusi informat\u012bvo zi\u0146ojumu par situ\u0101ciju ar Ventspils ostas p\u0101rvaldes finans\u0113m, a\u0123ent\u016brai LETA iepriek\u0161 teica ekonomikas ministrs Viktors Valainis (ZZS).<\/p>\n<p>Ministrs nor\u0101d\u012bja, ka tas tapis p\u0113c konsult\u0101cij\u0101m ar Ventspils ostas p\u0101rvaldi, kur t\u0101 iez\u012bm\u0113jusi situ\u0101ciju. T\u0101pat \u0161is jaut\u0101jums esot saist\u012bts ar Ostu likuma groz\u012bjumiem, jo, k\u0101 nor\u0101d\u012bja ministrs, tos pie\u0146emot, \u0161is jaut\u0101jums neizb\u0113gami b\u016btu j\u0101risina.<\/p>\n<p>Valainis atz\u012bm\u0113ja, ka informat\u012bvais zi\u0146ojums sagatavots ar m\u0113r\u0137i par\u0101d\u012bt faktisko situ\u0101ciju Ventspils ost\u0101, lai vald\u012bb\u0101 kop\u012bgi dom\u0101tu par risin\u0101jumiem, lai jaut\u0101jums &#8220;nepaliktu nepaman\u012bts&#8221; un nenon\u0101ktu smag\u0101k\u0101 situ\u0101cij\u0101, kad vald\u012bbai b\u016btu j\u0101iesaist\u0101s ar finan\u0161u stabiliz\u0101ciju.<\/p>\n<p>Valainis neapstiprin\u0101ja izskan\u0113ju\u0161o inform\u0101ciju, ka EM iesaist\u012bjusies Ventspils ostas p\u0101rvaldes par\u0101du dz\u0113\u0161an\u0101 Valsts kasei un sagatavojusi projektu par ostas par\u0101da norakst\u012b\u0161anu aptuveni tr\u012bs miljonu eiro apm\u0113r\u0101, nor\u0101dot, ka iemesls, k\u0101p\u0113c \u0161is zi\u0146ojums ir ierobe\u017eotas pieejam\u012bbas, ir tas, ka taj\u0101 ir komercinform\u0101cija.<\/p>\n<p>L\u012bdztekus vi\u0146\u0161 atz\u012bm\u0113ja, ka zi\u0146ojum\u0101 apzin\u0101tas iesp\u0113jas, k\u0101d\u0101 veid\u0101 situ\u0101ciju risin\u0101t, jo &#8220;lieta nav tik vienk\u0101r\u0161a&#8221;. Valainis ar\u012b nor\u0101d\u012bja, ka deput\u0101ti esot iesniegu\u0161i priek\u0161likumu norakst\u012bt Ventspils ostas par\u0101dus, kas liecinot, ka ar\u012b deput\u0101ti esot ieinteres\u0113ti risin\u0101t \u0161o jaut\u0101jumu, ta\u010du, p\u0113c Valai\u0146a v\u0101rdiem, vienk\u0101r\u0161a par\u0101du norakst\u012b\u0161ana \u0161eit neesot iesp\u0113jama.<\/p>\n<p>K\u0101 v\u0113st\u012bts, EM ir iesaist\u012bjusies Ventspils ostas p\u0101rvaldes par\u0101du dz\u0113\u0161an\u0101 Valsts kasei un sagatavojusi projektu par ostas par\u0101da norakst\u012b\u0161anu aptuveni tr\u012bs miljonu eiro apm\u0113r\u0101, liecina Latvijas Telev\u012bzijas (LTV) r\u012bc\u012bb\u0101 eso\u0161\u0101 inform\u0101cija.<\/p>\n<p>Lai dz\u0113stu Ventspils ostas par\u0101du, EM n\u0101kam\u0101 gada valsts bud\u017eeta projekt\u0101 b\u016bs j\u0101atrod finan\u0161u avots. Gala l\u0113mums b\u016bs FM un vald\u012bbas zi\u0146\u0101, ta\u010du jau tagad zin\u0101ms, SM var\u0113tu b\u016bt iebildumi.<\/p>\n<p>Satiksmes ministrs Atis \u0160vinka (P) iepriek\u0161 uzsv\u0113ris, ka nol\u0113mis nevirz\u012bt Ventspils ostas p\u0101rvaldes par\u0101du norakst\u012b\u0161anu Valsts kasei 14,8 miljonu eiro apm\u0113r\u0101.<\/p>\n","protected":false},"excerpt":{"rendered":"2026. gada valsts bud\u017eeta un vid\u0113ja termi\u0146a bud\u017eeta ietvara likuma projektam kopum\u0101 iesniegti vair\u0101k nek\u0101 240 priek\u0161likumi. Savuk\u0101rt&hellip;\n","protected":false},"author":2,"featured_media":44400,"comment_status":"","ping_status":"","sticky":false,"template":"","format":"standard","meta":{"footnotes":""},"categories":[12],"tags":[23,3025,28,29,32,33,22,30,31,35,39,38,36,37,34,40,20,26,27,24,25,331,2988,21],"class_list":{"0":"post-44399","1":"post","2":"type-post","3":"status-publish","4":"format-standard","5":"has-post-thumbnail","7":"category-latvija","8":"tag-aktualitates","9":"tag-arvils-aseradens","10":"tag-breaking-news","11":"tag-breakingnews","12":"tag-featured-news","13":"tag-featurednews","14":"tag-headlines","15":"tag-latest-news","16":"tag-latestnews","17":"tag-latvia","18":"tag-latvian","19":"tag-latviesu","20":"tag-latviesu-valoda","21":"tag-latviesuvaloda","22":"tag-latvija","23":"tag-lv","24":"tag-news","25":"tag-popularakas-zinas","26":"tag-popularakaszinas","27":"tag-top-stories","28":"tag-topstories","29":"tag-valsts-budzets","30":"tag-ventspils","31":"tag-zinas"},"share_on_mastodon":{"url":"https:\/\/pubeurope.com\/@lv\/115520927382604539","error":""},"_links":{"self":[{"href":"https:\/\/www.europesays.com\/lv\/wp-json\/wp\/v2\/posts\/44399","targetHints":{"allow":["GET"]}}],"collection":[{"href":"https:\/\/www.europesays.com\/lv\/wp-json\/wp\/v2\/posts"}],"about":[{"href":"https:\/\/www.europesays.com\/lv\/wp-json\/wp\/v2\/types\/post"}],"author":[{"embeddable":true,"href":"https:\/\/www.europesays.com\/lv\/wp-json\/wp\/v2\/users\/2"}],"replies":[{"embeddable":true,"href":"https:\/\/www.europesays.com\/lv\/wp-json\/wp\/v2\/comments?post=44399"}],"version-history":[{"count":0,"href":"https:\/\/www.europesays.com\/lv\/wp-json\/wp\/v2\/posts\/44399\/revisions"}],"wp:featuredmedia":[{"embeddable":true,"href":"https:\/\/www.europesays.com\/lv\/wp-json\/wp\/v2\/media\/44400"}],"wp:attachment":[{"href":"https:\/\/www.europesays.com\/lv\/wp-json\/wp\/v2\/media?parent=44399"}],"wp:term":[{"taxonomy":"category","embeddable":true,"href":"https:\/\/www.europesays.com\/lv\/wp-json\/wp\/v2\/categories?post=44399"},{"taxonomy":"post_tag","embeddable":true,"href":"https:\/\/www.europesays.com\/lv\/wp-json\/wp\/v2\/tags?post=44399"}],"curies":[{"name":"wp","href":"https:\/\/api.w.org\/{rel}","templated":true}]}}