{"id":44415,"date":"2025-11-09T17:56:08","date_gmt":"2025-11-09T17:56:08","guid":{"rendered":"https:\/\/www.europesays.com\/lv\/44415\/"},"modified":"2025-11-09T17:56:08","modified_gmt":"2025-11-09T17:56:08","slug":"robezsardze-rsu-volejbolisti-baltijas-liga-zaude-pernavas-komandai","status":"publish","type":"post","link":"https:\/\/www.europesays.com\/lv\/44415\/","title":{"rendered":"&#8220;Robe\u017esardze&#8221;\/RSU volejbolisti Baltijas l\u012bg\u0101 zaud\u0113 P\u0113rnavas komandai"},"content":{"rendered":"<p>Latvijas \u010dempioni viesos ar rezult\u0101tu 1-3 (16:25, 25:19, 20:25, 21:25) zaud\u0113ja &#8220;Parnu&#8221; komandai, kuru vada Latvijas izlases biju\u0161ais galvenais treneris Rainers Vasi\u013cjevs un p\u0101rst\u0101v Toms \u0160vans.<\/p>\n<p>Viesiem 19 punktus guva J\u0101nis Treimanis un 17 pievienoja Nils Daniels Prauls. Uzvar\u0113t\u0101jiem ar 21 punktu izc\u0113l\u0101s Tristans Tehts.<\/p>\n<p>Ar devi\u0146iem punktiem piec\u0101s c\u012b\u0146\u0101s &#8220;Robe\u017esardze&#8221;\/RSU ie\u0146em piekto vietu, &#8220;Ezerzeme&#8221;\/DU ar se\u0161iem punktiem se\u0161\u0101s sp\u0113l\u0113s ir sept\u012bt\u0101, bet p\u0113d\u0113jie devi\u0146u komandu \u010dempion\u0101t\u0101 ar diviem punktiem se\u0161os due\u013cos ir J\u0113kabpils &#8220;L\u016b\u0161i&#8221;.<\/p>\n<p>\u0160osezon Latviju l\u012bg\u0101 p\u0101rst\u0101v J\u0113kabpils &#8220;L\u016b\u0161i&#8221;, &#8220;Ezerzeme&#8221;\/DU un Latvijas \u010dempione &#8220;Robe\u017esardze&#8221;\/&#8221;R\u012bgas Stradi\u0146a universit\u0101te&#8221; (&#8220;Robe\u017esardze&#8221;\/RSU). Igaunija ir p\u0101rst\u0101v\u0113ta ar Tartu &#8220;Bigbank&#8221;, Tallinas &#8220;Selver&#8221;\/&#8221;TalTech&#8221;, &#8220;Parnu&#8221;, &#8220;Barrus&#8221;\/&#8221;Voru&#8221; un &#8220;Audentes&#8221;\/&#8221;Solarstone&#8221; vien\u012bbu, bet Lietuva &#8211; ar \u0160au\u013cu &#8220;Elga-Grafaite-S-Sportas&#8221;.<\/p>\n<p>Iepriek\u0161\u0113j\u0101 sezon\u0101 par \u010dempioni k\u013cuva &#8220;Bigbank&#8221;, fin\u0101l\u0101 ar 3-1 p\u0101rsp\u0113jot P\u0113rnavas volejbolistus, bet &#8220;Ezerzeme&#8221;\/DU c\u012b\u0146\u0101 par tre\u0161o vietu ar 1-3 atzina &#8220;Barrus&#8221;\/&#8221;Voru&#8221; p\u0101r\u0101kumu.<\/p>\n","protected":false},"excerpt":{"rendered":"Latvijas \u010dempioni viesos ar rezult\u0101tu 1-3 (16:25, 25:19, 20:25, 21:25) zaud\u0113ja &#8220;Parnu&#8221; komandai, kuru vada Latvijas izlases biju\u0161ais&hellip;\n","protected":false},"author":2,"featured_media":44416,"comment_status":"","ping_status":"","sticky":false,"template":"","format":"standard","meta":{"footnotes":""},"categories":[17],"tags":[35,39,38,36,37,34,40,67,563],"class_list":{"0":"post-44415","1":"post","2":"type-post","3":"status-publish","4":"format-standard","5":"has-post-thumbnail","7":"category-sports","8":"tag-latvia","9":"tag-latvian","10":"tag-latviesu","11":"tag-latviesu-valoda","12":"tag-latviesuvaloda","13":"tag-latvija","14":"tag-lv","15":"tag-sports","16":"tag-volejbols-latvija"},"share_on_mastodon":{"url":"https:\/\/pubeurope.com\/@lv\/115521033515037049","error":""},"_links":{"self":[{"href":"https:\/\/www.europesays.com\/lv\/wp-json\/wp\/v2\/posts\/44415","targetHints":{"allow":["GET"]}}],"collection":[{"href":"https:\/\/www.europesays.com\/lv\/wp-json\/wp\/v2\/posts"}],"about":[{"href":"https:\/\/www.europesays.com\/lv\/wp-json\/wp\/v2\/types\/post"}],"author":[{"embeddable":true,"href":"https:\/\/www.europesays.com\/lv\/wp-json\/wp\/v2\/users\/2"}],"replies":[{"embeddable":true,"href":"https:\/\/www.europesays.com\/lv\/wp-json\/wp\/v2\/comments?post=44415"}],"version-history":[{"count":0,"href":"https:\/\/www.europesays.com\/lv\/wp-json\/wp\/v2\/posts\/44415\/revisions"}],"wp:featuredmedia":[{"embeddable":true,"href":"https:\/\/www.europesays.com\/lv\/wp-json\/wp\/v2\/media\/44416"}],"wp:attachment":[{"href":"https:\/\/www.europesays.com\/lv\/wp-json\/wp\/v2\/media?parent=44415"}],"wp:term":[{"taxonomy":"category","embeddable":true,"href":"https:\/\/www.europesays.com\/lv\/wp-json\/wp\/v2\/categories?post=44415"},{"taxonomy":"post_tag","embeddable":true,"href":"https:\/\/www.europesays.com\/lv\/wp-json\/wp\/v2\/tags?post=44415"}],"curies":[{"name":"wp","href":"https:\/\/api.w.org\/{rel}","templated":true}]}}