{"id":44425,"date":"2025-11-09T18:17:07","date_gmt":"2025-11-09T18:17:07","guid":{"rendered":"https:\/\/www.europesays.com\/lv\/44425\/"},"modified":"2025-11-09T18:17:07","modified_gmt":"2025-11-09T18:17:07","slug":"diskusija-par-stambulas-konvenciju-atbalsojas-kremla-narativi","status":"publish","type":"post","link":"https:\/\/www.europesays.com\/lv\/44425\/","title":{"rendered":"Diskusij\u0101 par Stambulas konvenciju atbalsojas Krem\u013ca narat\u012bvi"},"content":{"rendered":"<p>Apgalvojumi, ka konvencija m\u0113\u0123ina uzspiest k\u0101du sve\u0161u ideolo\u0123iju, izskan ar\u012b cit\u0101s Austrumeiropas valst\u012bs, nor\u0101da re\u0123iona politikas p\u0113tniece.<\/p>\n<p>Kop\u0161 diktators Vladimirs Putins 2012.gad\u0101 atgriez\u0101s pie varas, viens no vi\u0146a politikas st\u016brakme\u0146iem ir tradicion\u0101l\u0101s v\u0113rt\u012bbas. To past\u0101v\u012bgi izmanto k\u0101 argumentu, lai izceltu Krievijas varen\u012bbu un mor\u0101lo p\u0101r\u0101kumu. \u012apa\u0161i asi Krem\u013ca saimnieks v\u0113rsies pret seksu\u0101laj\u0101m minorit\u0101t\u0113m. 2013.gad\u0101 Krievij\u0101 ieviesa anti-homoseksu\u0101l\u0101s propagandas likumu, faktiski aizliedzot run\u0101t par viendzimuma laul\u012bbu un homoseksu\u0101lu cilv\u0113ku ties\u012bb\u0101m, bet 2023.gad\u0101 Augst\u0101k\u0101 tiesa Krievij\u0101 starptautisko LGBTQ kust\u012bbu pasludin\u0101ja par ekstr\u0113mistu organiz\u0101ciju.<\/p>\n<p>Krievijas politiku jau gadiem p\u0113ta Andris Kudors. Lai ar\u012b vi\u0146\u0161 piekr\u012bt, ka narat\u012bvi ir l\u012bdz\u012bgi, Kudors atbalsta Latvijas izst\u0101\u0161anos no Stambulas konvencijas, un nedom\u0101, ka l\u0113mumu ietekm\u0113jusi Krievijas propaganda.<\/p>\n<p>Dezinform\u0101cijas p\u0113tnieks Hir\u0161s nor\u0101da, ka nov\u0113rojamais trends ir b\u012bstams. Sa\u0161\u0137elt\u012bba un haoss rada labv\u0113l\u012bgu augsni radik\u0101l\u0101ku ideju aktualiz\u0113\u0161anai, jo da\u013ca sabiedr\u012bbas pret t\u0101m jau b\u016bs k\u013cuvusi uz\u0146\u0113m\u012bg\u0101ka.<\/p>\n<p>Tas var b\u016bt, piem\u0113ram, jaut\u0101jums par aborta aizliegumu. Saeimas deput\u0101ti no Latvija Pirmaj\u0101 viet\u0101 un Nacion\u0101l\u0101s Apvien\u012bbas pirms da\u017e\u0101m ned\u0113\u013c\u0101m jau rosin\u0101ja izmai\u0146as likum\u0101 attiec\u012bb\u0101 uz abortu veik\u0161anu, ievie\u0161ot j\u0113dzienu- nedzimus\u012b dz\u012bv\u012bba. Tie var b\u016bt ar\u012b \u0101rvalstu a\u0123entu likumi vai migr\u0101cijas jaut\u0101jums. To visu Krievija var izmantot, lai att\u0101lin\u0101tu Latviju no Rietumu sabiedrotajiem un ievilkt sav\u0101 intere\u0161u zon\u0101.<\/p>\n<p>P\u0113tnieki ar\u012b uzsver: tas, ka \u0161\u0101di narat\u012bvi izplat\u0101s pamat\u0101 tikai Krievijai tuvu eso\u0161\u0101s valst\u012bs saist\u0101ms ar v\u0113sturisko att\u012bst\u012bbu. Rietumu un Dienvideiropas valst\u012bs \u0161\u0101das idejas vairs neizsauc tik asu sabiedr\u012bbas reakcija, jo tur par tiem diskut\u0113ja pirms gadu desmitiem.<\/p>\n","protected":false},"excerpt":{"rendered":"Apgalvojumi, ka konvencija m\u0113\u0123ina uzspiest k\u0101du sve\u0161u ideolo\u0123iju, izskan ar\u012b cit\u0101s Austrumeiropas valst\u012bs, nor\u0101da re\u0123iona politikas p\u0113tniece. Kop\u0161&hellip;\n","protected":false},"author":2,"featured_media":44426,"comment_status":"","ping_status":"","sticky":false,"template":"","format":"standard","meta":{"footnotes":""},"categories":[12],"tags":[23,28,29,32,33,22,11056,30,31,35,39,38,36,37,34,40,20,26,27,141,2023,24,25,21],"class_list":{"0":"post-44425","1":"post","2":"type-post","3":"status-publish","4":"format-standard","5":"has-post-thumbnail","7":"category-latvija","8":"tag-aktualitates","9":"tag-breaking-news","10":"tag-breakingnews","11":"tag-featured-news","12":"tag-featurednews","13":"tag-headlines","14":"tag-kremlis","15":"tag-latest-news","16":"tag-latestnews","17":"tag-latvia","18":"tag-latvian","19":"tag-latviesu","20":"tag-latviesu-valoda","21":"tag-latviesuvaloda","22":"tag-latvija","23":"tag-lv","24":"tag-news","25":"tag-popularakas-zinas","26":"tag-popularakaszinas","27":"tag-saeima","28":"tag-stambulas-konvencija","29":"tag-top-stories","30":"tag-topstories","31":"tag-zinas"},"share_on_mastodon":{"url":"https:\/\/pubeurope.com\/@lv\/115521116213392876","error":""},"_links":{"self":[{"href":"https:\/\/www.europesays.com\/lv\/wp-json\/wp\/v2\/posts\/44425","targetHints":{"allow":["GET"]}}],"collection":[{"href":"https:\/\/www.europesays.com\/lv\/wp-json\/wp\/v2\/posts"}],"about":[{"href":"https:\/\/www.europesays.com\/lv\/wp-json\/wp\/v2\/types\/post"}],"author":[{"embeddable":true,"href":"https:\/\/www.europesays.com\/lv\/wp-json\/wp\/v2\/users\/2"}],"replies":[{"embeddable":true,"href":"https:\/\/www.europesays.com\/lv\/wp-json\/wp\/v2\/comments?post=44425"}],"version-history":[{"count":0,"href":"https:\/\/www.europesays.com\/lv\/wp-json\/wp\/v2\/posts\/44425\/revisions"}],"wp:featuredmedia":[{"embeddable":true,"href":"https:\/\/www.europesays.com\/lv\/wp-json\/wp\/v2\/media\/44426"}],"wp:attachment":[{"href":"https:\/\/www.europesays.com\/lv\/wp-json\/wp\/v2\/media?parent=44425"}],"wp:term":[{"taxonomy":"category","embeddable":true,"href":"https:\/\/www.europesays.com\/lv\/wp-json\/wp\/v2\/categories?post=44425"},{"taxonomy":"post_tag","embeddable":true,"href":"https:\/\/www.europesays.com\/lv\/wp-json\/wp\/v2\/tags?post=44425"}],"curies":[{"name":"wp","href":"https:\/\/api.w.org\/{rel}","templated":true}]}}