{"id":44433,"date":"2025-11-09T18:23:12","date_gmt":"2025-11-09T18:23:12","guid":{"rendered":"https:\/\/www.europesays.com\/lv\/44433\/"},"modified":"2025-11-09T18:23:12","modified_gmt":"2025-11-09T18:23:12","slug":"sestdien-celu-satiksmes-negadijumos-cietusi-devini-cilveki-piekerti-vairaki-dzerajsoferi","status":"publish","type":"post","link":"https:\/\/www.europesays.com\/lv\/44433\/","title":{"rendered":"Sestdien ce\u013cu satiksmes negad\u012bjumos cietu\u0161i devi\u0146i cilv\u0113ki; pie\u0137erti vair\u0101ki dz\u0113r\u0101j\u0161oferi"},"content":{"rendered":"<p>Aizvad\u012btaj\u0101 diennakt\u012b ce\u013cu satiksmes negad\u012bjumos Latvij\u0101 cietu\u0161i devi\u0146i cilv\u0113ki, 10 \u0161oferi pie\u0137erti alkohola reibuma, bet viens narkotiku ietekm\u0113, liecina <a rel=\"noopener nofollow\" target=\"_blank\" href=\"https:\/\/www.delfi.lv\/temas\/37822391\/valsts-policija\" tag-id=\"37822391\">Valsts policijas<\/a> apkopot\u0101 inform\u0101cija.<\/p>\n<p>Asto\u0146os gad\u012bjumos dz\u0113r\u0101j\u0161oferu organism\u0101 alkohola koncentr\u0101cija bija virs 1,5 promil\u0113m vai ar\u012b vi\u0146i \u0161\u0101d\u0101 st\u0101vokl\u012b bija s\u0113du\u0161ies pie st\u016bres bez transportl\u012bdzek\u013ca vad\u012b\u0161anas ties\u012bb\u0101m, vai ar\u012b izrais\u012bju\u0161i av\u0101riju. Par \u0161\u0101diem likuma p\u0101rk\u0101pumiem ir paredz\u0113ta krimin\u0101latbild\u012bba, t\u0101pat k\u0101 par s\u0113\u0161anos pie st\u016bres narkotisko vielu ietekm\u0113. Savuk\u0101rt divi no sestdien pie\u0137ertajiem transportl\u012bdzek\u013cu vad\u012bt\u0101jiem dz\u0113rum\u0101 tiku\u0161i cauri ar administrat\u012bv\u0101 p\u0101rk\u0101puma protokolu, kas noz\u012bm\u0113, ka vi\u0146u organism\u0101 alkohola koncentr\u0101cija nep\u0101rsniedza 1,5 promiles.<\/p>\n<p class=\"m-0\">Seko &#8220;Delfi&#8221; ar\u012b  <a target=\"_blank\" href=\"https:\/\/www.instagram.com\/delfi.lv\/\" rel=\"nofollow noopener\">Instagram<\/a>  un <a target=\"_blank\" href=\"https:\/\/www.youtube.com\/channel\/UCw5foWtcJvAbUm64rv7jwUQ\" rel=\"nofollow noopener\">YouTube<\/a>  profil\u0101 \u2013 pievienojies, lai uzzin\u0101tu svar\u012bg\u0101ko un interesant\u0101ko pirmais!<\/p>\n<p>Publik\u0101cijas saturs vai t\u0101s jebk\u0101da apjoma da\u013ca ir aizsarg\u0101ts autorties\u012bbu objekts Autorties\u012bbu likuma izpratn\u0113, un t\u0101 izmanto\u0161ana bez izdev\u0113ja at\u013caujas ir aizliegta. Vair\u0101k lasi  <a target=\"_blank\" href=\"https:\/\/www.delfi.lv\/noteikumi#autortiesibas\" rel=\"nofollow noopener\">\u0161eit<\/a><script async src=\"\/\/www.instagram.com\/embed.js\"><\/script><\/p>\n","protected":false},"excerpt":{"rendered":"Aizvad\u012btaj\u0101 diennakt\u012b ce\u013cu satiksmes negad\u012bjumos Latvij\u0101 cietu\u0161i devi\u0146i cilv\u0113ki, 10 \u0161oferi pie\u0137erti alkohola reibuma, bet viens narkotiku ietekm\u0113,&hellip;\n","protected":false},"author":2,"featured_media":44434,"comment_status":"","ping_status":"","sticky":false,"template":"","format":"standard","meta":{"footnotes":""},"categories":[12],"tags":[23,28,29,32,33,22,30,31,35,39,38,36,37,34,40,20,26,27,24,25,138,21],"class_list":{"0":"post-44433","1":"post","2":"type-post","3":"status-publish","4":"format-standard","5":"has-post-thumbnail","7":"category-latvija","8":"tag-aktualitates","9":"tag-breaking-news","10":"tag-breakingnews","11":"tag-featured-news","12":"tag-featurednews","13":"tag-headlines","14":"tag-latest-news","15":"tag-latestnews","16":"tag-latvia","17":"tag-latvian","18":"tag-latviesu","19":"tag-latviesu-valoda","20":"tag-latviesuvaloda","21":"tag-latvija","22":"tag-lv","23":"tag-news","24":"tag-popularakas-zinas","25":"tag-popularakaszinas","26":"tag-top-stories","27":"tag-topstories","28":"tag-valsts-policija","29":"tag-zinas"},"share_on_mastodon":{"url":"https:\/\/pubeurope.com\/@lv\/115521139727640252","error":""},"_links":{"self":[{"href":"https:\/\/www.europesays.com\/lv\/wp-json\/wp\/v2\/posts\/44433","targetHints":{"allow":["GET"]}}],"collection":[{"href":"https:\/\/www.europesays.com\/lv\/wp-json\/wp\/v2\/posts"}],"about":[{"href":"https:\/\/www.europesays.com\/lv\/wp-json\/wp\/v2\/types\/post"}],"author":[{"embeddable":true,"href":"https:\/\/www.europesays.com\/lv\/wp-json\/wp\/v2\/users\/2"}],"replies":[{"embeddable":true,"href":"https:\/\/www.europesays.com\/lv\/wp-json\/wp\/v2\/comments?post=44433"}],"version-history":[{"count":0,"href":"https:\/\/www.europesays.com\/lv\/wp-json\/wp\/v2\/posts\/44433\/revisions"}],"wp:featuredmedia":[{"embeddable":true,"href":"https:\/\/www.europesays.com\/lv\/wp-json\/wp\/v2\/media\/44434"}],"wp:attachment":[{"href":"https:\/\/www.europesays.com\/lv\/wp-json\/wp\/v2\/media?parent=44433"}],"wp:term":[{"taxonomy":"category","embeddable":true,"href":"https:\/\/www.europesays.com\/lv\/wp-json\/wp\/v2\/categories?post=44433"},{"taxonomy":"post_tag","embeddable":true,"href":"https:\/\/www.europesays.com\/lv\/wp-json\/wp\/v2\/tags?post=44433"}],"curies":[{"name":"wp","href":"https:\/\/api.w.org\/{rel}","templated":true}]}}