{"id":44437,"date":"2025-11-09T18:26:06","date_gmt":"2025-11-09T18:26:06","guid":{"rendered":"https:\/\/www.europesays.com\/lv\/44437\/"},"modified":"2025-11-09T18:26:06","modified_gmt":"2025-11-09T18:26:06","slug":"robezsardze-rsu-volejbolisti-baltijas-ligas-spele-piekapjas-parnu-tv3-lv","status":"publish","type":"post","link":"https:\/\/www.europesays.com\/lv\/44437\/","title":{"rendered":"\u201cRobe\u017esardze\u201d\/RSU volejbolisti Baltijas l\u012bgas sp\u0113l\u0113 piek\u0101pjas \u201cParnu\u201d &#8211; tv3.lv"},"content":{"rendered":"<ol>\n<li><a href=\"https:\/\/news.google.com\/rss\/articles\/CBMinwFBVV95cUxOX05XMjUwYWc4WU5lUFoteHQ0T2xUakhDTDBCSkZURThpZGFCaV8yZWVKTXNfQ05rZTNmU1MwM1FKeXg1OU1jcXBnd25TVjNTYkdEQkkyV0J6OENzNW1SdVM4RGNYWjhIX04tb3hOYV9IQmM1WWwzb2ZPbW80UmlkS2FxM0t3dEszYm1NSmhkdGRtR2s4N3JUalBOQWpuMFU?oc=5\" target=\"_blank\" rel=\"nofollow noopener\">\u201cRobe\u017esardze\u201d\/RSU volejbolisti Baltijas l\u012bgas sp\u0113l\u0113 piek\u0101pjas \u201cParnu\u201d<\/a>&nbsp;&nbsp;tv3.lv<\/li>\n<li><a href=\"https:\/\/news.google.com\/rss\/articles\/CBMiogFBVV95cUxOZy1ERmh6NzVqbG1heHNYN3ZaT2V5aXhHdDA1OHNocmJIN2VndDV3ajh0d1dhYTRwcjJYQTdBWFZTd0ZvbkVKYlNKci1XY3ZVVUFISG40Skg5dk1QRE10WXB3eXNlRUpOREg2RWRWRTdYUmVRN1BPQWM0YWJGbXFFcHliLXZrcHZ6U0ZEWDFPSVo0YjJjLVVySm5XYTI4b2RUUVE?oc=5\" target=\"_blank\" rel=\"nofollow noopener\">P\u0113rnavie\u0161i apsp\u0113l\u0113 r\u012bdziniekus, nostiprinoties Baltijas l\u012bgas virsotn\u0113 \u2013 Volejbols<\/a>&nbsp;&nbsp;Sportacentrs.com<\/li>\n<li><a href=\"https:\/\/news.google.com\/rss\/articles\/CBMinwFBVV95cUxOYk1iQkZISmNUYWRSOW8wNUs4MjJjZTNEOE42MGRBZEZ0MUR1SW94amZQSlp5eUswRFoxeXZkOE9QNVpKWE5vMWh1WGVNM1ltVEdUeVZSRnZMTjdYVjdaYy1QOC11M2JOVk40bFl5VHl1d2o4VXhXaHRzRVZ1bjNuNmhhbEZuMEMzWTJmeUJOOFdXT0dKU0ZOQThhVzVILTg?oc=5\" target=\"_blank\" rel=\"nofollow noopener\">&#8220;Robe\u017esardze&#8221;\/RSU volejbolisti Baltijas l\u012bg\u0101 zaud\u0113 P\u0113rnavas komandai<\/a>&nbsp;&nbsp;TVNET Sports<\/li>\n<li><a href=\"https:\/\/news.google.com\/rss\/articles\/CBMihAFBVV95cUxPdXFmRXNpTGZncGVuNHVPNEtPN2Nia0JQeVVsb2xEQ1o1ME4xOXV0VHdLdjRBTmw5RFVqcTh1dG04OGRlMWZIaEhmM21GWE42VEdjRmxycXJEQVhDbVU1aW5aQ3NzNXZpa0VtY3Nodk9qZ3dFZ0NBMGVjLVg4OUFRNy1KOTA?oc=5\" target=\"_blank\" rel=\"nofollow noopener\">&#8220;Ezerzeme\/DU&#8221; zaud\u0113jums \u0160au\u013cos Baltijas l\u012bgas sp\u0113l\u0113<\/a>&nbsp;&nbsp;Sportazinas.com<\/li>\n<li><a href=\"https:\/\/news.google.com\/rss\/articles\/CBMi1gFBVV95cUxQR3JMd2FjOXU5Y0Q4TEM2VEJ2TkZreXgtSE80RVNMcFZSTTZxbDF5Tl9lRkN1VmFJdjJhQVZXaGpBYkl3NXJ5dUJ4YWNJT3h2aGM3dGtXd0RnUUwxR2k3cU1vTzBYcDl1Y0YxTVFrdWZnNi1NZkhILWlaZTYxR2dNVUtIYVBISlR5dGt2TnE1RVpDRnFHaFNuOHpfX0VyUW1hTC1wQWR4WnpTOURURVdxVVJtNkxrWjBGY0RWTUVKOEdUNDBENmd1Yl95djVIQzNSSEFEWi1B?oc=5\" target=\"_blank\" rel=\"nofollow noopener\">Baltijas volejbola l\u012bga: &#8220;Ezerzeme&#8221;\/DU viesosies \u0160au\u013cos, &#8220;Robe\u017esardze&#8221;\/RSU sp\u0113l\u0113s P\u0113rnav\u0101<\/a>&nbsp;&nbsp;Lente.lv<\/li>\n<\/ol>\n","protected":false},"excerpt":{"rendered":"\u201cRobe\u017esardze\u201d\/RSU volejbolisti Baltijas l\u012bgas sp\u0113l\u0113 piek\u0101pjas \u201cParnu\u201d&nbsp;&nbsp;tv3.lv P\u0113rnavie\u0161i apsp\u0113l\u0113 r\u012bdziniekus, nostiprinoties Baltijas l\u012bgas virsotn\u0113 \u2013 Volejbols&nbsp;&nbsp;Sportacentrs.com &#8220;Robe\u017esardze&#8221;\/RSU volejbolisti&hellip;\n","protected":false},"author":2,"featured_media":44438,"comment_status":"","ping_status":"","sticky":false,"template":"","format":"standard","meta":{"footnotes":""},"categories":[17],"tags":[35,39,38,36,37,34,40,67,1208],"class_list":{"0":"post-44437","1":"post","2":"type-post","3":"status-publish","4":"format-standard","5":"has-post-thumbnail","7":"category-sports","8":"tag-latvia","9":"tag-latvian","10":"tag-latviesu","11":"tag-latviesu-valoda","12":"tag-latviesuvaloda","13":"tag-latvija","14":"tag-lv","15":"tag-sports","16":"tag-volejbols"},"share_on_mastodon":{"url":"https:\/\/pubeurope.com\/@lv\/115521151478472269","error":""},"_links":{"self":[{"href":"https:\/\/www.europesays.com\/lv\/wp-json\/wp\/v2\/posts\/44437","targetHints":{"allow":["GET"]}}],"collection":[{"href":"https:\/\/www.europesays.com\/lv\/wp-json\/wp\/v2\/posts"}],"about":[{"href":"https:\/\/www.europesays.com\/lv\/wp-json\/wp\/v2\/types\/post"}],"author":[{"embeddable":true,"href":"https:\/\/www.europesays.com\/lv\/wp-json\/wp\/v2\/users\/2"}],"replies":[{"embeddable":true,"href":"https:\/\/www.europesays.com\/lv\/wp-json\/wp\/v2\/comments?post=44437"}],"version-history":[{"count":0,"href":"https:\/\/www.europesays.com\/lv\/wp-json\/wp\/v2\/posts\/44437\/revisions"}],"wp:featuredmedia":[{"embeddable":true,"href":"https:\/\/www.europesays.com\/lv\/wp-json\/wp\/v2\/media\/44438"}],"wp:attachment":[{"href":"https:\/\/www.europesays.com\/lv\/wp-json\/wp\/v2\/media?parent=44437"}],"wp:term":[{"taxonomy":"category","embeddable":true,"href":"https:\/\/www.europesays.com\/lv\/wp-json\/wp\/v2\/categories?post=44437"},{"taxonomy":"post_tag","embeddable":true,"href":"https:\/\/www.europesays.com\/lv\/wp-json\/wp\/v2\/tags?post=44437"}],"curies":[{"name":"wp","href":"https:\/\/api.w.org\/{rel}","templated":true}]}}