{"id":44445,"date":"2025-11-09T18:36:19","date_gmt":"2025-11-09T18:36:19","guid":{"rendered":"https:\/\/www.europesays.com\/lv\/44445\/"},"modified":"2025-11-09T18:36:19","modified_gmt":"2025-11-09T18:36:19","slug":"ups-lidmasinai-atdalas-dzinejs-pacelsanas-bridi-vairaki-bojagajusie-lente-lv","status":"publish","type":"post","link":"https:\/\/www.europesays.com\/lv\/44445\/","title":{"rendered":"UPS lidma\u0161\u012bnai atdal\u0101s dzin\u0113js pacel\u0161an\u0101s br\u012bd\u012b; vair\u0101ki boj\u0101g\u0101ju\u0161ie\u00a0\u2014\u00a0Lente.lv"},"content":{"rendered":"<p>Tra\u0123\u0113dija virs Kentuki: UPS kravas lidma\u0161\u012bnai nogal\u0113 nolai\u0161an\u0101s br\u012bd\u012b atdal\u0101s dzin\u0113js<\/p>\n<p>Kentuki \u0161tata starptautiskaj\u0101 lidost\u0101 notikusi satrauco\u0161a aviokatastrofa, kad UPS MD-11 kravas lidma\u0161\u012bna, neilgi p\u0113c pacel\u0161an\u0101s, piedz\u012bvojusi tra\u0123isku av\u0101riju. Aculiecinieku uz\u0146emtajos videoierakstos redzams, k\u0101 lidma\u0161\u012bnas dzin\u0113js atdal\u0101s gais\u0101, izraisot milz\u012bgu ugunsgr\u0113ku un izpostot apk\u0101rt\u0113jo teritoriju. Negad\u012bjum\u0101 boj\u0101 g\u0101ju\u0161i visi tr\u012bs lidma\u0161\u012bnas apkalpes locek\u013ci, un kop\u0113jais upuru skaits ir v\u0113l liel\u0101ks, jo av\u0101rija sk\u0101rusi ar\u012b r\u016bpniecisk\u0101s zonas tuvum\u0101, kur atrodas UPS glob\u0101lais lo\u0123istikas centrs Worldport. Lidosta tika sl\u0113gta, un notikuma vieta p\u0101rv\u0113rt\u0101s par liesmojo\u0161u katastrofu.<\/p>\n<p>\u0160\u012b posto\u0161\u0101 av\u0101rija ir likusi satiksmes dro\u0161\u012bbas iest\u0101d\u0113m vis\u0101 pasaul\u0113 r\u012bkoties nekav\u0113joties. Feder\u0101l\u0101 avi\u0101cijas administr\u0101cija (FAA) ir izdevusi \u0101rk\u0101rtas gaisa ku\u0123u lidojumu aizliegumu MD-11 tipa lidma\u0161\u012bn\u0101m, pieprasot r\u016bp\u012bgu inspekciju pirms turpm\u0101kiem lidojumiem. \u0160is pas\u0101kums veikts p\u0113c ra\u017eot\u0101ja Boeing ieteikuma, kas pats ir s\u0101cis izmekl\u0113\u0161anu, lai noskaidrotu negad\u012bjuma c\u0113lo\u0146us. Gan UPS, gan FedEx, kas ir liel\u0101kie MD-11 kravas lidma\u0161\u012bnu operatori, ir br\u012bvpr\u0101t\u012bgi aptur\u0113ju\u0161as visu \u0161\u0101da tipa lidapar\u0101tu ekspluat\u0101ciju sav\u0101s flot\u0113s, par\u0101dot savu ap\u0146em\u0161anos nodro\u0161in\u0101t pasa\u017eieru un apk\u0101rt\u0113jo kopienu dro\u0161\u012bbu.<\/p>\n<p>Negad\u012bjuma detaliz\u0113t\u0101 izmekl\u0113\u0161ana ir uzs\u0101kta, un Nacion\u0101l\u0101 transporta dro\u0161\u012bbas padome (NTSB) vada izmekl\u0113\u0161anu. S\u0101kotn\u0113jie dati liecina, ka pirms katastrofas lidma\u0161\u012bnas pilots kab\u012bn\u0113 dzird\u0113jis br\u012bdin\u0101juma sign\u0101lu, un tad sekoju\u0161as dramatiskas 25 sekundes, kuru laik\u0101 apkalpe centusies saglab\u0101t kontroli p\u0101r lidapar\u0101tu, kam\u0113r tas jau bija zaud\u0113jis vienu dzin\u0113ju un uz\u0146\u0113mis liesmas. Ir zin\u0101ms, ka \u0161\u012b konkr\u0113t\u0101 lidma\u0161\u012bna, kas ra\u017eota 1991. gad\u0101, pirms av\u0101rijas izg\u0101jusi ilgsto\u0161u apkopi k\u0101d\u0101 no Sanantonio lidost\u0101m. NTSB pl\u0101no publiskot s\u0101kotn\u0113jo izmekl\u0113\u0161anas zi\u0146ojumu aptuveni 30 dienu laik\u0101, sniedzot skaidr\u0101ku priek\u0161statu par notiku\u0161\u0101 apst\u0101k\u013ciem.<\/p>\n<p>\u0160\u012b tra\u0123\u0113dija ir rad\u012bjusi pla\u0161as sekas ne tikai avi\u0101cijas nozar\u0113, bet ar\u012b glob\u0101laj\u0101 tirdzniec\u012bb\u0101. FedEx un UPS ir noz\u012bm\u012bgi sp\u0113l\u0113t\u0101ji pre\u010du p\u0101rvad\u0101jumu \u0137\u0113d\u0113 vis\u0101 pasaul\u0113, apkalpojot lielus mazumtirgot\u0101jus, ra\u017eot\u0101jus un citas biznesa strukt\u016bras. Lidapar\u0101tu flot\u012b\u0161u aptur\u0113\u0161ana var rad\u012bt iev\u0113rojamas kav\u0113\u0161an\u0101s un trauc\u0113jumus pieg\u0101des \u0137\u0113d\u0113s, kam var b\u016bt t\u0101lejo\u0161as ekonomisk\u0101s sekas. Pasaules liel\u0101k\u0101s mazumtirdzniec\u012bbas komp\u0101nijas, piem\u0113ram, Amazon.com, ir tie\u0161i atkar\u012bgas no \u0161o p\u0101rvad\u0101t\u0101ju pakalpojumiem.<\/p>\n","protected":false},"excerpt":{"rendered":"Tra\u0123\u0113dija virs Kentuki: UPS kravas lidma\u0161\u012bnai nogal\u0113 nolai\u0161an\u0101s br\u012bd\u012b atdal\u0101s dzin\u0113js Kentuki \u0161tata starptautiskaj\u0101 lidost\u0101 notikusi satrauco\u0161a aviokatastrofa,&hellip;\n","protected":false},"author":2,"featured_media":44446,"comment_status":"","ping_status":"","sticky":false,"template":"","format":"standard","meta":{"footnotes":""},"categories":[5],"tags":[23,8112,28,29,12507,32,33,22,12506,30,31,35,39,38,36,37,34,1199,40,20,26,27,24,25,12505,21],"class_list":{"0":"post-44445","1":"post","2":"type-post","3":"status-publish","4":"format-standard","5":"has-post-thumbnail","7":"category-aktualitates","8":"tag-aktualitates","9":"tag-aviokatastrofa","10":"tag-breaking-news","11":"tag-breakingnews","12":"tag-dzineja-atdalisanas","13":"tag-featured-news","14":"tag-featurednews","15":"tag-headlines","16":"tag-kentuki","17":"tag-latest-news","18":"tag-latestnews","19":"tag-latvia","20":"tag-latvian","21":"tag-latviesu","22":"tag-latviesu-valoda","23":"tag-latviesuvaloda","24":"tag-latvija","25":"tag-lidmasinas-avarija","26":"tag-lv","27":"tag-news","28":"tag-popularakas-zinas","29":"tag-popularakaszinas","30":"tag-top-stories","31":"tag-topstories","32":"tag-ups-md-11","33":"tag-zinas"},"share_on_mastodon":{"url":"https:\/\/pubeurope.com\/@lv\/115521190897527109","error":""},"_links":{"self":[{"href":"https:\/\/www.europesays.com\/lv\/wp-json\/wp\/v2\/posts\/44445","targetHints":{"allow":["GET"]}}],"collection":[{"href":"https:\/\/www.europesays.com\/lv\/wp-json\/wp\/v2\/posts"}],"about":[{"href":"https:\/\/www.europesays.com\/lv\/wp-json\/wp\/v2\/types\/post"}],"author":[{"embeddable":true,"href":"https:\/\/www.europesays.com\/lv\/wp-json\/wp\/v2\/users\/2"}],"replies":[{"embeddable":true,"href":"https:\/\/www.europesays.com\/lv\/wp-json\/wp\/v2\/comments?post=44445"}],"version-history":[{"count":0,"href":"https:\/\/www.europesays.com\/lv\/wp-json\/wp\/v2\/posts\/44445\/revisions"}],"wp:featuredmedia":[{"embeddable":true,"href":"https:\/\/www.europesays.com\/lv\/wp-json\/wp\/v2\/media\/44446"}],"wp:attachment":[{"href":"https:\/\/www.europesays.com\/lv\/wp-json\/wp\/v2\/media?parent=44445"}],"wp:term":[{"taxonomy":"category","embeddable":true,"href":"https:\/\/www.europesays.com\/lv\/wp-json\/wp\/v2\/categories?post=44445"},{"taxonomy":"post_tag","embeddable":true,"href":"https:\/\/www.europesays.com\/lv\/wp-json\/wp\/v2\/tags?post=44445"}],"curies":[{"name":"wp","href":"https:\/\/api.w.org\/{rel}","templated":true}]}}