{"id":44492,"date":"2025-11-09T19:37:06","date_gmt":"2025-11-09T19:37:06","guid":{"rendered":"https:\/\/www.europesays.com\/lv\/44492\/"},"modified":"2025-11-09T19:37:06","modified_gmt":"2025-11-09T19:37:06","slug":"opera-satiksies-ar-musdienu-muziku-lente-lv-4","status":"publish","type":"post","link":"https:\/\/www.europesays.com\/lv\/44492\/","title":{"rendered":"opera satiksies ar m\u016bsdienu m\u016bziku\u00a0\u2014\u00a0Lente.lv"},"content":{"rendered":"<p>Grandiozi Koncerti R\u012bg\u0101: Opera Satiksies Ar M\u016bsdienu M\u016bziku Sv. P\u0101vila Bazn\u012bc\u0101<\/p>\n<p>R\u012bgas Sv\u0113t\u0101 P\u0101vila eva\u0146\u0123\u0113liski luteriskaj\u0101 bazn\u012bc\u0101 septembra beig\u0101s gaid\u0101mi divi izcili muzik\u0101li notikumi, kas sol\u0101s p\u0101rsteigt un iepriecin\u0101t pat vispras\u012bg\u0101kos klaus\u012bt\u0101jus. Koncertprogramma &#8220;T\u0101 ir OPERA&#8221; pied\u0101v\u0101s unik\u0101lu iesp\u0113ju baud\u012bt pasaules klasisk\u0101s operas \u0161edevrus jaun\u0101, aizraujo\u0161\u0101 skan\u0113jum\u0101, kas organiski sav\u012bsies ar m\u016bsdienu m\u016bzikas elementiem. Pateicoties augstajai interesei, paredz\u0113ts pat papildu koncerts, apliecinot publikas v\u0113lmi atkl\u0101t operm\u016bziku jaun\u0101 un pieejam\u0101 form\u0101t\u0101. \u0160ie pas\u0101kumi ir k\u0101 tilts starp paaudz\u0113m un m\u016bzikas stiliem, radot neaizmirstamu pieredzi gan operm\u016bzikas cien\u012bt\u0101jiem, gan ar\u012b tiem, kuri ar \u0161o \u017eanru iepriek\u0161 nav biju\u0161i \u012bpa\u0161i paz\u012bstami. T\u0101 ir iesp\u0113ja izbaud\u012bt operas dv\u0113selisko dzi\u013cumu un emocion\u0101lo sp\u0113ku jaun\u0101, elpu aizraujo\u0161\u0101 interpret\u0101cij\u0101.<\/p>\n<p>M\u016bzikas Dialogs: No Klasisk\u0101s Operas Di\u017eenuma L\u012bdz M\u016bsdienu Ikoniem<\/p>\n<p>Konceptu\u0101li veidot\u0101 programma &#8220;T\u0101 ir OPERA&#8221; aicina klaus\u012bt\u0101jus uz muzik\u0101lu ce\u013cojumu, kur\u0101 klasisk\u0101s operas di\u017e\u0101k\u0101s \u0101rijas un lirisk\u0101k\u0101s melodijas sastapsies ar m\u016bsdienu est\u0113tikas ietekm\u0113tiem ska\u0146darbiem. Programm\u0101 iek\u013cauti izcil\u0101kie fragmenti no t\u0101du komponistu k\u0101 Biz\u0113 un Verdi darbiem, papildin\u0101ti ar m\u016bsdienu m\u0101kslinieku, piem\u0113ram, Andrea Bo\u010delli, Laras Fabi\u0101nas un Emmas \u0160aplinas, iedvesmot\u0101m kompoz\u012bcij\u0101m. \u0160\u0101ds neparasts salikums ne vien pie\u0161\u0137ir koncertam svaigumu un aktualit\u0101ti, bet ar\u012b \u013cauj izjust operas neatk\u0101rtojamo emocion\u0101lo dzi\u013cumu un univers\u0101lo cilv\u0113cisko paties\u012bbu pavisam jaun\u0101 veidol\u0101. Tas ir k\u0101 dv\u0113selisks dialogs starp gadsimtiem, kas pier\u0101da, ka opera sp\u0113j b\u016bt gan dzi\u013ci emocion\u0101la, gan ar\u012b p\u0101rsteidzo\u0161i moderna.<\/p>\n<p>Latvijas Operas Zvaigznes un Virtuozu Pavad\u012bjums<\/p>\n<p>Par koncerta augsto m\u0101ksliniecisko kvalit\u0101ti un neaizmirstamo sniegumu r\u016bp\u0113sies spo\u017e\u0101kie Latvijas m\u016bzi\u0137i. Uz skatuves k\u0101ps Latvijas Nacion\u0101l\u0101s operas pr\u012bma, sopr\u0101ns J\u016blija Vasi\u013cjeva, kuras vok\u0101l\u0101 meistar\u012bba, muzik\u0101lais j\u016bt\u012bgums un iespaid\u012bgais skatuves t\u0113ls ir iekarojis skat\u012bt\u0101ju sirdis vis\u0101 Eirop\u0101 un pasaul\u0113. Vi\u0146ai pievienosies talant\u012bgais Latvijas Nacion\u0101l\u0101s operas solists, tenors Raimonds Bramanis, kur\u0161 ir ar\u012b presti\u017e\u0101s &#8220;Latvijas G\u0101ze&#8221; Gada balvas Operai laure\u0101ts. Brama\u0146a valdzino\u0161\u0101, sirsn\u012bg\u0101 un sp\u0113c\u012bg\u0101 tenora balss izce\u013cas gan lirisk\u0101s, gan dramatisk\u0101s lom\u0101s, un vi\u0146\u0161 ir uzst\u0101jies daudzu Eiropas valstu skatuv\u0113s.<\/p>\n<p>Muzik\u0101lo pavad\u012bjumu nodro\u0161in\u0101s augsti profesion\u0101li m\u016bzi\u0137i: pieredz\u0113ju\u0161ais pianists M\u0101ris \u017dagars, kur\u0161 ir koncert\u0113jis 21 pasaules valst\u012b un ir J\u0101zepa V\u012btola Latvijas M\u016bzikas akad\u0113mijas pieaicin\u0101tais doc\u0113t\u0101js. Vi\u0146am pievienosies Latvijas Nacion\u0101l\u0101s operas un baleta or\u0137estra v\u0113rt\u012bgais solists, vijolnieks Gidons Gr\u012bnbergs, starptautiski atz\u012bt\u0101 \u010delliste Irina Vi\u013ceg\u017ea\u0146ina, Maskavas konservatorijas absolvente, un sitaminstrument\u0101liste Vird\u017e\u012bnija Laube-V\u012bti\u0146a, kas ir ar\u012b Latvijas Nacion\u0101l\u0101 operas un or\u0137estra &#8220;R\u012bga&#8221; sast\u0101v\u0101. \u0160o m\u0101kslinieku kop\u0113j\u0101 muzic\u0113\u0161ana rad\u012bs harmonisku un bag\u0101t\u012bgu ska\u0146u pasauli, kas lieliski sader\u0113s ar Sv\u0113t\u0101 P\u0101vila bazilikas unik\u0101lo akustiku un svin\u012bgo atmosf\u0113ru.<\/p>\n<p>Sv\u0113tku Atmosf\u0113ra un Neaizmirstama M\u016bzikas Pieredze<\/p>\n<p>Koncerti notiks R\u012bgas Sv\u0113t\u0101 P\u0101vila eva\u0146\u0123\u0113liski luteriskaj\u0101 bazn\u012bc\u0101 26. un 27. septembr\u012b plkst. 19:00. \u0160\u012b majest\u0101tisk\u0101 celtne ar savu arhitektonisko varen\u012bbu un unik\u0101lo akustiku rad\u012bs \u012bpa\u0161u telpu, kur\u0101 m\u016bzika skan\u0113s v\u0113l iespaid\u012bg\u0101k. Silt\u0101 sve\u010du gaisma un dievnama svin\u012bg\u0101 atmosf\u0113ra \u013caus klaus\u012bt\u0101jiem piln\u012bb\u0101 iegremd\u0113ties m\u0101kslas pasaul\u0113 un izbaud\u012bt katru ska\u0146darba niansi. \u0160ie pas\u0101kumi ir ne tikai augstas kvalit\u0101tes muzik\u0101la izklaide, bet ar\u012b dzi\u013c\u0161 est\u0113tisks un intelektu\u0101ls baud\u012bjums, kas paredz\u0113ts pla\u0161am klaus\u012bt\u0101ju lokam.<\/p>\n","protected":false},"excerpt":{"rendered":"Grandiozi Koncerti R\u012bg\u0101: Opera Satiksies Ar M\u016bsdienu M\u016bziku Sv. P\u0101vila Bazn\u012bc\u0101 R\u012bgas Sv\u0113t\u0101 P\u0101vila eva\u0146\u0123\u0113liski luteriskaj\u0101 bazn\u012bc\u0101 septembra&hellip;\n","protected":false},"author":2,"featured_media":44493,"comment_status":"","ping_status":"","sticky":false,"template":"","format":"standard","meta":{"footnotes":""},"categories":[19],"tags":[89,90,5286,2017,35,39,38,36,37,34,40,10794,2638,5285],"class_list":{"0":"post-44492","1":"post","2":"type-post","3":"status-publish","4":"format-standard","5":"has-post-thumbnail","7":"category-izklaide","8":"tag-entertainment","9":"tag-izklaide","10":"tag-julija-vasiljeva","11":"tag-koncerti","12":"tag-latvia","13":"tag-latvian","14":"tag-latviesu","15":"tag-latviesu-valoda","16":"tag-latviesuvaloda","17":"tag-latvija","18":"tag-lv","19":"tag-musdienu-muzika","20":"tag-opera","21":"tag-rigas-sv-pavila-baznica"},"share_on_mastodon":{"url":"https:\/\/pubeurope.com\/@lv\/115521430704331861","error":""},"_links":{"self":[{"href":"https:\/\/www.europesays.com\/lv\/wp-json\/wp\/v2\/posts\/44492","targetHints":{"allow":["GET"]}}],"collection":[{"href":"https:\/\/www.europesays.com\/lv\/wp-json\/wp\/v2\/posts"}],"about":[{"href":"https:\/\/www.europesays.com\/lv\/wp-json\/wp\/v2\/types\/post"}],"author":[{"embeddable":true,"href":"https:\/\/www.europesays.com\/lv\/wp-json\/wp\/v2\/users\/2"}],"replies":[{"embeddable":true,"href":"https:\/\/www.europesays.com\/lv\/wp-json\/wp\/v2\/comments?post=44492"}],"version-history":[{"count":0,"href":"https:\/\/www.europesays.com\/lv\/wp-json\/wp\/v2\/posts\/44492\/revisions"}],"wp:featuredmedia":[{"embeddable":true,"href":"https:\/\/www.europesays.com\/lv\/wp-json\/wp\/v2\/media\/44493"}],"wp:attachment":[{"href":"https:\/\/www.europesays.com\/lv\/wp-json\/wp\/v2\/media?parent=44492"}],"wp:term":[{"taxonomy":"category","embeddable":true,"href":"https:\/\/www.europesays.com\/lv\/wp-json\/wp\/v2\/categories?post=44492"},{"taxonomy":"post_tag","embeddable":true,"href":"https:\/\/www.europesays.com\/lv\/wp-json\/wp\/v2\/tags?post=44492"}],"curies":[{"name":"wp","href":"https:\/\/api.w.org\/{rel}","templated":true}]}}