{"id":44497,"date":"2025-11-09T19:53:11","date_gmt":"2025-11-09T19:53:11","guid":{"rendered":"https:\/\/www.europesays.com\/lv\/44497\/"},"modified":"2025-11-09T19:53:11","modified_gmt":"2025-11-09T19:53:11","slug":"kas-latvija-darits-lai-istenotu-stambulas-konvenciju","status":"publish","type":"post","link":"https:\/\/www.europesays.com\/lv\/44497\/","title":{"rendered":"Kas Latvij\u0101 dar\u012bts, lai \u012bstenotu Stambulas konvenciju"},"content":{"rendered":"<p>\u0160\u0101 gada oktobra vid\u016b v\u012brietis noslepkavoja sievieti, izdarot vair\u0101kus sitienus ar cietu, trulu priek\u0161metu. P\u0113c tam \u2013 no\u0161\u0101vies pats. Policij\u0101 v\u0113l notiek izmekl\u0113\u0161ana, t\u0101p\u0113c notiku\u0161\u0101 apst\u0101k\u013ci pa\u0161reiz netiek atkl\u0101ti.<\/p>\n<p>P\u0113d\u0113jie \u201cEurostat\u201d dati pieejami par 2023. gadu, kad Latvija tikai pievienoj\u0101s konvencijai. Tie liecina \u2013 Latvija ir l\u012bdere melnaj\u0101 noslepkavoto sievie\u0161u statistik\u0101 starp vis\u0101m Eiropas valst\u012bm. Proti, min\u0113taj\u0101 laik\u0101 bija 19 t\u012b\u0161as sievie\u0161u slepkav\u012bbas, ko izdar\u012bja \u0123imenes locek\u013ci vai int\u012bmie partneri.<\/p>\n<p>Iemeslu izst\u0101ties no konvencijas neredz Valsts policijas priek\u0161nieks Armands Ruks. \u201cDati ir nepiel\u016bdzami. M\u0113s redzam, ka ar\u012b konvencij\u0101 nor\u0101d\u012btais, ka \u012bpa\u0161i z\u0113nu, v\u012brie\u0161u izgl\u012bto\u0161ana un attieksmes mai\u0146a sabiedr\u012bb\u0101 \u2013 tas ir tas, ko nosaka \u0161\u012b konvencija attiec\u012bb\u0101 uz vardarb\u012bbas nov\u0113r\u0161anu. Nu tas sakr\u012bt ar datiem, tom\u0113r 85% un pat vair\u0101k varm\u0101kas ir v\u012brie\u0161i. M\u0113s esam spiesti to atz\u012bt. To pier\u0101da dati,\u201d uzsv\u0113ra Armands Ruks.<\/p>\n<p>Visas atbild\u012bg\u0101s iest\u0101des uzskaita \u2013 pusotra gada laik\u0101, kop\u0161 vardarb\u012bbas nov\u0113r\u0161anas konvencija ir st\u0101jusies sp\u0113k\u0101, Latvij\u0101 ir veikti vair\u0101ki noz\u012bm\u012bgi so\u013ci \u2013 gan likumu sak\u0101rto\u0161an\u0101, gan to izpild\u0113. Kop\u0161 p\u0113rn\u0101 gada j\u016blija par cietsird\u012bbu un vardarb\u012bbu pret tuvinieku paredz\u0113ta krimin\u0101latbild\u012bba. P\u0113rn par to s\u0101kti 228 krimin\u0101lprocesi, \u0161ogad devi\u0146os m\u0113ne\u0161os \u2013 236. Kop\u0161 \u0161\u012b gada j\u016blija pret varm\u0101ku k\u0101 dro\u0161\u012bbas l\u012bdzekli var piem\u0113rot elektronisko uzraudz\u012bbu, \u013caujot izsekot vi\u0146a p\u0101rvieto\u0161anos.<\/p>\n<p>Gandr\u012bz gads ir pag\u0101jis, kop\u0161 iestr\u0101d\u0101ts jauns likuma pants par seksu\u0101lu uzm\u0101k\u0161anos. Te s\u0101kti 79 administrat\u012bvo p\u0101rk\u0101pumu procesi, no tiem 43 gad\u012bjumos jau ir piem\u0113rots naudas sods. \u201cEs dzird\u0113ju tik daudz argumentu no Saeimas deput\u0101tiem par to, ka priek\u0161 kam mums tas ir vajadz\u012bgs, tad jau nevar\u0113s meiteni pasaukt randi\u0146\u0101 vai nevar\u0113s uzaicin\u0101t dejot. (..) Es var\u0113ju pacelt roku un pateikt, ka mums ir Stambulas konvencijas 40. pants un tu saproti, ka saruna s\u0101k virz\u012bties nevis par to, vai mums visp\u0101r vajag defin\u0113t seksu\u0101lo uzm\u0101k\u0161anos \u2013 ok, vajag, bet k\u0101 m\u0113s padar\u012bsim \u0161o likumu maksim\u0101li labu, efekt\u012bvu, lai tas ietver visus iesp\u0113jamos uzm\u0101k\u0161an\u0101s veidus, formas. Un t\u0101 bija \u0161\u012bs konvencijas uzvara,\u201d sac\u012bja \u201cCentra Marta\u201d Intere\u0161u aizst\u0101v\u012bbas noda\u013cas vad\u012bt\u0101ja Beata Jon\u012bte.<\/p>\n","protected":false},"excerpt":{"rendered":"\u0160\u0101 gada oktobra vid\u016b v\u012brietis noslepkavoja sievieti, izdarot vair\u0101kus sitienus ar cietu, trulu priek\u0161metu. P\u0113c tam \u2013 no\u0161\u0101vies&hellip;\n","protected":false},"author":2,"featured_media":44498,"comment_status":"","ping_status":"","sticky":false,"template":"","format":"standard","meta":{"footnotes":""},"categories":[12],"tags":[23,12517,28,29,685,12518,32,33,22,30,31,35,39,38,36,37,34,4519,12516,40,20,26,27,504,2023,24,25,6144,21],"class_list":{"0":"post-44497","1":"post","2":"type-post","3":"status-publish","4":"format-standard","5":"has-post-thumbnail","7":"category-latvija","8":"tag-aktualitates","9":"tag-beata-jonite","10":"tag-breaking-news","11":"tag-breakingnews","12":"tag-de-facto","13":"tag-dzimumu-lidztiesiba","14":"tag-featured-news","15":"tag-featurednews","16":"tag-headlines","17":"tag-latest-news","18":"tag-latestnews","19":"tag-latvia","20":"tag-latvian","21":"tag-latviesu","22":"tag-latviesu-valoda","23":"tag-latviesuvaloda","24":"tag-latvija","25":"tag-likumdosana","26":"tag-likumu-grozijumi","27":"tag-lv","28":"tag-news","29":"tag-popularakas-zinas","30":"tag-popularakaszinas","31":"tag-seksuala-vardarbiba","32":"tag-stambulas-konvencija","33":"tag-top-stories","34":"tag-topstories","35":"tag-vardarbiba-pret-sievietem","36":"tag-zinas"},"share_on_mastodon":{"url":"https:\/\/pubeurope.com\/@lv\/115521493567809045","error":""},"_links":{"self":[{"href":"https:\/\/www.europesays.com\/lv\/wp-json\/wp\/v2\/posts\/44497","targetHints":{"allow":["GET"]}}],"collection":[{"href":"https:\/\/www.europesays.com\/lv\/wp-json\/wp\/v2\/posts"}],"about":[{"href":"https:\/\/www.europesays.com\/lv\/wp-json\/wp\/v2\/types\/post"}],"author":[{"embeddable":true,"href":"https:\/\/www.europesays.com\/lv\/wp-json\/wp\/v2\/users\/2"}],"replies":[{"embeddable":true,"href":"https:\/\/www.europesays.com\/lv\/wp-json\/wp\/v2\/comments?post=44497"}],"version-history":[{"count":0,"href":"https:\/\/www.europesays.com\/lv\/wp-json\/wp\/v2\/posts\/44497\/revisions"}],"wp:featuredmedia":[{"embeddable":true,"href":"https:\/\/www.europesays.com\/lv\/wp-json\/wp\/v2\/media\/44498"}],"wp:attachment":[{"href":"https:\/\/www.europesays.com\/lv\/wp-json\/wp\/v2\/media?parent=44497"}],"wp:term":[{"taxonomy":"category","embeddable":true,"href":"https:\/\/www.europesays.com\/lv\/wp-json\/wp\/v2\/categories?post=44497"},{"taxonomy":"post_tag","embeddable":true,"href":"https:\/\/www.europesays.com\/lv\/wp-json\/wp\/v2\/tags?post=44497"}],"curies":[{"name":"wp","href":"https:\/\/api.w.org\/{rel}","templated":true}]}}