{"id":44506,"date":"2025-11-09T20:07:11","date_gmt":"2025-11-09T20:07:11","guid":{"rendered":"https:\/\/www.europesays.com\/lv\/44506\/"},"modified":"2025-11-09T20:07:11","modified_gmt":"2025-11-09T20:07:11","slug":"organizatori-komente-skandalu-par-gaidamo-limp-bizkit-koncertu-igaunija","status":"publish","type":"post","link":"https:\/\/www.europesays.com\/lv\/44506\/","title":{"rendered":"Organizatori koment\u0113 skand\u0101lu par gaid\u0101mo &#8220;Limp Bizkit&#8221; koncertu Igaunij\u0101"},"content":{"rendered":"<p>Koncerts pl\u0101nots n\u0101kam\u0101 gada 31. maij\u0101.<\/p>\n<p>Igaunijas \u0101rlietu ministrs Marguss Cahkna jau nosod\u012bjis koncerta r\u012bko\u0161anu un paudis, ka Krievijas agresijas atbalst\u012bt\u0101ji Igaunij\u0101 nav gaid\u012bti.<\/p>\n<p>Koncerta organizatori savuk\u0101rt skaidro, ka D\u0113rsta atbalsts Krievijai ir 10 gadus sena pag\u0101tne un grupa p\u0113d\u0113jos gados regul\u0101ri uzst\u0101jas Eirop\u0101.<\/p>\n<p>Igau\u0146u medijs &#8220;Rus.postimees.ee&#8221; ir public\u0113jis organizatoru atbildi:<\/p>\n<p>&#8220;M\u0113s, k\u0101 organizatori, zin\u0101j\u0101m, ka <a href=\"https:\/\/www.apollo.lv\/term\/21348\/limp-bizkit\" class=\"topicLink\" target=\"_blank\" rel=\"nofollow noopener\">Limp Bizkit<\/a> vok\u0101lists Freds D\u0113rsts 2015. gada koncert\u0101 Krim\u0101 nesa baltu plak\u0101tu ar uzrakstu &#8220;Krima = Krievija, un m\u0113s nosod\u0101m \u0161\u012b nepaties\u0101 apgalvojuma izplat\u012b\u0161anu. Mums nav cita skaidrojuma tam, k\u0101 vien tas, ka tolaik (pirms 2019. gada) Freds D\u0113rsts bija prec\u0113jies ar krievieti no Krimas un ac\u012bmredzot bija pak\u013cauts sagroz\u012btai inform\u0101cijas videi.&#8221;<\/p>\n<p>Inform\u0101cija liecina, ka kop\u0161 2022. gada m\u0101kslinieks nav paudis nek\u0101dus uzskatus, kas slavin\u0101tu Krieviju vai attaisnotu agres\u012bvu karu (pat netie\u0161i). M\u0101kslinieki bie\u017ei uzrun\u0101 savu starptautisko auditoriju soci\u0101lajos medijos, t\u0101p\u0113c neuzskata par probl\u0113mu, ka p\u0113d\u0113jo desmit gadu laik\u0101 Limp Bizkit ir uzrun\u0101jis ar\u012b Krievijas auditoriju.<\/p>\n<p>&#8220;L-tips agency&#8221; valdes loceklis <a href=\"https:\/\/www.apollo.lv\/term\/811825\/gints-putnins\" class=\"topicLink\" target=\"_blank\" rel=\"nofollow noopener\">Gints Putni\u0146\u0161<\/a> prognoz\u0113ja, ka \u0161\u0101du gad\u012bjumu var\u0113tu k\u013c\u016bt arvien vair\u0101k, it \u012bpa\u0161i saist\u012bb\u0101 ar m\u0101ksliniekiem no Amerikas, kuri bie\u017ei vien visai virspus\u0113ji seko l\u012bdzi politiskajiem notikumiem Eirop\u0101 un ar\u012b neuztver tos tik saasin\u0101ti k\u0101 m\u0113s Baltijas valst\u012bs. Ne vienm\u0113r r\u012bkot\u0101jiem ir pieejama ar\u012b piln\u012bga inform\u0101cija par vi\u0146u pag\u0101tnes gait\u0101m un nost\u0101ju.<\/p>\n","protected":false},"excerpt":{"rendered":"Koncerts pl\u0101nots n\u0101kam\u0101 gada 31. maij\u0101. Igaunijas \u0101rlietu ministrs Marguss Cahkna jau nosod\u012bjis koncerta r\u012bko\u0161anu un paudis, ka&hellip;\n","protected":false},"author":2,"featured_media":44014,"comment_status":"","ping_status":"","sticky":false,"template":"","format":"standard","meta":{"footnotes":""},"categories":[19],"tags":[89,12405,73,90,12407,35,39,38,36,37,34,12406,40],"class_list":{"0":"post-44506","1":"post","2":"type-post","3":"status-publish","4":"format-standard","5":"has-post-thumbnail","7":"category-izklaide","8":"tag-entertainment","9":"tag-gints-putnins","10":"tag-igaunija","11":"tag-izklaide","12":"tag-krimas-aneksija","13":"tag-latvia","14":"tag-latvian","15":"tag-latviesu","16":"tag-latviesu-valoda","17":"tag-latviesuvaloda","18":"tag-latvija","19":"tag-limp-bizkit","20":"tag-lv"},"share_on_mastodon":{"url":"https:\/\/pubeurope.com\/@lv\/115521548622125371","error":""},"_links":{"self":[{"href":"https:\/\/www.europesays.com\/lv\/wp-json\/wp\/v2\/posts\/44506","targetHints":{"allow":["GET"]}}],"collection":[{"href":"https:\/\/www.europesays.com\/lv\/wp-json\/wp\/v2\/posts"}],"about":[{"href":"https:\/\/www.europesays.com\/lv\/wp-json\/wp\/v2\/types\/post"}],"author":[{"embeddable":true,"href":"https:\/\/www.europesays.com\/lv\/wp-json\/wp\/v2\/users\/2"}],"replies":[{"embeddable":true,"href":"https:\/\/www.europesays.com\/lv\/wp-json\/wp\/v2\/comments?post=44506"}],"version-history":[{"count":0,"href":"https:\/\/www.europesays.com\/lv\/wp-json\/wp\/v2\/posts\/44506\/revisions"}],"wp:featuredmedia":[{"embeddable":true,"href":"https:\/\/www.europesays.com\/lv\/wp-json\/wp\/v2\/media\/44014"}],"wp:attachment":[{"href":"https:\/\/www.europesays.com\/lv\/wp-json\/wp\/v2\/media?parent=44506"}],"wp:term":[{"taxonomy":"category","embeddable":true,"href":"https:\/\/www.europesays.com\/lv\/wp-json\/wp\/v2\/categories?post=44506"},{"taxonomy":"post_tag","embeddable":true,"href":"https:\/\/www.europesays.com\/lv\/wp-json\/wp\/v2\/tags?post=44506"}],"curies":[{"name":"wp","href":"https:\/\/api.w.org\/{rel}","templated":true}]}}