{"id":44605,"date":"2025-11-09T22:48:11","date_gmt":"2025-11-09T22:48:11","guid":{"rendered":"https:\/\/www.europesays.com\/lv\/44605\/"},"modified":"2025-11-09T22:48:11","modified_gmt":"2025-11-09T22:48:11","slug":"svetdien-debesis-aizklas-makoni","status":"publish","type":"post","link":"https:\/\/www.europesays.com\/lv\/44605\/","title":{"rendered":"Sv\u0113tdien debesis aizkl\u0101s m\u0101ko\u0146i"},"content":{"rendered":"<p>Sv\u0113tdien gaid\u0101ms apm\u0101cies laiks, liecina Latvijas Vides, \u0123eolo\u0123ijas un meteorolo\u0123ijas centra sinopti\u0137u prognozes.<\/p>\n<p>Dien\u0101 debesis aizkl\u0101s m\u0101ko\u0146i. Atsevi\u0161\u0137os valsts rajonos saglab\u0101sies migla, k\u0101 ar\u012b br\u012b\u017eiem dienas laik\u0101 gaid\u0101ma neliela smidzin\u0101\u0161ana. P\u016b\u0161ot l\u0113nam v\u0113jam, termometra stabi\u0146\u0161 pak\u0101psies l\u012bdz +5&#8230;+10 gr\u0101du atz\u012bmei.<\/p>\n<p>R\u012bg\u0101 laiks b\u016bs m\u0101ko\u0146ains, tom\u0113r b\u016btiski nokri\u0161\u0146i nav gaid\u0101mi. P\u016b\u0161ot l\u0113nam v\u0113jam, no r\u012bta v\u0113l saglab\u0101sies migla, d\u016bmaka. Gaisa temperat\u016bra paaugstin\u0101sies vien par da\u017eiem gr\u0101diem, gaisam iesilstot l\u012bdz +6&#8230;+7 gr\u0101diem.<\/p>\n<p><img decoding=\"async\" src=\"https:\/\/www.europesays.com\/lv\/wp-content\/uploads\/2025\/11\/f07e322064b6af25aaa5843c888ceb51.jpg\" title=\"Foto: Evija Trifanova\/LETA\" alt=\"Foto: Evija Trifanova\/LETA\"\/><\/p>\n<p class=\"article-img-desc\">Foto: Evija Trifanova\/LETA<\/p>\n","protected":false},"excerpt":{"rendered":"Sv\u0113tdien gaid\u0101ms apm\u0101cies laiks, liecina Latvijas Vides, \u0123eolo\u0123ijas un meteorolo\u0123ijas centra sinopti\u0137u prognozes. Dien\u0101 debesis aizkl\u0101s m\u0101ko\u0146i. Atsevi\u0161\u0137os&hellip;\n","protected":false},"author":2,"featured_media":44606,"comment_status":"","ping_status":"","sticky":false,"template":"","format":"standard","meta":{"footnotes":""},"categories":[5],"tags":[129,1395,3333,23,28,29,32,33,22,30,31,35,39,38,36,37,34,40,20,26,27,3334,3179,3335,3180,24,25,21],"class_list":{"0":"post-44605","1":"post","2":"type-post","3":"status-publish","4":"format-standard","5":"has-post-thumbnail","7":"category-aktualitates","8":"tag-__typenameadvicekeyword","9":"tag-id408","10":"tag-id563","11":"tag-aktualitates","12":"tag-breaking-news","13":"tag-breakingnews","14":"tag-featured-news","15":"tag-featurednews","16":"tag-headlines","17":"tag-latest-news","18":"tag-latestnews","19":"tag-latvia","20":"tag-latvian","21":"tag-latviesu","22":"tag-latviesu-valoda","23":"tag-latviesuvaloda","24":"tag-latvija","25":"tag-lv","26":"tag-news","27":"tag-popularakas-zinas","28":"tag-popularakaszinas","29":"tag-sluglaika-zina","30":"tag-slugweather","31":"tag-titlelaika-zina","32":"tag-titleweather","33":"tag-top-stories","34":"tag-topstories","35":"tag-zinas"},"share_on_mastodon":{"url":"https:\/\/pubeurope.com\/@lv\/115522181790569969","error":""},"_links":{"self":[{"href":"https:\/\/www.europesays.com\/lv\/wp-json\/wp\/v2\/posts\/44605","targetHints":{"allow":["GET"]}}],"collection":[{"href":"https:\/\/www.europesays.com\/lv\/wp-json\/wp\/v2\/posts"}],"about":[{"href":"https:\/\/www.europesays.com\/lv\/wp-json\/wp\/v2\/types\/post"}],"author":[{"embeddable":true,"href":"https:\/\/www.europesays.com\/lv\/wp-json\/wp\/v2\/users\/2"}],"replies":[{"embeddable":true,"href":"https:\/\/www.europesays.com\/lv\/wp-json\/wp\/v2\/comments?post=44605"}],"version-history":[{"count":0,"href":"https:\/\/www.europesays.com\/lv\/wp-json\/wp\/v2\/posts\/44605\/revisions"}],"wp:featuredmedia":[{"embeddable":true,"href":"https:\/\/www.europesays.com\/lv\/wp-json\/wp\/v2\/media\/44606"}],"wp:attachment":[{"href":"https:\/\/www.europesays.com\/lv\/wp-json\/wp\/v2\/media?parent=44605"}],"wp:term":[{"taxonomy":"category","embeddable":true,"href":"https:\/\/www.europesays.com\/lv\/wp-json\/wp\/v2\/categories?post=44605"},{"taxonomy":"post_tag","embeddable":true,"href":"https:\/\/www.europesays.com\/lv\/wp-json\/wp\/v2\/tags?post=44605"}],"curies":[{"name":"wp","href":"https:\/\/api.w.org\/{rel}","templated":true}]}}