{"id":44661,"date":"2025-11-10T03:04:08","date_gmt":"2025-11-10T03:04:08","guid":{"rendered":"https:\/\/www.europesays.com\/lv\/44661\/"},"modified":"2025-11-10T03:04:08","modified_gmt":"2025-11-10T03:04:08","slug":"no-amata-atkapjas-bbc-generaldirektors-pec-trampa-izteikumu-redigesanu-skandala","status":"publish","type":"post","link":"https:\/\/www.europesays.com\/lv\/44661\/","title":{"rendered":"No amata atk\u0101pjas BBC \u0123ener\u0101ldirektors p\u0113c Trampa izteikumu redi\u0123\u0113\u0161anu skand\u0101la"},"content":{"rendered":"<p>P\u0113c kritikas par maldino\u0161u Trampa izteikumu pasnieg\u0161anu raid\u012bjum\u0101 &#8220;Panorama&#8221; l\u012bdz ar Deiviju atk\u0101pusies ar\u012b BBC zi\u0146u redakcijas vad\u012bt\u0101ja Debora T\u0113rnesa.<\/p>\n<p>&#8220;K\u0101 visas sabiedrisk\u0101s organiz\u0101cijas, BBC nav perfekta, un jums vienm\u0113r j\u0101b\u016bt atkl\u0101tiem, caurskat\u0101miem un atbild\u012bgiem,&#8221; teikts BBC t\u012bmek\u013ca vietn\u0113 public\u0113taj\u0101 Deivija pazi\u0146ojum\u0101.<\/p>\n<p>&#8220;Lai gan pa\u0161reiz\u0113j\u0101s debates saist\u012bb\u0101 ar &#8220;BBC News&#8221; nav vien\u012bgais iemesls, t\u0101s, saprotams, ietekm\u0113ju\u0161as manu l\u0113mumu (..). Man j\u0101uz\u0146emas gal\u0113j\u0101 atbild\u012bba,&#8221; teikts Deivija pazi\u0146ojum\u0101.<\/p>\n<p>Pirms ned\u0113\u013cas laikraksts &#8220;The Sunday Telegraph&#8221; public\u0113ja nopludin\u0101tu iek\u0161\u0113jo memorandu, kas liecin\u0101ja par iesp\u0113jamo Trampa izteikumu redi\u0123\u0113\u0161anu.<\/p>\n<p>Iepriek\u0161 sv\u0113tdien kult\u016bras, mediju un sporta ministre Liza Nendija atzina, ka pret BBC v\u0113rst\u0101s aps\u016bdz\u012bbas ir \u0101rk\u0101rt\u012bgi nopietnas.<\/p>\n","protected":false},"excerpt":{"rendered":"P\u0113c kritikas par maldino\u0161u Trampa izteikumu pasnieg\u0161anu raid\u012bjum\u0101 &#8220;Panorama&#8221; l\u012bdz ar Deiviju atk\u0101pusies ar\u012b BBC zi\u0146u redakcijas vad\u012bt\u0101ja&hellip;\n","protected":false},"author":2,"featured_media":44662,"comment_status":"","ping_status":"","sticky":false,"template":"","format":"standard","meta":{"footnotes":""},"categories":[14],"tags":[23,57,65,28,29,1900,1901,32,33,1898,22,760,1899,90,1897,30,31,35,39,38,36,37,34,40,20,26,27,1896,67,1895,24,25,54,55,56,285,21,58],"class_list":{"0":"post-44661","1":"post","2":"type-post","3":"status-publish","4":"format-standard","5":"has-post-thumbnail","7":"category-zinas-no-arvalstim","8":"tag-aktualitates","9":"tag-arvalstim","10":"tag-auto","11":"tag-breaking-news","12":"tag-breakingnews","13":"tag-brivbridis","14":"tag-daba-un-dzivnieki","15":"tag-featured-news","16":"tag-featurednews","17":"tag-galerijas","18":"tag-headlines","19":"tag-horoskopi","20":"tag-itech","21":"tag-izklaide","22":"tag-kriminalzinas","23":"tag-latest-news","24":"tag-latestnews","25":"tag-latvia","26":"tag-latvian","27":"tag-latviesu","28":"tag-latviesu-valoda","29":"tag-latviesuvaloda","30":"tag-latvija","31":"tag-lv","32":"tag-news","33":"tag-popularakas-zinas","34":"tag-popularakaszinas","35":"tag-sieviete","36":"tag-sports","37":"tag-tava-balss","38":"tag-top-stories","39":"tag-topstories","40":"tag-world","41":"tag-world-news","42":"tag-worldnews","43":"tag-zala-dzive","44":"tag-zinas","45":"tag-zinas-no-arvalstim"},"share_on_mastodon":{"url":"","error":"Validation failed: Text character limit of 500 exceeded"},"_links":{"self":[{"href":"https:\/\/www.europesays.com\/lv\/wp-json\/wp\/v2\/posts\/44661","targetHints":{"allow":["GET"]}}],"collection":[{"href":"https:\/\/www.europesays.com\/lv\/wp-json\/wp\/v2\/posts"}],"about":[{"href":"https:\/\/www.europesays.com\/lv\/wp-json\/wp\/v2\/types\/post"}],"author":[{"embeddable":true,"href":"https:\/\/www.europesays.com\/lv\/wp-json\/wp\/v2\/users\/2"}],"replies":[{"embeddable":true,"href":"https:\/\/www.europesays.com\/lv\/wp-json\/wp\/v2\/comments?post=44661"}],"version-history":[{"count":0,"href":"https:\/\/www.europesays.com\/lv\/wp-json\/wp\/v2\/posts\/44661\/revisions"}],"wp:featuredmedia":[{"embeddable":true,"href":"https:\/\/www.europesays.com\/lv\/wp-json\/wp\/v2\/media\/44662"}],"wp:attachment":[{"href":"https:\/\/www.europesays.com\/lv\/wp-json\/wp\/v2\/media?parent=44661"}],"wp:term":[{"taxonomy":"category","embeddable":true,"href":"https:\/\/www.europesays.com\/lv\/wp-json\/wp\/v2\/categories?post=44661"},{"taxonomy":"post_tag","embeddable":true,"href":"https:\/\/www.europesays.com\/lv\/wp-json\/wp\/v2\/tags?post=44661"}],"curies":[{"name":"wp","href":"https:\/\/api.w.org\/{rel}","templated":true}]}}