{"id":44777,"date":"2025-11-10T06:24:10","date_gmt":"2025-11-10T06:24:10","guid":{"rendered":"https:\/\/www.europesays.com\/lv\/44777\/"},"modified":"2025-11-10T06:24:10","modified_gmt":"2025-11-10T06:24:10","slug":"koalicija-panak-konceptualu-vienosanos-par-2025-gada-budzetu-drosiba-gimenes-un-izglitiba-prioritates-lente-lv","status":"publish","type":"post","link":"https:\/\/www.europesays.com\/lv\/44777\/","title":{"rendered":"Koal\u012bcija pan\u0101k konceptu\u0101lu vieno\u0161anos par 2025. gada bud\u017eetu: dro\u0161\u012bba, \u0123imenes un izgl\u012bt\u012bba priorit\u0101tes &#8211; Lente.lv"},"content":{"rendered":"<ol>\n<li><a href=\"https:\/\/news.google.com\/rss\/articles\/CBMi8AFBVV95cUxPel9oV2tzTWhYSjQ1YnB3dzF2amRScWd2R3ozX2VlREZWRlBmQlRPblR0WFhKOUV5bnhnSWwtZ2xPTXFoN05VS21POVpucGtnamlKa0xScG43bE1UbEhaVTBmcGQ2SGI5Z1luVU1XZkxxOFVNTVp0RUFURmlyM1FLcUlwbTdzNlc2czJyS2hLcFF5WnJhM2k0WHdRNWlrZkFmOGhyMmhHTWpqTG9hN0JKTklwNUNlZkpiUVBfYldXNXItbmQxYURaMXNIQkU2ZElScUg4ZkkzVTJxX0ZsSjFBMnJzZS1Ya3FfTktlWDlGRzQ?oc=5\" target=\"_blank\" rel=\"nofollow noopener\">Koal\u012bcija pan\u0101k konceptu\u0101lu vieno\u0161anos par 2025. gada bud\u017eetu: dro\u0161\u012bba, \u0123imenes un izgl\u012bt\u012bba priorit\u0101tes<\/a>&nbsp;&nbsp;Lente.lv<\/li>\n<li><a href=\"https:\/\/news.google.com\/rss\/articles\/CBMisAFBVV95cUxPeTl5SUtPU3l1OXBNMUp0M3NPTEZNckhqRmswX3hGNWhMTkRIdkZlSUhscUhYY3JLMFVyZ3BvNTU5TFp1S0g2elVNX0ZDZjdaN1dSRzllVHVnalRlV3FJZ2JfNzI3R2twN19OX1NHSnR2QTdsRFhqeWQ4Q2pnMUFJTUJiNEM2WDRFeXRGdW1uZUtzQURLZXdYN3FHa1ZRdEJyb3B0WnBtdEtmMUpvZmFqbA?oc=5\" target=\"_blank\" rel=\"nofollow noopener\">N\u0101kam\u0101 gada bud\u017eet\u0101 vardarb\u012bb\u0101 cietu\u0161o atbalstam rosina novirz\u012bt 1,2 miljonus eiro<\/a>&nbsp;&nbsp;TVNET<\/li>\n<li><a href=\"https:\/\/news.google.com\/rss\/articles\/CBMirAFBVV95cUxNcjIyTzdaREYzdlUycVdJT0c5SE5xOEtUWVdZR0ljVGp0Mmw2Y3R3QUJFdUxRR0J6aEN0X3BGQUF5NEVJWWhESHN2ZkZNQzRJdURjaTFoNUJHR2JZT2tpY29OenpUcUhzVXVYNGgxVVB5bzFkZFJZdG5nUUMtQTM5cTNzcTFoRnEwMjMzUW9MNDRuSGZRNjlXV2wyeDhoZVdsZ0lYejUtV01zREhV?oc=5\" target=\"_blank\" rel=\"nofollow noopener\">2026. gada valsts bud\u017eeta projektam sa\u0146emti vair\u0101k nek\u0101 450 priek\u0161likumi<\/a>&nbsp;&nbsp;Jauns.lv<\/li>\n<li><a href=\"https:\/\/news.google.com\/rss\/articles\/CBMikAFBVV95cUxOSTUwVUNweW1xYm85eWl1S0xnXzQxV0g1cDljR01wMUJvQmxlQU81cVlrZDIzUEJtaUZaOUxzeEQxd0ktd19IeFlWSC1CcVBELXN2NlQtMFphOGZ4dTFUVm9KdGZ6SlFuRXFLbldIRzh6NFQ0UnJpWmctM0M0ZkpOZzBjLW9GcDJhLW1vZ1RIWk4?oc=5\" target=\"_blank\" rel=\"nofollow noopener\">N\u0101kamgad Saeimas izdevumus pl\u0101no 40,5 miljonu eiro apm\u0113r\u0101<\/a>&nbsp;&nbsp;Apollo.lv<\/li>\n<li><a href=\"https:\/\/news.google.com\/rss\/articles\/CBMijwJBVV95cUxNNnpJTUhIaldQX0QtQk9xY3l3VEhoVEJkNFFHeTNTczVYZDNBUzhwNXVlcjJOVEE0SG80c0FITWJ1SVg1TkpLLTFCdHBfbnFDWHN0cHhlT2p0UV9nc1RBYkVUUzFlRllabEN0WFhGMGFpQTJSTlRtX3pfWnlhYzVXRlppNXlIVmg5RkxXQlRlY0hRbWJMdzJmclRGX1pwbHo4V0VMaDVlRnNuVzFsN2NzU1NISUZSZ0tQYWY1cEtJM01UM0FKak5wWHJiV3FHZnFUUzhpZl8zaEN2WE9VOFg3WUZsbm85OVhfQkM5b0ZTdVdzZFUyVmV6S3VXelZBZlB4elRmQ2hUbk04by1rZ1ow?oc=5\" target=\"_blank\" rel=\"nofollow noopener\">Liel\u0101ki t\u0113ri\u0146i aizsardz\u012bbai, augst\u0101ki nodok\u013ci, defic\u012bts virs 3% no IKP \u2013 Saeima konceptu\u0101li atbalsta 2026. gada valsts bud\u017eetu<\/a>&nbsp;&nbsp;LSM<\/li>\n<\/ol>\n","protected":false},"excerpt":{"rendered":"Koal\u012bcija pan\u0101k konceptu\u0101lu vieno\u0161anos par 2025. gada bud\u017eetu: dro\u0161\u012bba, \u0123imenes un izgl\u012bt\u012bba priorit\u0101tes&nbsp;&nbsp;Lente.lv N\u0101kam\u0101 gada bud\u017eet\u0101 vardarb\u012bb\u0101 cietu\u0161o&hellip;\n","protected":false},"author":2,"featured_media":44778,"comment_status":"","ping_status":"","sticky":false,"template":"","format":"standard","meta":{"footnotes":""},"categories":[5],"tags":[23,2765,28,29,12594,32,33,22,12595,30,31,35,39,38,36,37,34,40,20,26,27,9387,24,25,12596,21],"class_list":{"0":"post-44777","1":"post","2":"type-post","3":"status-publish","4":"format-standard","5":"has-post-thumbnail","7":"category-aktualitates","8":"tag-aktualitates","9":"tag-atbalsts-gimenem","10":"tag-breaking-news","11":"tag-breakingnews","12":"tag-budzets-2025","13":"tag-featured-news","14":"tag-featurednews","15":"tag-headlines","16":"tag-koalicijas-vienosanas","17":"tag-latest-news","18":"tag-latestnews","19":"tag-latvia","20":"tag-latvian","21":"tag-latviesu","22":"tag-latviesu-valoda","23":"tag-latviesuvaloda","24":"tag-latvija","25":"tag-lv","26":"tag-news","27":"tag-popularakas-zinas","28":"tag-popularakaszinas","29":"tag-pvn-partikai","30":"tag-top-stories","31":"tag-topstories","32":"tag-valsts-drosiba","33":"tag-zinas"},"share_on_mastodon":{"url":"https:\/\/pubeurope.com\/@lv\/115523974797106367","error":""},"_links":{"self":[{"href":"https:\/\/www.europesays.com\/lv\/wp-json\/wp\/v2\/posts\/44777","targetHints":{"allow":["GET"]}}],"collection":[{"href":"https:\/\/www.europesays.com\/lv\/wp-json\/wp\/v2\/posts"}],"about":[{"href":"https:\/\/www.europesays.com\/lv\/wp-json\/wp\/v2\/types\/post"}],"author":[{"embeddable":true,"href":"https:\/\/www.europesays.com\/lv\/wp-json\/wp\/v2\/users\/2"}],"replies":[{"embeddable":true,"href":"https:\/\/www.europesays.com\/lv\/wp-json\/wp\/v2\/comments?post=44777"}],"version-history":[{"count":0,"href":"https:\/\/www.europesays.com\/lv\/wp-json\/wp\/v2\/posts\/44777\/revisions"}],"wp:featuredmedia":[{"embeddable":true,"href":"https:\/\/www.europesays.com\/lv\/wp-json\/wp\/v2\/media\/44778"}],"wp:attachment":[{"href":"https:\/\/www.europesays.com\/lv\/wp-json\/wp\/v2\/media?parent=44777"}],"wp:term":[{"taxonomy":"category","embeddable":true,"href":"https:\/\/www.europesays.com\/lv\/wp-json\/wp\/v2\/categories?post=44777"},{"taxonomy":"post_tag","embeddable":true,"href":"https:\/\/www.europesays.com\/lv\/wp-json\/wp\/v2\/tags?post=44777"}],"curies":[{"name":"wp","href":"https:\/\/api.w.org\/{rel}","templated":true}]}}