{"id":44808,"date":"2025-11-10T06:55:08","date_gmt":"2025-11-10T06:55:08","guid":{"rendered":"https:\/\/www.europesays.com\/lv\/44808\/"},"modified":"2025-11-10T06:55:08","modified_gmt":"2025-11-10T06:55:08","slug":"aicinajums-pardomam-un-ieksejai-harmonijai-lente-lv","status":"publish","type":"post","link":"https:\/\/www.europesays.com\/lv\/44808\/","title":{"rendered":"Aicin\u0101jums P\u0101rdom\u0101m un Iek\u0161\u0113jai Harmonijai\u00a0\u2014\u00a0Lente.lv"},"content":{"rendered":"<p>Sv\u0113tdienas Harmonija: Aicin\u0101jums Apst\u0101ties un Ieklaus\u012bties Sev<\/p>\n<p>\u0160\u012b sv\u0113tdiena, 9. novembris, nes sev l\u012bdzi \u012bpa\u0161u aicin\u0101jumu \u2013 apst\u0101ties, dzi\u013ci elpot un pasludin\u0101t mieru sav\u0101 sird\u012b. T\u0101 ir diena, kas mudina m\u016bs nevis uz strauju r\u012bc\u012bbu, bet gan uz iek\u0161\u0113ju harmoniju un klusumu. \u0160aj\u0101 dien\u0101 zvaigznes iesaka vair\u0101k piev\u0113rst uzman\u012bbu klusajai sarunai ar sevi, nek\u0101 ska\u013ciem v\u0101rdiem un str\u012bdiem. Savstarp\u0113j\u0101 sapratne un iek\u0161\u0113jais l\u012bdzsvars ir t\u0101s v\u0113rt\u012bbas, kas \u0161odien izvirz\u0101s priek\u0161pl\u0101n\u0101, pal\u012bdzot mums saskat\u012bt harmoniju pat visvienk\u0101r\u0161\u0101kaj\u0101s liet\u0101s.<\/p>\n<p>Atkl\u0101jiet L\u012bdzsvara Sp\u0113ku Sav\u0101 Ikdien\u0101<\/p>\n<p>P\u0113c aizvad\u012bt\u0101s ned\u0113\u013cas ros\u012bg\u0101s ikdienas, sv\u0113tdiena pied\u0101v\u0101 iesp\u0113ju atg\u016bt l\u012bdzsvaru un sak\u0101rtot savu iek\u0161\u0113jo pasauli. T\u0101 ir k\u0101 gl\u0101sto\u0161a elpa, kas \u013cauj apzin\u0101ties sevi un nov\u0113rt\u0113t dz\u012bves vienk\u0101r\u0161os priekus. Lai gan m\u016bsdienu straujaj\u0101 pasaul\u0113 bie\u017ei vien j\u016btamies k\u0101 v\u0101veres riten\u012b, apzinoties savas saj\u016btas un domas, m\u0113s varam veidot vesel\u012bg\u0101ku l\u012bdzsvaru. Atcerieties, ka iek\u0161\u0113jais l\u012bdzsvars ir k\u0101 sp\u0113c\u012bgs pamats, uz kura balst\u0101s m\u016bsu laime un sp\u0113ja tikt gal\u0101 ar dz\u012bves izaicin\u0101jumiem. Tas veidojas nevis emociju apsl\u0101p\u0113\u0161an\u0101, bet gan t\u0101s pie\u0146em\u0161an\u0101 ar mieru un sapratni. \u0160odien ir \u012bpa\u0161i piem\u0113rots br\u012bdis, lai pal\u0113nin\u0101tu tempu, \u013caujot notikumiem rit\u0113t sav\u0101 gait\u0101, nevis tur\u0113ties pie t\u0101, kas vairs nav aktu\u0101ls. \u0160\u012bs klus\u0101s p\u0101rmai\u0146as, kas nenotiek uzreiz redzami, laika gait\u0101 piepild\u012bs ikdienu ar mieru.<\/p>\n<p>Vakara Klusums un M\u012b\u013coto Siltums<\/p>\n<p>K\u0101 vakara nosl\u0113dzo\u0161\u0101 da\u013ca, zvaigznes iesaka apzin\u0101ti izsl\u0113gt \u0101r\u0113jo troksni un raiz\u0113m piln\u0101s domas, dodot priek\u0161roku mieram un klusumam. \u0160\u012b ir ide\u0101la diena, lai velt\u012btu laiku saviem m\u012b\u013cajiem, radot un stiprinot savstarp\u0113j\u0101s saites. Lai gan \u0161\u012b sv\u0113tdiena var \u0161\u0137ist nedaudz miglaina un nosl\u0113pumaina, \u012bpa\u0161i attiec\u012bb\u0101 uz uztic\u0113\u0161anos un cilv\u0113ku nov\u0113rt\u0113jumu, m\u0113\u0123iniet nesaskat\u012bt nosl\u0113pumus tur, kur to nav. Nav nepiecie\u0161ams visu t\u016bl\u012bt interpret\u0113t; br\u012b\u017eiem pietiek vienk\u0101r\u0161i v\u0113rot notieko\u0161o k\u0101 kinolentes skat\u012bt\u0101js. Vakars ar dz\u012bvesdraugu var k\u013c\u016bt par vienu no skaist\u0101kajiem, atg\u0101dinot par attiec\u012bbu s\u0101kuma siltumu un prieku. Romantisk\u0101s attiec\u012bbas \u0161odien pie\u0161\u0137irs spilgtas emocijas, un j\u016bsu \u012bpa\u0161\u012bbas nes\u012bs apk\u0101rt\u0113jo atzin\u012bbu un cie\u0146u. Tuvinieku atbalsts b\u016bs \u012bpa\u0161i noz\u012bm\u012bgs, pal\u012bdzot gan jums, gan vi\u0146iem tikt gal\u0101 ar ikdienas liet\u0101m un izvair\u012bties no konfliktu saasin\u0101\u0161an\u0101s. Centieties tos risin\u0101t mier\u012bg\u0101 ce\u013c\u0101, mekl\u0113jot kop\u012bgus m\u0113r\u0137us, nevis sacens\u012bbu.<\/p>\n<p>Zodiaka Z\u012bmju Akcenti 9. Novembr\u012b<\/p>\n<p>Lai gan sv\u0113tdiena kopum\u0101 aicina uz mieru un iek\u0161\u0113ju harmoniju, katrai zodiaka z\u012bmei zvaigznes nes savus \u012bpa\u0161os akcentus. Lauvas var sagaid\u012bt p\u0101rsteigumus no tuvinieku r\u012bc\u012bbas, saj\u016btot prieku no apk\u0101rt\u0113jo atbalsta un uzlabojot savu materi\u0101lo st\u0101vokli. Jaunav\u0101m \u0161\u012b diena sol\u0101s b\u016bt pozit\u012bvi satrauco\u0161a, ar iesp\u0113ju uzlabot savu garast\u0101vokli un sa\u0146emt atzin\u012bbu. Str\u0113lniekiem \u0161\u012b diena pied\u0101v\u0101 prieku un iesp\u0113ju stiprin\u0101t romantisk\u0101s attiec\u012bbas, kas atg\u0101din\u0101s par attiec\u012bbu s\u0101kuma silt\u0101kajiem mirk\u013ciem. Kopum\u0101 \u0161\u012b sv\u0113tdiena ir k\u0101 mier\u012bgs un harmonisks br\u012bdis, kas \u013cauj mums atsl\u0113gties no ikdienas steigas, atrast iek\u0161\u0113jo l\u012bdzsvaru un nov\u0113rt\u0113t dz\u012bves vienk\u0101r\u0161os, bet v\u0113rt\u012bgos mirk\u013cus.<\/p>\n","protected":false},"excerpt":{"rendered":"Sv\u0113tdienas Harmonija: Aicin\u0101jums Apst\u0101ties un Ieklaus\u012bties Sev \u0160\u012b sv\u0113tdiena, 9. novembris, nes sev l\u012bdzi \u012bpa\u0161u aicin\u0101jumu \u2013 apst\u0101ties,&hellip;\n","protected":false},"author":2,"featured_media":44809,"comment_status":"","ping_status":"","sticky":false,"template":"","format":"standard","meta":{"footnotes":""},"categories":[19],"tags":[12599,89,12601,562,12600,90,35,39,38,36,37,34,40,6663],"class_list":{"0":"post-44808","1":"post","2":"type-post","3":"status-publish","4":"format-standard","5":"has-post-thumbnail","7":"category-izklaide","8":"tag-9-novembris","9":"tag-entertainment","10":"tag-harmonija","11":"tag-horoskops","12":"tag-ieksejais-lidzsvars","13":"tag-izklaide","14":"tag-latvia","15":"tag-latvian","16":"tag-latviesu","17":"tag-latviesu-valoda","18":"tag-latviesuvaloda","19":"tag-latvija","20":"tag-lv","21":"tag-svetdiena"},"share_on_mastodon":{"url":"https:\/\/pubeurope.com\/@lv\/115524096831598672","error":""},"_links":{"self":[{"href":"https:\/\/www.europesays.com\/lv\/wp-json\/wp\/v2\/posts\/44808","targetHints":{"allow":["GET"]}}],"collection":[{"href":"https:\/\/www.europesays.com\/lv\/wp-json\/wp\/v2\/posts"}],"about":[{"href":"https:\/\/www.europesays.com\/lv\/wp-json\/wp\/v2\/types\/post"}],"author":[{"embeddable":true,"href":"https:\/\/www.europesays.com\/lv\/wp-json\/wp\/v2\/users\/2"}],"replies":[{"embeddable":true,"href":"https:\/\/www.europesays.com\/lv\/wp-json\/wp\/v2\/comments?post=44808"}],"version-history":[{"count":0,"href":"https:\/\/www.europesays.com\/lv\/wp-json\/wp\/v2\/posts\/44808\/revisions"}],"wp:featuredmedia":[{"embeddable":true,"href":"https:\/\/www.europesays.com\/lv\/wp-json\/wp\/v2\/media\/44809"}],"wp:attachment":[{"href":"https:\/\/www.europesays.com\/lv\/wp-json\/wp\/v2\/media?parent=44808"}],"wp:term":[{"taxonomy":"category","embeddable":true,"href":"https:\/\/www.europesays.com\/lv\/wp-json\/wp\/v2\/categories?post=44808"},{"taxonomy":"post_tag","embeddable":true,"href":"https:\/\/www.europesays.com\/lv\/wp-json\/wp\/v2\/tags?post=44808"}],"curies":[{"name":"wp","href":"https:\/\/api.w.org\/{rel}","templated":true}]}}