{"id":44884,"date":"2025-11-10T07:51:11","date_gmt":"2025-11-10T07:51:11","guid":{"rendered":"https:\/\/www.europesays.com\/lv\/44884\/"},"modified":"2025-11-10T07:51:11","modified_gmt":"2025-11-10T07:51:11","slug":"sadales-tikls-uzsak-koka-balstu-eksportu-interese-ari-citur-eiropa","status":"publish","type":"post","link":"https:\/\/www.europesays.com\/lv\/44884\/","title":{"rendered":"&#8220;Sadales t\u012bkls&#8221; uzs\u0101k koka balstu eksportu; interese ar\u012b citur Eirop\u0101"},"content":{"rendered":"<p>AS &#8220;<a rel=\"noopener nofollow\" target=\"_blank\" href=\"https:\/\/www.delfi.lv\/temas\/42014912\/sadales-tikls\" tag-id=\"42014912\">Sadales t\u012bkls<\/a>&#8221; ir \u012bstenojusi eksporta pilotprojektu par uz\u0146\u0113muma ra\u017eoto koka balstu pieg\u0101di. Pirmais dar\u012bjums nosl\u0113gts ar Igaunijas elektroener\u0123ijas sadales sist\u0113mas operatoru &#8220;Elektrilevi&#8221;, &#8220;Delfi&#8221; inform\u0113ja uz\u0146\u0113mum\u0101.<\/p>\n<p>&#8220;Galvenais &#8220;Sadales t\u012bkla&#8221; uzdevums ir nodro\u0161in\u0101t nep\u0101rtrauktu un dro\u0161u elektroapg\u0101di Latvij\u0101. Vienlaikus uz\u0146\u0113mums vienm\u0113r mekl\u0113 veidus, k\u0101 att\u012bst\u012bties, efektiviz\u0113t procesus un diversific\u0113t ie\u0146\u0113mumu b\u0101zi \u2013 tas ilgtermi\u0146\u0101 pal\u012bdz veidot ilgtsp\u0113j\u012bg\u0101ku uz\u0146\u0113muma finan\u0161u modeli. Gandar\u012bjums, ka esam sp\u0113ru\u0161i pirmo soli eksporta virzien\u0101, turkl\u0101t par pirmo sadarb\u012bbas partneri k\u013cuvu\u0161i m\u016bsu igau\u0146u &#8220;kol\u0113\u0123i&#8221;! Ar &#8220;Elektrilevi&#8221; cie\u0161i sadarbojamies ikdien\u0101, nupat esam nosl\u0113gu\u0161i sapra\u0161an\u0101s memorandu par sadarb\u012bbu pla\u0161u boj\u0101jumu situ\u0101cij\u0101s, un tagad nostiprin\u0101sim sadarb\u012bbu ar\u012b eksporta jom\u0101. \u0160is mums ir pilotprojekts, uz kura b\u0101zes var\u0113sim turpin\u0101t eksporta att\u012bst\u012bbu,&#8221; saka &#8220;Sadales t\u012bkla&#8221; valdes priek\u0161s\u0113d\u0113t\u0101js <a rel=\"noopener nofollow\" target=\"_blank\" href=\"https:\/\/www.delfi.lv\/temas\/54664738\/sandis-jansons\" tag-id=\"54664738\">Sandis Jansons<\/a>.<\/p>\n<p class=\"m-0\">Seko &#8220;Delfi&#8221; ar\u012b  <a target=\"_blank\" href=\"https:\/\/www.instagram.com\/delfi.lv\/\" rel=\"nofollow noopener\">Instagram<\/a>  un <a target=\"_blank\" href=\"https:\/\/www.youtube.com\/channel\/UCw5foWtcJvAbUm64rv7jwUQ\" rel=\"nofollow noopener\">YouTube<\/a>  profil\u0101 \u2013 pievienojies, lai uzzin\u0101tu svar\u012bg\u0101ko un interesant\u0101ko pirmais!<\/p>\n<p>Publik\u0101cijas saturs vai t\u0101s jebk\u0101da apjoma da\u013ca ir aizsarg\u0101ts autorties\u012bbu objekts Autorties\u012bbu likuma izpratn\u0113, un t\u0101 izmanto\u0161ana bez izdev\u0113ja at\u013caujas ir aizliegta. Vair\u0101k lasi  <a target=\"_blank\" href=\"https:\/\/www.delfi.lv\/noteikumi#autortiesibas\" rel=\"nofollow noopener\">\u0161eit<\/a><script async src=\"\/\/www.instagram.com\/embed.js\"><\/script><\/p>\n","protected":false},"excerpt":{"rendered":"AS &#8220;Sadales t\u012bkls&#8221; ir \u012bstenojusi eksporta pilotprojektu par uz\u0146\u0113muma ra\u017eoto koka balstu pieg\u0101di. Pirmais dar\u012bjums nosl\u0113gts ar Igaunijas&hellip;\n","protected":false},"author":2,"featured_media":44885,"comment_status":"","ping_status":"","sticky":false,"template":"","format":"standard","meta":{"footnotes":""},"categories":[16],"tags":[77,76,12617,781,35,39,38,36,37,34,40,5238,12618],"class_list":{"0":"post-44884","1":"post","2":"type-post","3":"status-publish","4":"format-standard","5":"has-post-thumbnail","7":"category-bizness","8":"tag-bizness","9":"tag-business","10":"tag-elektroapgade","11":"tag-energetika","12":"tag-latvia","13":"tag-latvian","14":"tag-latviesu","15":"tag-latviesu-valoda","16":"tag-latviesuvaloda","17":"tag-latvija","18":"tag-lv","19":"tag-sadales-tikls","20":"tag-sandis-jansons"},"share_on_mastodon":{"url":"https:\/\/pubeurope.com\/@lv\/115524316875998873","error":""},"_links":{"self":[{"href":"https:\/\/www.europesays.com\/lv\/wp-json\/wp\/v2\/posts\/44884","targetHints":{"allow":["GET"]}}],"collection":[{"href":"https:\/\/www.europesays.com\/lv\/wp-json\/wp\/v2\/posts"}],"about":[{"href":"https:\/\/www.europesays.com\/lv\/wp-json\/wp\/v2\/types\/post"}],"author":[{"embeddable":true,"href":"https:\/\/www.europesays.com\/lv\/wp-json\/wp\/v2\/users\/2"}],"replies":[{"embeddable":true,"href":"https:\/\/www.europesays.com\/lv\/wp-json\/wp\/v2\/comments?post=44884"}],"version-history":[{"count":0,"href":"https:\/\/www.europesays.com\/lv\/wp-json\/wp\/v2\/posts\/44884\/revisions"}],"wp:featuredmedia":[{"embeddable":true,"href":"https:\/\/www.europesays.com\/lv\/wp-json\/wp\/v2\/media\/44885"}],"wp:attachment":[{"href":"https:\/\/www.europesays.com\/lv\/wp-json\/wp\/v2\/media?parent=44884"}],"wp:term":[{"taxonomy":"category","embeddable":true,"href":"https:\/\/www.europesays.com\/lv\/wp-json\/wp\/v2\/categories?post=44884"},{"taxonomy":"post_tag","embeddable":true,"href":"https:\/\/www.europesays.com\/lv\/wp-json\/wp\/v2\/tags?post=44884"}],"curies":[{"name":"wp","href":"https:\/\/api.w.org\/{rel}","templated":true}]}}