{"id":44888,"date":"2025-11-10T07:55:14","date_gmt":"2025-11-10T07:55:14","guid":{"rendered":"https:\/\/www.europesays.com\/lv\/44888\/"},"modified":"2025-11-10T07:55:14","modified_gmt":"2025-11-10T07:55:14","slug":"the-sound-poets-un-king-charles-kopa-svines-albuma-pulse-desmitgadi-lente-lv","status":"publish","type":"post","link":"https:\/\/www.europesays.com\/lv\/44888\/","title":{"rendered":"&#8220;The Sound Poets&#8221; un King Charles kop\u0101 svin\u0113s albuma &#8220;Puls\u0113&#8221; desmitgadi\u00a0\u2014\u00a0Lente.lv"},"content":{"rendered":"<p>\n                                        Druk\u0101t:<br \/>\n                                        0 0 56 0 <\/p>\n<p>\n                                    Fakts, ka grupa &#8220;The Sound Poets&#8221; kop\u0101 ar saviem uztic\u012bgajiem klaus\u012bt\u0101jiem atz\u012bm\u0113 albuma &#8220;Puls\u0113&#8221; desmit gadu jubileju, ir ne tikai muzik\u0101ls notikums, bet ar\u012b sirsn\u012bgs kop\u0101 b\u016b\u0161anas br\u012bdis. \u0160is \u012bpa\u0161ais vakars, kas norisin\u0101sies \u0161odien, 7. novembr\u012b, piepild\u012bsies ar atmi\u0146\u0101m un emocij\u0101m, jo grupa svin\u0113s savu noz\u012bm\u012bgo pan\u0101kumu kop\u0101 ar publiku. \u012apa\u0161u gaisotni \u0161iem sv\u0113tkiem pie\u0161\u0137irs britu m\u016bzi\u0137is \u010c\u0101rlzs Kosta, kur\u0161 pla\u0161\u0101kai Latvijas auditorijai ir zin\u0101ms ar savu skatuves v\u0101rdu King Charles. Vi\u0146a dal\u012bba koncert\u0101 sola neaizmirstamu muzik\u0101lu pieredzi, apvienojot da\u017e\u0101du kult\u016bru un stilu skan\u0113jumus. King Charles, kur\u0161 ir ne tikai talant\u012bgs dzied\u0101t\u0101js un dziesmu autors, bet ar\u012b aktieris, ir gatavs dal\u012bties sav\u0101 m\u0101kslinieciskaj\u0101 ener\u0123ij\u0101 un pie\u0161\u0137irt \u0161im notikumam starptautisku dimensiju. \u0160\u012b sadarb\u012bba ir k\u0101 tilts starp div\u0101m m\u016bzikas pasaul\u0113m, kas sola klaus\u012bt\u0101jiem bag\u0101t\u012bgu un daudzpus\u012bgu klaus\u012b\u0161an\u0101s pieredzi. Albuma &#8220;Puls\u0113&#8221; desmitgade ir noz\u012bm\u012bgs pagrieziena punkts grupas karjer\u0101, apliecinot t\u0101s sp\u0113ju rad\u012bt dziesmas, kas aiziet dzi\u013ci sird\u012b un paliek atmi\u0146\u0101 gadiem ilgi. \u0160is notikums ir ne tikai atskats pag\u0101tn\u0113, bet ar\u012b apliecin\u0101jums grupas rado\u0161ajai izaugsmei un turpm\u0101kajiem muzik\u0101lajiem mekl\u0113jumiem. Kop\u0101 ar King Charles rad\u012bt\u0101 siner\u0123ija sol\u0101s padar\u012bt \u0161o vakaru par patiesi unik\u0101lu un neaizmirstamu piedz\u012bvojumu visiem kl\u0101teso\u0161ajiem.\n                                                                    <\/p>\n","protected":false},"excerpt":{"rendered":"Druk\u0101t: 0 0 56 0 Fakts, ka grupa &#8220;The Sound Poets&#8221; kop\u0101 ar saviem uztic\u012bgajiem klaus\u012bt\u0101jiem atz\u012bm\u0113 albuma&hellip;\n","protected":false},"author":2,"featured_media":44889,"comment_status":"","ping_status":"","sticky":false,"template":"","format":"standard","meta":{"footnotes":""},"categories":[19],"tags":[89,90,2916,12619,202,35,39,38,36,37,34,40,8290,6856],"class_list":{"0":"post-44888","1":"post","2":"type-post","3":"status-publish","4":"format-standard","5":"has-post-thumbnail","7":"category-izklaide","8":"tag-entertainment","9":"tag-izklaide","10":"tag-jubileja","11":"tag-king-charles","12":"tag-koncerts","13":"tag-latvia","14":"tag-latvian","15":"tag-latviesu","16":"tag-latviesu-valoda","17":"tag-latviesuvaloda","18":"tag-latvija","19":"tag-lv","20":"tag-pulse","21":"tag-the-sound-poets"},"share_on_mastodon":{"url":"https:\/\/pubeurope.com\/@lv\/115524332648722186","error":""},"_links":{"self":[{"href":"https:\/\/www.europesays.com\/lv\/wp-json\/wp\/v2\/posts\/44888","targetHints":{"allow":["GET"]}}],"collection":[{"href":"https:\/\/www.europesays.com\/lv\/wp-json\/wp\/v2\/posts"}],"about":[{"href":"https:\/\/www.europesays.com\/lv\/wp-json\/wp\/v2\/types\/post"}],"author":[{"embeddable":true,"href":"https:\/\/www.europesays.com\/lv\/wp-json\/wp\/v2\/users\/2"}],"replies":[{"embeddable":true,"href":"https:\/\/www.europesays.com\/lv\/wp-json\/wp\/v2\/comments?post=44888"}],"version-history":[{"count":0,"href":"https:\/\/www.europesays.com\/lv\/wp-json\/wp\/v2\/posts\/44888\/revisions"}],"wp:featuredmedia":[{"embeddable":true,"href":"https:\/\/www.europesays.com\/lv\/wp-json\/wp\/v2\/media\/44889"}],"wp:attachment":[{"href":"https:\/\/www.europesays.com\/lv\/wp-json\/wp\/v2\/media?parent=44888"}],"wp:term":[{"taxonomy":"category","embeddable":true,"href":"https:\/\/www.europesays.com\/lv\/wp-json\/wp\/v2\/categories?post=44888"},{"taxonomy":"post_tag","embeddable":true,"href":"https:\/\/www.europesays.com\/lv\/wp-json\/wp\/v2\/tags?post=44888"}],"curies":[{"name":"wp","href":"https:\/\/api.w.org\/{rel}","templated":true}]}}