{"id":44963,"date":"2025-11-10T08:50:08","date_gmt":"2025-11-10T08:50:08","guid":{"rendered":"https:\/\/www.europesays.com\/lv\/44963\/"},"modified":"2025-11-10T08:50:08","modified_gmt":"2025-11-10T08:50:08","slug":"ducks-izcina-kartejo-uzvaru-nhl-cempionata","status":"publish","type":"post","link":"https:\/\/www.europesays.com\/lv\/44963\/","title":{"rendered":"&#8220;Ducks&#8221; izc\u012bna k\u0101rt\u0113jo uzvaru NHL \u010dempion\u0101t\u0101"},"content":{"rendered":"<p>&#8220;Ducks&#8221; m\u0101j\u0101s ar rezult\u0101tu 4:1 (2:0, 1:1, 1:0) uzvar\u0113ja Vinipegas &#8220;Jets&#8221;.<\/p>\n<p>K\u0101rlsons ar rezultativit\u0101tes punktiem izc\u0113lies desmit sp\u0113l\u0113s p\u0113c k\u0101rtas \u2013 19 punkti (asto\u0146i v\u0101rti + 11 piesp\u0113les).<\/p>\n<p>V\u0113l uzvar\u0113t\u0101jiem pa div\u0101m rezultat\u012bv\u0101m piesp\u0113l\u0113m sakr\u0101ja Katers Gotj\u0113 un Kriss Kreiders.<\/p>\n<p>&#8220;Jets&#8221; komandai vien\u012bgos v\u0101rtus guva Kails Konors.<\/p>\n<p>&#8220;Ducks&#8221; ar 23 punktiem 15 sp\u0113l\u0113s ie\u0146em otro vietu Rietumu konferenc\u0113 un ar\u012b l\u012bgas kopv\u0113rt\u0113jum\u0101. Priek\u0161\u0101 ir vien\u012bgi Kolor\u0101do &#8220;Avalanche&#8221; ar 25 punktiem 16 ma\u010dos.<\/p>\n<p>Tikm\u0113r Konors Bed\u0101rds tika pie punktiem astotaj\u0101 sp\u0113l\u0113 p\u0113c k\u0101rtas, \u010cik\u0101gas &#8220;Blackhawks&#8221; viesos ar rezult\u0101tu 5:1 (1:1, 1:0, 3:0) uzveicot Detroitas &#8220;Red Wings&#8221;.<\/p>\n<p>\u0160aj\u0101 sp\u0113l\u0113 Bed\u0101rds guva vienus v\u0101rtus un atdeva divas rezultat\u012bvas piesp\u0113les, kaldinot &#8220;Blackhawks&#8221; komandai tre\u0161o uzvaru p\u0113c k\u0101rtas.<\/p>\n<p>Bed\u0101rds asto\u0146u sp\u0113\u013cu rezultativit\u0101tes s\u0113rij\u0101 sakr\u0101jis 18 punktus (7+11), bet \u0161osezon kopum\u0101 vi\u0146a kont\u0101 ir 25 punkti (9+16).<\/p>\n<p>Teuvo Tereveinens, Tailers Bertuci un Andr\u0113 Burakovskis katrs sakr\u0101ja 1+1, bet karjer\u0101 pirmos v\u0101rtus <a href=\"https:\/\/sports.tvnet.lv\/term\/10077\/nhl\" class=\"topicLink\" target=\"_blank\" rel=\"nofollow noopener\">NHL<\/a> guva Olivers M\u016brs.<\/p>\n<p>Arv\u012bds Sederbl\u016bms laboja karjeras rekordu atvair\u012btajos metienos (45), un k\u0101 vien\u012bgais vi\u0146u p\u0101rsp\u0113ja Dilans Larkins.<\/p>\n<p>\u0160osezon patlaban rezultat\u012bv\u0101kais sp\u0113l\u0113t\u0101js ir &#8220;Avalanche&#8221; l\u012bderis Neitans Makinons, kur\u0161 sakr\u0101jis 29 punktus (14+15).<\/p>\n<p>Otro vietu ar 25 punktiem dala iepriek\u0161 min\u0113tie K\u0101rlsons (&#8220;Ducks&#8221;) un Bed\u0101rds (&#8220;Blackhawks&#8221;).<\/p>\n","protected":false},"excerpt":{"rendered":"&#8220;Ducks&#8221; m\u0101j\u0101s ar rezult\u0101tu 4:1 (2:0, 1:1, 1:0) uzvar\u0113ja Vinipegas &#8220;Jets&#8221;. K\u0101rlsons ar rezultativit\u0101tes punktiem izc\u0113lies desmit sp\u0113l\u0113s&hellip;\n","protected":false},"author":2,"featured_media":44964,"comment_status":"","ping_status":"","sticky":false,"template":"","format":"standard","meta":{"footnotes":""},"categories":[17],"tags":[4961,1902,12633,836,394,721,35,39,38,36,37,34,40,835,67,11014],"class_list":{"0":"post-44963","1":"post","2":"type-post","3":"status-publish","4":"format-standard","5":"has-post-thumbnail","7":"category-sports","8":"tag-anaheimas-ducks","9":"tag-cikagas-blackhawks","10":"tag-detroitas-red-wings","11":"tag-hokeja-jaunumi","12":"tag-hokejs","13":"tag-hokejs-pasaule","14":"tag-latvia","15":"tag-latvian","16":"tag-latviesu","17":"tag-latviesu-valoda","18":"tag-latviesuvaloda","19":"tag-latvija","20":"tag-lv","21":"tag-nhl","22":"tag-sports","23":"tag-vinipegas-jets"},"share_on_mastodon":{"url":"https:\/\/pubeurope.com\/@lv\/115524548849606395","error":""},"_links":{"self":[{"href":"https:\/\/www.europesays.com\/lv\/wp-json\/wp\/v2\/posts\/44963","targetHints":{"allow":["GET"]}}],"collection":[{"href":"https:\/\/www.europesays.com\/lv\/wp-json\/wp\/v2\/posts"}],"about":[{"href":"https:\/\/www.europesays.com\/lv\/wp-json\/wp\/v2\/types\/post"}],"author":[{"embeddable":true,"href":"https:\/\/www.europesays.com\/lv\/wp-json\/wp\/v2\/users\/2"}],"replies":[{"embeddable":true,"href":"https:\/\/www.europesays.com\/lv\/wp-json\/wp\/v2\/comments?post=44963"}],"version-history":[{"count":0,"href":"https:\/\/www.europesays.com\/lv\/wp-json\/wp\/v2\/posts\/44963\/revisions"}],"wp:featuredmedia":[{"embeddable":true,"href":"https:\/\/www.europesays.com\/lv\/wp-json\/wp\/v2\/media\/44964"}],"wp:attachment":[{"href":"https:\/\/www.europesays.com\/lv\/wp-json\/wp\/v2\/media?parent=44963"}],"wp:term":[{"taxonomy":"category","embeddable":true,"href":"https:\/\/www.europesays.com\/lv\/wp-json\/wp\/v2\/categories?post=44963"},{"taxonomy":"post_tag","embeddable":true,"href":"https:\/\/www.europesays.com\/lv\/wp-json\/wp\/v2\/tags?post=44963"}],"curies":[{"name":"wp","href":"https:\/\/api.w.org\/{rel}","templated":true}]}}