{"id":44998,"date":"2025-11-10T09:17:13","date_gmt":"2025-11-10T09:17:13","guid":{"rendered":"https:\/\/www.europesays.com\/lv\/44998\/"},"modified":"2025-11-10T09:17:13","modified_gmt":"2025-11-10T09:17:13","slug":"foto-%e2%9f%a9-valsts-policijas-koledzas-kadeti-nodod-zverestu-rigas-bralu-kapos","status":"publish","type":"post","link":"https:\/\/www.europesays.com\/lv\/44998\/","title":{"rendered":"FOTO \u27e9 Valsts policijas koled\u017eas kadeti nodod zv\u0113restu R\u012bgas Br\u0101\u013cu kapos"},"content":{"rendered":"<p>Jaunais studiju gads Valsts policijas koled\u017e\u0101 s\u0101cies ar rekordlielu jaunuz\u0146emto kadetu skaitu, un sestdien R\u012bgas Br\u0101\u013cu kapos topo\u0161ie policisti deva zv\u0113restu, apliecinot savu gatav\u012bbu stiprin\u0101t valsts iek\u0161\u0113jo dro\u0161\u012bbu un kalpot Latvijas sabiedr\u012bbai.<\/p>\n<p>Pirms ceremonijas kadeti un Valsts policijas koled\u017eas person\u0101ls dev\u0101s svin\u012bg\u0101 g\u0101jien\u0101 no koled\u017eas teritorijas l\u012bdz R\u012bgas Br\u0101\u013cu kapiem.<\/p>\n<p>Pas\u0101kumu atkl\u0101ja Zemessardzes vec\u0101kais kapel\u0101ns majors Raimonds Krasinskis. Vi\u0146\u0161 uzsv\u0113ra, ka zv\u0113resta do\u0161ana simboliz\u0113 uztic\u012bbu valstij, sabiedr\u012bbai un dienesta v\u0113rt\u012bb\u0101m.<\/p>\n<p>Uzrun\u0101jot kadetus, Valsts policijas priek\u0161nieks \u0123ener\u0101lis Armands Ruks izc\u0113la kadetu drosmi un v\u0113lmi dien\u0113t Valsts policij\u0101, aicinot neaizmirst policijas misiju &#8211; kalpot sabiedr\u012bbai.<\/p>\n<p>Kadetus uzrun\u0101ja ar\u012b Valsts policijas koled\u017eas direktors pulkvedis Dmitrijs Homenko, savu uzrunu veltot ar\u012b \u0123imen\u0113m, kas bija ieradu\u0161\u0101s, lai atbalst\u012btu un sveiktu savus pieder\u012bgos. Vi\u0146\u0161 nor\u0101d\u012bja, ka zv\u0113rests ir drosmes un ap\u0146\u0113m\u012bbas apliecin\u0101jums, ta\u010du policistiem dienesta laik\u0101 ir svar\u012bgs ar\u012b \u0123imenes un tuvinieku atbalsts.<\/p>\n<p>&#8220;Policista darbs ir pras\u012bgs un nereti izaicino\u0161s, t\u0101p\u0113c aicinu vec\u0101kus un \u0123imenes b\u016bt l\u012bdz\u0101s m\u016bsu kadetiem &#8211; ar tic\u012bbu, iedro\u0161in\u0101jumu un lepnumu par vi\u0146u izv\u0113l\u0113to ce\u013cu Valsts policij\u0101,&#8221; pauda Homenko.<\/p>\n<p>Topo\u0161os likumsargus uzrun\u0101ja ar\u012b Iek\u0161lietu ministrijas valsts sekret\u0101rs Dimitrijs Trofimovs, Valsts policijas R\u012bgas re\u0123iona p\u0101rvaldes priek\u0161nieks pulkvedis Juris Sta\u013c\u0123evics un Latvijas Iek\u0161lietu darbinieku arodbiedr\u012bbas valdes priek\u0161s\u0113d\u0113t\u0101js Armands August\u0101ns, izsakot pateic\u012bbu kadetiem, kuri izv\u0113l\u0113ju\u0161ies k\u013c\u016bt par policistiem. Pas\u0101kuma muzik\u0101lo noform\u0113jumu nodro\u0161in\u0101ja Zemessardzes or\u0137estris.<\/p>\n","protected":false},"excerpt":{"rendered":"Jaunais studiju gads Valsts policijas koled\u017e\u0101 s\u0101cies ar rekordlielu jaunuz\u0146emto kadetu skaitu, un sestdien R\u012bgas Br\u0101\u013cu kapos topo\u0161ie&hellip;\n","protected":false},"author":2,"featured_media":44999,"comment_status":"","ping_status":"","sticky":false,"template":"","format":"standard","meta":{"footnotes":""},"categories":[12],"tags":[23,28,29,32,33,22,30,31,35,39,38,36,37,34,40,20,26,27,24,25,138,21],"class_list":{"0":"post-44998","1":"post","2":"type-post","3":"status-publish","4":"format-standard","5":"has-post-thumbnail","7":"category-latvija","8":"tag-aktualitates","9":"tag-breaking-news","10":"tag-breakingnews","11":"tag-featured-news","12":"tag-featurednews","13":"tag-headlines","14":"tag-latest-news","15":"tag-latestnews","16":"tag-latvia","17":"tag-latvian","18":"tag-latviesu","19":"tag-latviesu-valoda","20":"tag-latviesuvaloda","21":"tag-latvija","22":"tag-lv","23":"tag-news","24":"tag-popularakas-zinas","25":"tag-popularakaszinas","26":"tag-top-stories","27":"tag-topstories","28":"tag-valsts-policija","29":"tag-zinas"},"share_on_mastodon":{"url":"https:\/\/pubeurope.com\/@lv\/115524655121501024","error":""},"_links":{"self":[{"href":"https:\/\/www.europesays.com\/lv\/wp-json\/wp\/v2\/posts\/44998","targetHints":{"allow":["GET"]}}],"collection":[{"href":"https:\/\/www.europesays.com\/lv\/wp-json\/wp\/v2\/posts"}],"about":[{"href":"https:\/\/www.europesays.com\/lv\/wp-json\/wp\/v2\/types\/post"}],"author":[{"embeddable":true,"href":"https:\/\/www.europesays.com\/lv\/wp-json\/wp\/v2\/users\/2"}],"replies":[{"embeddable":true,"href":"https:\/\/www.europesays.com\/lv\/wp-json\/wp\/v2\/comments?post=44998"}],"version-history":[{"count":0,"href":"https:\/\/www.europesays.com\/lv\/wp-json\/wp\/v2\/posts\/44998\/revisions"}],"wp:featuredmedia":[{"embeddable":true,"href":"https:\/\/www.europesays.com\/lv\/wp-json\/wp\/v2\/media\/44999"}],"wp:attachment":[{"href":"https:\/\/www.europesays.com\/lv\/wp-json\/wp\/v2\/media?parent=44998"}],"wp:term":[{"taxonomy":"category","embeddable":true,"href":"https:\/\/www.europesays.com\/lv\/wp-json\/wp\/v2\/categories?post=44998"},{"taxonomy":"post_tag","embeddable":true,"href":"https:\/\/www.europesays.com\/lv\/wp-json\/wp\/v2\/tags?post=44998"}],"curies":[{"name":"wp","href":"https:\/\/api.w.org\/{rel}","templated":true}]}}