{"id":45035,"date":"2025-11-10T09:46:11","date_gmt":"2025-11-10T09:46:11","guid":{"rendered":"https:\/\/www.europesays.com\/lv\/45035\/"},"modified":"2025-11-10T09:46:11","modified_gmt":"2025-11-10T09:46:11","slug":"tramps-izvirza-ipaso-baltkrievijas-sutni-pateicas-loti-cienijamajam-lukasenko","status":"publish","type":"post","link":"https:\/\/www.europesays.com\/lv\/45035\/","title":{"rendered":"Tramps izvirza \u012bpa\u0161o Baltkrievijas s\u016btni; pateicas &#8220;\u013coti cien\u012bjamajam&#8221; Luka\u0161enko"},"content":{"rendered":"<p>Par to Tramps sv\u0113tdien pav\u0113st\u012bja platform\u0101 &#8220;Truth Social&#8221;.<\/p>\n<p>Kols l\u012bdz \u0161im bijis Trampa \u012bpa\u0161\u0101 s\u016bt\u0146a K\u012bta Kelloga vietnieks.<\/p>\n<p>&#8220;Vi\u0146\u0161 jau ir veiksm\u012bgi vienojies par 100 \u0137\u012blnieku atbr\u012bvo\u0161anu un pl\u0101no pan\u0101kt v\u0113l 50 \u0137\u012blnieku atbr\u012bvo\u0161anu,&#8221; izsakoties par Kola veikumu, pauda <a href=\"https:\/\/www.tvnet.lv\/term\/555410\/asv\" class=\"topicLink\" target=\"_blank\" rel=\"nofollow noopener\">ASV<\/a> prezidents.<\/p>\n<p>Tramps ar\u012b izteica pateic\u012bbu &#8220;\u013coti cien\u012bjamam Baltkrievijas prezidentam&#8221; Aleksandram Luka\u0161enko par to, ka vi\u0146\u0161 apsver iesp\u0113ju atbr\u012bvot ieslodz\u012btos.<\/p>\n<p>P\u0113c Kola 11. septembra viz\u012btes Minsk\u0101 un sarun\u0101m ar Luka\u0161enko no Baltkrievijas cietumiem tika atbr\u012bvoti 52 ieslodz\u012btie, ar\u012b 14 \u0101rvalstu pilso\u0146i.<\/p>\n<p>Atskaitot politi\u0137i Mikolu Statkevi\u010du, visi p\u0101r\u0113jie atbr\u012bvotie Baltkrieviju pameta.<\/p>\n<p>ASV atzin\u012bgi nov\u0113rt\u0113ja ieslodz\u012bto atbr\u012bvo\u0161anu un pazi\u0146oja par sankciju atcel\u0161anu Baltkrievijas nacion\u0101lajai lidsabiedr\u012bbai &#8220;Belavia&#8221;, solot ar\u012b atjaunot ASV v\u0113stniec\u012bbas darbu Minsk\u0101.<\/p>\n<p>ASV Finan\u0161u ministrija 4. novembr\u012b sv\u012btroja &#8220;Belavia&#8221; no sankciju saraksta un at\u013c\u0101va veikt oper\u0101cijas, kas saist\u012btas ar Luka\u0161enko \u0123imenes lidma\u0161\u012bnu.<\/p>\n","protected":false},"excerpt":{"rendered":"Par to Tramps sv\u0113tdien pav\u0113st\u012bja platform\u0101 &#8220;Truth Social&#8221;. Kols l\u012bdz \u0161im bijis Trampa \u012bpa\u0161\u0101 s\u016bt\u0146a K\u012bta Kelloga vietnieks.&hellip;\n","protected":false},"author":2,"featured_media":45036,"comment_status":"","ping_status":"","sticky":false,"template":"","format":"standard","meta":{"footnotes":""},"categories":[14],"tags":[23,2725,57,292,2416,28,29,542,32,33,22,30,31,35,39,38,36,37,34,40,20,26,27,24,25,54,55,56,21,58],"class_list":{"0":"post-45035","1":"post","2":"type-post","3":"status-publish","4":"format-standard","5":"has-post-thumbnail","7":"category-zinas-no-arvalstim","8":"tag-aktualitates","9":"tag-aleksandrs-lukasenko","10":"tag-arvalstim","11":"tag-asv","12":"tag-baltkrievija","13":"tag-breaking-news","14":"tag-breakingnews","15":"tag-donalds-tramps","16":"tag-featured-news","17":"tag-featurednews","18":"tag-headlines","19":"tag-latest-news","20":"tag-latestnews","21":"tag-latvia","22":"tag-latvian","23":"tag-latviesu","24":"tag-latviesu-valoda","25":"tag-latviesuvaloda","26":"tag-latvija","27":"tag-lv","28":"tag-news","29":"tag-popularakas-zinas","30":"tag-popularakaszinas","31":"tag-top-stories","32":"tag-topstories","33":"tag-world","34":"tag-world-news","35":"tag-worldnews","36":"tag-zinas","37":"tag-zinas-no-arvalstim"},"share_on_mastodon":{"url":"https:\/\/pubeurope.com\/@lv\/115524769149005347","error":""},"_links":{"self":[{"href":"https:\/\/www.europesays.com\/lv\/wp-json\/wp\/v2\/posts\/45035","targetHints":{"allow":["GET"]}}],"collection":[{"href":"https:\/\/www.europesays.com\/lv\/wp-json\/wp\/v2\/posts"}],"about":[{"href":"https:\/\/www.europesays.com\/lv\/wp-json\/wp\/v2\/types\/post"}],"author":[{"embeddable":true,"href":"https:\/\/www.europesays.com\/lv\/wp-json\/wp\/v2\/users\/2"}],"replies":[{"embeddable":true,"href":"https:\/\/www.europesays.com\/lv\/wp-json\/wp\/v2\/comments?post=45035"}],"version-history":[{"count":0,"href":"https:\/\/www.europesays.com\/lv\/wp-json\/wp\/v2\/posts\/45035\/revisions"}],"wp:featuredmedia":[{"embeddable":true,"href":"https:\/\/www.europesays.com\/lv\/wp-json\/wp\/v2\/media\/45036"}],"wp:attachment":[{"href":"https:\/\/www.europesays.com\/lv\/wp-json\/wp\/v2\/media?parent=45035"}],"wp:term":[{"taxonomy":"category","embeddable":true,"href":"https:\/\/www.europesays.com\/lv\/wp-json\/wp\/v2\/categories?post=45035"},{"taxonomy":"post_tag","embeddable":true,"href":"https:\/\/www.europesays.com\/lv\/wp-json\/wp\/v2\/tags?post=45035"}],"curies":[{"name":"wp","href":"https:\/\/api.w.org\/{rel}","templated":true}]}}