{"id":45037,"date":"2025-11-10T09:47:10","date_gmt":"2025-11-10T09:47:10","guid":{"rendered":"https:\/\/www.europesays.com\/lv\/45037\/"},"modified":"2025-11-10T09:47:10","modified_gmt":"2025-11-10T09:47:10","slug":"bijusa-premjera-lidojumu-lieta-karins-uzskata-ka-citskovski-kriminali-apsudz-nepamatoti-apollo-lv","status":"publish","type":"post","link":"https:\/\/www.europesays.com\/lv\/45037\/","title":{"rendered":"Biju\u0161\u0101 premjera lidojumu lieta: Kari\u0146\u0161 uzskata, ka Citskovski krimin\u0101li aps\u016bdz nepamatoti &#8211; Apollo.lv"},"content":{"rendered":"<ol>\n<li><a href=\"https:\/\/news.google.com\/rss\/articles\/CBMiuAFBVV95cUxONFBqaTNMRUZnVXhwNFNGT2Q1Z2RWS1d4UlJHVGFXeXZZVEpwTFFSMHRpdVVxLTlYTTYwakItYVhmdEFDV2lTYTE4anMyLUxzUHJDMlBPMFJpSG40OXZxVksxbjFtYjV0c3h6MnprRzk3WjNjUndVd1BfYi1uV2l4ZGQ0OFRvcllna1ZwV3RKXy1NN1hOVXJ0WnJuUXVpWHNfaGVpb3RFSXo4Z2JxT2FOYWUwNjNsUG51?oc=5\" target=\"_blank\" rel=\"nofollow noopener\">Biju\u0161\u0101 premjera lidojumu lieta: Kari\u0146\u0161 uzskata, ka Citskovski krimin\u0101li aps\u016bdz nepamatoti<\/a>&nbsp;&nbsp;Apollo.lv<\/li>\n<li><a href=\"https:\/\/news.google.com\/rss\/articles\/CBMiigFBVV95cUxOVlFXSWY0d3JDWHNpZkthRzRzU1lJZ1k1VEVxSHIzcG5XbjIxb3VqSVdrdW9kNDZKcGpZVUc1UzdTSjRlLXVyb01DYzh4T2R6TWd6a0RNSUdCWHBDay1uS3VTR3Y3cXkwR1B5XzlIM3otSHU1NUprUGlSZHlJOU1Sdm9QNXJiLVh3eXc?oc=5\" target=\"_blank\" rel=\"nofollow noopener\">M\u0101ris Ku\u010dinskis koment\u0113 Kari\u0146a lidojumu lietu<\/a>&nbsp;&nbsp;Jauns.lv<\/li>\n<li><a href=\"https:\/\/news.google.com\/rss\/articles\/CBMimgFBVV95cUxPNng0QWdDVm1sUDB0RW1oMEN3LU9qLWd2UGR2WE9VeXVTSFo3U29qbHV2MFJTVHlBQ2hPVDBrelA5N1J5SU00ZTlYUXNBM2tCNmZrRnZUM2o3WUtzTzNHMFIzTGhqZjFVa01GRnZiN2lpY1JPaThETlJJRld2eUxlUzFQVkxVbFpJQnBYOVl2M2ZfZWZybC1ZV1Nn?oc=5\" target=\"_blank\" rel=\"nofollow noopener\">Kari\u0146a lidojuma lieta: Citskovskis tiesas priek\u0161\u0101 st\u0101sies pavasar\u012b<\/a>&nbsp;&nbsp;TVNET<\/li>\n<li><a href=\"https:\/\/news.google.com\/rss\/articles\/CBMijwFBVV95cUxOQlNKd0hzdktNbkJwaGlIcldOX09BSEhkcmQwVWpKdTQ0YWMwZHJSRVBIRGFITDY0OWVpVDl6VlRTd0tINEE0LXV0M3h0d1NoMEEyMndBLWh3MmQzd1RneTZTc3BhSzB5ZklWYWxiWmhNd0RZMEg0MVI1X2Y0RkJTc3N4THZwTVMwWFZhS3BQTQ?oc=5\" target=\"_blank\" rel=\"nofollow noopener\">Citskovskis: Kari\u0146am roku vairs nespied\u012b\u0161u<\/a>&nbsp;&nbsp;NRA<\/li>\n<li><a href=\"https:\/\/news.google.com\/rss\/articles\/CBMiqgFBVV95cUxNaG4yOVZyUnUyNUI0VXl3eFBkd05IcV9tUFF1VmhDOGVEY1h3LTk3TVR2dEJkQUxEcmh6WGxheTluOVdMdHd4T0FvVFZmeHEzUzB3TWlkWWtPWnRXZjJKTnR2RDhxZjRDdjVZeHhadE43R3JpTmh4amV6MGtZUlV0bWRqTWZSdjYtbVBVWFVJYVhDM1V4RnRod0pUYmJpVmw1MS16Y2RHRnVPQQ?oc=5\" target=\"_blank\" rel=\"nofollow noopener\">Kari\u0146\u0161 neizpratn\u0113: k\u0101 &#8220;lidojumu lieta&#8221; var\u0113tu b\u016bt krimin\u0101lprocess?<\/a>&nbsp;&nbsp;Lente.lv<\/li>\n<\/ol>\n","protected":false},"excerpt":{"rendered":"Biju\u0161\u0101 premjera lidojumu lieta: Kari\u0146\u0161 uzskata, ka Citskovski krimin\u0101li aps\u016bdz nepamatoti&nbsp;&nbsp;Apollo.lv M\u0101ris Ku\u010dinskis koment\u0113 Kari\u0146a lidojumu lietu&nbsp;&nbsp;Jauns.lv Kari\u0146a&hellip;\n","protected":false},"author":2,"featured_media":45038,"comment_status":"","ping_status":"","sticky":false,"template":"","format":"standard","meta":{"footnotes":""},"categories":[12],"tags":[23,28,29,32,33,22,10176,10175,30,31,35,39,38,36,37,34,40,20,26,27,24,25,21],"class_list":{"0":"post-45037","1":"post","2":"type-post","3":"status-publish","4":"format-standard","5":"has-post-thumbnail","7":"category-latvija","8":"tag-aktualitates","9":"tag-breaking-news","10":"tag-breakingnews","11":"tag-featured-news","12":"tag-featurednews","13":"tag-headlines","14":"tag-janis-citskovskis","15":"tag-krisjanis-karins","16":"tag-latest-news","17":"tag-latestnews","18":"tag-latvia","19":"tag-latvian","20":"tag-latviesu","21":"tag-latviesu-valoda","22":"tag-latviesuvaloda","23":"tag-latvija","24":"tag-lv","25":"tag-news","26":"tag-popularakas-zinas","27":"tag-popularakaszinas","28":"tag-top-stories","29":"tag-topstories","30":"tag-zinas"},"share_on_mastodon":{"url":"https:\/\/pubeurope.com\/@lv\/115524773076309908","error":""},"_links":{"self":[{"href":"https:\/\/www.europesays.com\/lv\/wp-json\/wp\/v2\/posts\/45037","targetHints":{"allow":["GET"]}}],"collection":[{"href":"https:\/\/www.europesays.com\/lv\/wp-json\/wp\/v2\/posts"}],"about":[{"href":"https:\/\/www.europesays.com\/lv\/wp-json\/wp\/v2\/types\/post"}],"author":[{"embeddable":true,"href":"https:\/\/www.europesays.com\/lv\/wp-json\/wp\/v2\/users\/2"}],"replies":[{"embeddable":true,"href":"https:\/\/www.europesays.com\/lv\/wp-json\/wp\/v2\/comments?post=45037"}],"version-history":[{"count":0,"href":"https:\/\/www.europesays.com\/lv\/wp-json\/wp\/v2\/posts\/45037\/revisions"}],"wp:featuredmedia":[{"embeddable":true,"href":"https:\/\/www.europesays.com\/lv\/wp-json\/wp\/v2\/media\/45038"}],"wp:attachment":[{"href":"https:\/\/www.europesays.com\/lv\/wp-json\/wp\/v2\/media?parent=45037"}],"wp:term":[{"taxonomy":"category","embeddable":true,"href":"https:\/\/www.europesays.com\/lv\/wp-json\/wp\/v2\/categories?post=45037"},{"taxonomy":"post_tag","embeddable":true,"href":"https:\/\/www.europesays.com\/lv\/wp-json\/wp\/v2\/tags?post=45037"}],"curies":[{"name":"wp","href":"https:\/\/api.w.org\/{rel}","templated":true}]}}