{"id":45050,"date":"2025-11-10T10:07:12","date_gmt":"2025-11-10T10:07:12","guid":{"rendered":"https:\/\/www.europesays.com\/lv\/45050\/"},"modified":"2025-11-10T10:07:12","modified_gmt":"2025-11-10T10:07:12","slug":"rigas-doma-bus-muzikala-tiksanas-ar-komponistu-eriku-esenvaldu","status":"publish","type":"post","link":"https:\/\/www.europesays.com\/lv\/45050\/","title":{"rendered":"R\u012bgas Dom\u0101 b\u016bs muzik\u0101la tik\u0161an\u0101s ar komponistu \u0112riku E\u0161envaldu"},"content":{"rendered":"<p>R\u012bgas Dom\u0101 14. novembr\u012b pulksten 19 gaid\u0101ms \u012bpa\u0161s muzik\u0101ls notikums \u2014 &#8220;E\u0161envalds par E\u0161envaldu. M\u016bzika un tik\u0161an\u0101s ar komponistu&#8221;, kur uz skatuves kl\u0101teso\u0161s b\u016bs ar\u012b pats komponists, lai dal\u012btos ar klaus\u012bt\u0101jiem p\u0101rdom\u0101s un st\u0101stos par ska\u0146darbu tap\u0161anu, iedvesmu un noz\u012bmi.<\/p>\n<p>K\u0101 nor\u0101da koncerta r\u012bkot\u0101ji, <a rel=\"noopener nofollow\" target=\"_blank\" href=\"https:\/\/www.delfi.lv\/temas\/41963750\/eriks-esenvalds\" tag-id=\"41963750\">\u0112riks E\u0161envalds<\/a> ir ne tikai izcils komponists, bet ar\u012b sirsn\u012bgs un aizraujo\u0161s st\u0101stnieks. Run\u0101jot par savu m\u016bziku, vi\u0146\u0161 sp\u0113j atkl\u0101t taj\u0101 iemiesotos st\u0101stus, personisk\u0101s domas un izj\u016btas. E\u0161envalda m\u016bzik\u0101 savijas zieme\u013cnieciska gaisma, mitolo\u0123iski t\u0113li un sakr\u0101la apcere, bet t\u0101s pamat\u0101 ir cilv\u0113ka dv\u0113seles ce\u013c\u0161, no trausluma uz tic\u012bbu, no klusuma uz gaismu. E\u0161envalds atz\u012bst, ka vi\u0146a iedvesma bie\u017ei dzimst \u0101rpus taust\u0101m\u0101s pasaules \u2014 dabas t\u0113lain\u012bb\u0101, le\u0123endu mantojum\u0101 un zvaig\u017e\u0146ota debesjuma pla\u0161um\u0101.<\/p>\n<p>Koncert\u0101 b\u016bs iesp\u0113ja dzird\u0113t komponista ska\u0146darbus \u0113r\u0123el\u0113m un saksofonam. Apliecino\u0161aj\u0101 slavin\u0101jum\u0101 Visaugst\u0101kajam &#8220;Laudate Dominum&#8221; gavil\u0113jo\u0161i un dejiski mot\u012bvi mijas ar apceri par cilv\u0113ka un Dieva attiec\u012bb\u0101m, savuk\u0101rt &#8220;Adoremus in aeternum&#8221; ir ce\u013c\u0161 caur gregorisk\u0101 kor\u0101\u013ca seno elpu, klaus\u012bt\u0101jam pieredzot dievnamu k\u0101 mierpilnu patv\u0113rumu. Skan\u0113s ar\u012b paz\u012bstamais E\u0161envalda cikls sopr\u0101nam, saksofonam un \u0113r\u0123el\u0113m &#8220;D\u0101vida dziesmas&#8221;, kur\u0101 komponists atkl\u0101j B\u012bbeles psalmu v\u0113st\u012bjumu par cilv\u0113cisku ievainojam\u012bbu un tic\u012bbas sp\u0113ku. &#8220;O Salutaris Hostia&#8221;, viens no komponista visbie\u017e\u0101k atska\u0146otajiem opusiem, caur iek\u0161\u0113ju skaidr\u012bbu un caursp\u012bd\u012bgu fakt\u016bru iemieso dievi\u0161\u0137\u0101s kl\u0101tb\u016btnes mieru. \u012apa\u0161i \u0113r\u0123el\u0113m rakst\u012bt\u0101 &#8220;Fant\u0101zija&#8221; izgaismo instrumenta pla\u0161umu un arhitektonisko c\u0113lumu, bet Bibliotek\u0101res \u0101rij\u0101 no operas &#8220;Iem\u016br\u0113tie&#8221; atkl\u0101jas komponista teatr\u0101lais jut\u012bgums un cilv\u0113ka alkas p\u0113c br\u012bv\u012bbas. &#8220;Dv\u0113seles dziesma&#8221; un &#8220;Aicin\u0101jums&#8221; jau k\u013cuvu\u0161i par pla\u0161i iem\u012b\u013cotiem darbiem koru repertu\u0101r\u0101, un \u0161aj\u0101 koncert\u0101 tos var\u0113s dzird\u0113t jaunos p\u0101rlikumos.<\/p>\n<p class=\"m-0\">Seko &#8220;Delfi&#8221; ar\u012b  <a target=\"_blank\" href=\"https:\/\/www.instagram.com\/delfi.lv\/\" rel=\"nofollow noopener\">Instagram<\/a>  un <a target=\"_blank\" href=\"https:\/\/www.youtube.com\/channel\/UCw5foWtcJvAbUm64rv7jwUQ\" rel=\"nofollow noopener\">YouTube<\/a>  profil\u0101 \u2013 pievienojies, lai uzzin\u0101tu svar\u012bg\u0101ko un interesant\u0101ko pirmais!<\/p>\n<p>Publik\u0101cijas saturs vai t\u0101s jebk\u0101da apjoma da\u013ca ir aizsarg\u0101ts autorties\u012bbu objekts Autorties\u012bbu likuma izpratn\u0113, un t\u0101 izmanto\u0161ana bez izdev\u0113ja at\u013caujas ir aizliegta. Vair\u0101k lasi  <a target=\"_blank\" href=\"https:\/\/www.delfi.lv\/noteikumi#autortiesibas\" rel=\"nofollow noopener\">\u0161eit<\/a><script async src=\"\/\/www.instagram.com\/embed.js\"><\/script><\/p>\n","protected":false},"excerpt":{"rendered":"R\u012bgas Dom\u0101 14. novembr\u012b pulksten 19 gaid\u0101ms \u012bpa\u0161s muzik\u0101ls notikums \u2014 &#8220;E\u0161envalds par E\u0161envaldu. M\u016bzika un tik\u0161an\u0101s ar&hellip;\n","protected":false},"author":2,"featured_media":45051,"comment_status":"","ping_status":"","sticky":false,"template":"","format":"standard","meta":{"footnotes":""},"categories":[19],"tags":[12643,12644,89,1380,90,35,39,38,36,37,34,40,6086],"class_list":{"0":"post-45050","1":"post","2":"type-post","3":"status-publish","4":"format-standard","5":"has-post-thumbnail","7":"category-izklaide","8":"tag-aigars-raumanis","9":"tag-aigars-reinis","10":"tag-entertainment","11":"tag-eriks-esenvalds","12":"tag-izklaide","13":"tag-latvia","14":"tag-latvian","15":"tag-latviesu","16":"tag-latviesu-valoda","17":"tag-latviesuvaloda","18":"tag-latvija","19":"tag-lv","20":"tag-rigas-doms"},"share_on_mastodon":{"url":"https:\/\/pubeurope.com\/@lv\/115524851641897440","error":""},"_links":{"self":[{"href":"https:\/\/www.europesays.com\/lv\/wp-json\/wp\/v2\/posts\/45050","targetHints":{"allow":["GET"]}}],"collection":[{"href":"https:\/\/www.europesays.com\/lv\/wp-json\/wp\/v2\/posts"}],"about":[{"href":"https:\/\/www.europesays.com\/lv\/wp-json\/wp\/v2\/types\/post"}],"author":[{"embeddable":true,"href":"https:\/\/www.europesays.com\/lv\/wp-json\/wp\/v2\/users\/2"}],"replies":[{"embeddable":true,"href":"https:\/\/www.europesays.com\/lv\/wp-json\/wp\/v2\/comments?post=45050"}],"version-history":[{"count":0,"href":"https:\/\/www.europesays.com\/lv\/wp-json\/wp\/v2\/posts\/45050\/revisions"}],"wp:featuredmedia":[{"embeddable":true,"href":"https:\/\/www.europesays.com\/lv\/wp-json\/wp\/v2\/media\/45051"}],"wp:attachment":[{"href":"https:\/\/www.europesays.com\/lv\/wp-json\/wp\/v2\/media?parent=45050"}],"wp:term":[{"taxonomy":"category","embeddable":true,"href":"https:\/\/www.europesays.com\/lv\/wp-json\/wp\/v2\/categories?post=45050"},{"taxonomy":"post_tag","embeddable":true,"href":"https:\/\/www.europesays.com\/lv\/wp-json\/wp\/v2\/tags?post=45050"}],"curies":[{"name":"wp","href":"https:\/\/api.w.org\/{rel}","templated":true}]}}