{"id":45059,"date":"2025-11-10T10:24:09","date_gmt":"2025-11-10T10:24:09","guid":{"rendered":"https:\/\/www.europesays.com\/lv\/45059\/"},"modified":"2025-11-10T10:24:09","modified_gmt":"2025-11-10T10:24:09","slug":"video-%e2%9f%a9-rigas-centra-divi-jauniesi-piekavusi-arvalstu-pilsoni-un-pec-tam-aplaupijusi","status":"publish","type":"post","link":"https:\/\/www.europesays.com\/lv\/45059\/","title":{"rendered":"VIDEO \u27e9 R\u012bgas centr\u0101 divi jaunie\u0161i piek\u0101vu\u0161i \u0101rvalstu pilsoni un p\u0113c tam aplaup\u012bju\u0161i"},"content":{"rendered":"<p>Ierodoties notikuma viet\u0101, tika sastapta jaunie\u0161u komp\u0101nija un aptur\u0113ta viena no person\u0101m, p\u0113c k\u0101 p\u0101r\u0113jie iesaist\u012btie b\u0113ga.<\/p>\n<p>Lai notvertu likump\u0101rk\u0101p\u0113jus, tika piesaist\u012bta papildu pa\u0161vald\u012bbas policijas ekip\u0101\u017ea, k\u0101 ar\u012b par notiku\u0161o inform\u0113ta Valsts policija (VP).<\/p>\n<p>P\u0113c \u012bsa br\u012b\u017ea divi no uzbrukum\u0101 iesaist\u012btiem jaunie\u0161iem tika aiztur\u0113ti un pie tiem atrasts cietu\u0161\u0101 v\u012brie\u0161a naudas maks ar personu apliecino\u0161iem dokumentiem.<\/p>\n<p>Vienlaikus no VP tika sa\u0146emta inform\u0101cija, ka net\u0101lu eso\u0161aj\u0101 park\u0101 vair\u0101ku jaunie\u0161u grup\u0113jums uzbrucis cit\u0101m person\u0101m. Pa\u0161vald\u012bbas policijas Videonov\u0113ro\u0161anas centra darbinieki, p\u0101rskatot videomateri\u0101lu ierakstus, konstat\u0113ja, ka abi incidenti ir saist\u012bti ar vienu un to pa\u0161u jaunie\u0161u komp\u0101niju.<\/p>\n<p>Apsekojot apk\u0101rtni, tika paman\u012btas p\u0101r\u0113j\u0101s aizdom\u0101s turam\u0101s personas un veikta to aiztur\u0113\u0161ana. Aiztur\u0113t\u0101s personas nodotas Valsts policijas darbiniekiem turpm\u0101ko procesu\u0101lo darb\u012bbu veik\u0161anai, un par notiku\u0161o s\u0101kts krimin\u0101lprocess.<\/p>\n","protected":false},"excerpt":{"rendered":"Ierodoties notikuma viet\u0101, tika sastapta jaunie\u0161u komp\u0101nija un aptur\u0113ta viena no person\u0101m, p\u0113c k\u0101 p\u0101r\u0113jie iesaist\u012btie b\u0113ga. Lai&hellip;\n","protected":false},"author":2,"featured_media":45060,"comment_status":"","ping_status":"","sticky":false,"template":"","format":"standard","meta":{"footnotes":""},"categories":[12],"tags":[23,28,29,32,33,22,30,31,35,39,38,36,37,34,40,20,26,27,24,25,899,190,189,21],"class_list":{"0":"post-45059","1":"post","2":"type-post","3":"status-publish","4":"format-standard","5":"has-post-thumbnail","7":"category-latvija","8":"tag-aktualitates","9":"tag-breaking-news","10":"tag-breakingnews","11":"tag-featured-news","12":"tag-featurednews","13":"tag-headlines","14":"tag-latest-news","15":"tag-latestnews","16":"tag-latvia","17":"tag-latvian","18":"tag-latviesu","19":"tag-latviesu-valoda","20":"tag-latviesuvaloda","21":"tag-latvija","22":"tag-lv","23":"tag-news","24":"tag-popularakas-zinas","25":"tag-popularakaszinas","26":"tag-top-stories","27":"tag-topstories","28":"tag-vardarbiba","29":"tag-zadziba","30":"tag-zadzibas","31":"tag-zinas"},"share_on_mastodon":{"url":"https:\/\/pubeurope.com\/@lv\/115524918577798181","error":""},"_links":{"self":[{"href":"https:\/\/www.europesays.com\/lv\/wp-json\/wp\/v2\/posts\/45059","targetHints":{"allow":["GET"]}}],"collection":[{"href":"https:\/\/www.europesays.com\/lv\/wp-json\/wp\/v2\/posts"}],"about":[{"href":"https:\/\/www.europesays.com\/lv\/wp-json\/wp\/v2\/types\/post"}],"author":[{"embeddable":true,"href":"https:\/\/www.europesays.com\/lv\/wp-json\/wp\/v2\/users\/2"}],"replies":[{"embeddable":true,"href":"https:\/\/www.europesays.com\/lv\/wp-json\/wp\/v2\/comments?post=45059"}],"version-history":[{"count":0,"href":"https:\/\/www.europesays.com\/lv\/wp-json\/wp\/v2\/posts\/45059\/revisions"}],"wp:featuredmedia":[{"embeddable":true,"href":"https:\/\/www.europesays.com\/lv\/wp-json\/wp\/v2\/media\/45060"}],"wp:attachment":[{"href":"https:\/\/www.europesays.com\/lv\/wp-json\/wp\/v2\/media?parent=45059"}],"wp:term":[{"taxonomy":"category","embeddable":true,"href":"https:\/\/www.europesays.com\/lv\/wp-json\/wp\/v2\/categories?post=45059"},{"taxonomy":"post_tag","embeddable":true,"href":"https:\/\/www.europesays.com\/lv\/wp-json\/wp\/v2\/tags?post=45059"}],"curies":[{"name":"wp","href":"https:\/\/api.w.org\/{rel}","templated":true}]}}