{"id":4506,"date":"2025-09-25T08:21:07","date_gmt":"2025-09-25T08:21:07","guid":{"rendered":"https:\/\/www.europesays.com\/lv\/4506\/"},"modified":"2025-09-25T08:21:07","modified_gmt":"2025-09-25T08:21:07","slug":"eiropas-cempionata-limenis-nebija-parak-augsts","status":"publish","type":"post","link":"https:\/\/www.europesays.com\/lv\/4506\/","title":{"rendered":"Eiropas \u010dempion\u0101ta l\u012bmenis nebija p\u0101r\u0101k augsts"},"content":{"rendered":"<p>Jasik\u0113vi\u010ds vada Turcijas klubu Stambulas \u201cFenerbahce\u201d, kuru p\u0101rst\u0101v Latvijas izlases sasp\u0113les vad\u012bt\u0101js Art\u016brs \u017dagars.<\/p>\n<p>Tre\u0161dien \u201cFenerbahce\u201d izc\u012bn\u012bja Turcijas Superkausu, tiekot pie pirm\u0101 titula sezon\u0101.<\/p>\n<p>&#8220;Dom\u0101ju, ka basketbola l\u012bmenis Eiropas \u010dempion\u0101t\u0101 nebija p\u0101r\u0101k augsts. \u012apa\u0161i, ja m\u0113s izsl\u0113dzam Turcijas un Serbijas sp\u0113li grupu turn\u012br\u0101, Eiropas \u010dempion\u0101ta l\u012bmenis bija t\u0101ds, ka p\u0113c Eirol\u012bgas sp\u0113\u013cu skat\u012b\u0161an\u0101s to bija gr\u016bti skat\u012bties,&#8221; ar sev rakstur\u012bgo tie\u0161umu Jasikevi\u010ds teica &#8220;Fenerbahce&#8221; TV.<\/p>\n<p>Jasikevi\u010ds uzskata, ka vislab\u0101ko basketbolu visa turn\u012bra laik\u0101 r\u0101d\u012bja Turcijas izlase, kas fin\u0101l\u0101 piek\u0101p\u0101s V\u0101cijai.<\/p>\n<p>Vi\u0146\u0161 gan atz\u012bm\u0113ja Turcijas un Serbijas sp\u0113li, kas tika aizvad\u012bta R\u012bgas grup\u0101. T\u0101 ma\u010da l\u012bmenis, vi\u0146apr\u0101t, bijis augsts.<\/p>\n<p>Serbija gan v\u0113l\u0101k nep\u0101rvar\u0113ja astotda\u013cfin\u0101lu, piek\u0101pjoties turn\u012bra p\u0101rsteiguma autorei Somijai.<\/p>\n<p>Iepriek\u0161\u0113j\u0101 sezon\u0101 Jasikevi\u010ds aizveda \u201cFenerbahce\u201d l\u012bdz Eirol\u012bgas \u010dempiontitulam.<\/p>\n","protected":false},"excerpt":{"rendered":"Jasik\u0113vi\u010ds vada Turcijas klubu Stambulas \u201cFenerbahce\u201d, kuru p\u0101rst\u0101v Latvijas izlases sasp\u0113les vad\u012bt\u0101js Art\u016brs \u017dagars. Tre\u0161dien \u201cFenerbahce\u201d izc\u012bn\u012bja Turcijas&hellip;\n","protected":false},"author":2,"featured_media":4507,"comment_status":"","ping_status":"","sticky":false,"template":"","format":"standard","meta":{"footnotes":""},"categories":[17],"tags":[1015,744,35,39,38,36,37,34,40,2121,67,2120],"class_list":{"0":"post-4506","1":"post","2":"type-post","3":"status-publish","4":"format-standard","5":"has-post-thumbnail","7":"category-sports","8":"tag-eiropas-basketbola-cempionats","9":"tag-eurobasket-2025","10":"tag-latvia","11":"tag-latvian","12":"tag-latviesu","13":"tag-latviesu-valoda","14":"tag-latviesuvaloda","15":"tag-latvija","16":"tag-lv","17":"tag-saruns-jasikevics","18":"tag-sports","19":"tag-uleb-eiroliga"},"share_on_mastodon":{"url":"","error":""},"_links":{"self":[{"href":"https:\/\/www.europesays.com\/lv\/wp-json\/wp\/v2\/posts\/4506","targetHints":{"allow":["GET"]}}],"collection":[{"href":"https:\/\/www.europesays.com\/lv\/wp-json\/wp\/v2\/posts"}],"about":[{"href":"https:\/\/www.europesays.com\/lv\/wp-json\/wp\/v2\/types\/post"}],"author":[{"embeddable":true,"href":"https:\/\/www.europesays.com\/lv\/wp-json\/wp\/v2\/users\/2"}],"replies":[{"embeddable":true,"href":"https:\/\/www.europesays.com\/lv\/wp-json\/wp\/v2\/comments?post=4506"}],"version-history":[{"count":0,"href":"https:\/\/www.europesays.com\/lv\/wp-json\/wp\/v2\/posts\/4506\/revisions"}],"wp:featuredmedia":[{"embeddable":true,"href":"https:\/\/www.europesays.com\/lv\/wp-json\/wp\/v2\/media\/4507"}],"wp:attachment":[{"href":"https:\/\/www.europesays.com\/lv\/wp-json\/wp\/v2\/media?parent=4506"}],"wp:term":[{"taxonomy":"category","embeddable":true,"href":"https:\/\/www.europesays.com\/lv\/wp-json\/wp\/v2\/categories?post=4506"},{"taxonomy":"post_tag","embeddable":true,"href":"https:\/\/www.europesays.com\/lv\/wp-json\/wp\/v2\/tags?post=4506"}],"curies":[{"name":"wp","href":"https:\/\/api.w.org\/{rel}","templated":true}]}}