{"id":45063,"date":"2025-11-10T10:27:05","date_gmt":"2025-11-10T10:27:05","guid":{"rendered":"https:\/\/www.europesays.com\/lv\/45063\/"},"modified":"2025-11-10T10:27:05","modified_gmt":"2025-11-10T10:27:05","slug":"ja-velreiz-butu-tada-situacija-rikotos-tapat-motoru-sports-sportacentrs-com","status":"publish","type":"post","link":"https:\/\/www.europesays.com\/lv\/45063\/","title":{"rendered":"&#8220;Ja v\u0113lreiz b\u016btu t\u0101d\u0101 situ\u0101cij\u0101, r\u012bkotos t\u0101pat&#8221; \u2013 Motoru sports \u2013 Sportacentrs.com"},"content":{"rendered":"<p>&#8220;Traka sac\u012bkste! Lieliski uzvar\u0113t \u0161eit, Braz\u012blij\u0101. Apbr\u012bnojama trase, neticami fani. \u0160o uzvaru veltu savam mentoram \u017dilam de Fer\u0101nam. Perfekta ned\u0113\u013cas nogale,&#8221; sac\u012bja Noriss.<\/p>\n<p>V\u0113l oktobra otraj\u0101 pus\u0113 p\u0113c Ostinas posma \u010dempion\u0101ta l\u012bderis bija Oskars Piastri, ta\u010du austr\u0101lietis jau piecos posmos nav k\u0101pis uz pjedest\u0101la, kam\u0113r Noriss uzvar\u0113jis \u010detros no p\u0113d\u0113jiem se\u0161iem posmiem. Uz Sanpaulu Noriss vi\u0146\u0161 ierad\u0101s ar viena punkta p\u0101rsvaru, bet p\u0113c triumfa tagad vad\u012bb\u0101 ir jau ar 24 punktiem.<\/p>\n<blockquote class=\"twitter-tweet\">\n<p lang=\"en\" dir=\"ltr\">P1 all the way! \u261d\ufe0f<\/p>\n<p>\ud83d\udc4f\ud83d\udc4f <a href=\"https:\/\/twitter.com\/LandoNorris?ref_src=twsrc%5Etfw\" rel=\"nofollow noopener\" target=\"_blank\">@LandoNorris<\/a> <a href=\"https:\/\/twitter.com\/hashtag\/F1?src=hash&amp;ref_src=twsrc%5Etfw\" rel=\"nofollow noopener\" target=\"_blank\">#F1<\/a> <a href=\"https:\/\/twitter.com\/hashtag\/BrazilGP?src=hash&amp;ref_src=twsrc%5Etfw\" rel=\"nofollow noopener\" target=\"_blank\">#BrazilGP<\/a> <a href=\"https:\/\/t.co\/wGAXPl9Dzu\" rel=\"nofollow\">pic.twitter.com\/wGAXPl9Dzu<\/a><\/p>\n<p>\u2014 Formula 1 (@F1) <a href=\"https:\/\/twitter.com\/F1\/status\/1987631531528249681?ref_src=twsrc%5Etfw\" rel=\"nofollow noopener\" target=\"_blank\">November 9, 2025<\/a><\/p><\/blockquote>\n<p>&#8220;Vienk\u0101r\u0161i ignor\u0113 visus, kas run\u0101 mu\u013c\u0137\u012bbas par tevi. Koncentr\u0113jies uz sevi un dari savu darbu. Komanda str\u0101d\u0101 fantastiski, dod man lielisku ma\u0161\u012bnu, un m\u0113s dodam g\u0101zi gr\u012bd\u0101 katru ned\u0113\u013cas nogali,&#8221; teica Noriss, tom\u0113r pau\u017eot ba\u017eas par Maksa Verstapena \u0101trumu. &#8220;Redzot, cik \u0101trs bija Makss, esmu nedaudz v\u012blies, ka nebij\u0101m tik \u0101tri. Bet viss v\u0113l priek\u0161\u0101 \u2013 tr\u012bs posmi, un viss var main\u012bties.&#8221;<\/p>\n<p>Tikm\u0113r Piastri Braz\u012blijas posms sag\u0101d\u0101ja v\u0113l vienu vil\u0161anos. Vi\u0146\u0161 sa\u0146\u0113ma 10 sekun\u017eu sodu p\u0113c incidenta ar Andrea Kimi Antonelli un \u0160arlu Lekl\u0113ru, kad izrais\u012bja sadursmi, m\u0113\u0123inot apdz\u012bt konkurentus pirmaj\u0101 l\u012bkum\u0101.<\/p>\n<blockquote class=\"twitter-tweet\">\n<p lang=\"en\" dir=\"ltr\">Chaos at the race restart! <a href=\"https:\/\/twitter.com\/hashtag\/F1?src=hash&amp;ref_src=twsrc%5Etfw\" rel=\"nofollow noopener\" target=\"_blank\">#F1<\/a> <a href=\"https:\/\/twitter.com\/hashtag\/BrazilGP?src=hash&amp;ref_src=twsrc%5Etfw\" rel=\"nofollow noopener\" target=\"_blank\">#BrazilGP<\/a> <a href=\"https:\/\/t.co\/isqw82KVJo\" rel=\"nofollow\">pic.twitter.com\/isqw82KVJo<\/a><\/p>\n<p>\u2014 Formula 1 (@F1) <a href=\"https:\/\/twitter.com\/F1\/status\/1987570535450989049?ref_src=twsrc%5Etfw\" rel=\"nofollow noopener\" target=\"_blank\">November 9, 2025<\/a><\/p><\/blockquote>\n<p>&#8220;Man bija \u013coti skaidra iesp\u0113ja iek\u0161mal\u0101,&#8221; skaidroja Piastri. &#8220;J\u0101, bija notika brem\u017eu blo\u0137\u0113\u0161ana, bet es atrados uz trajektorijas, uz balt\u0101s l\u012bnijas. Es nevar\u0113ju griezt t\u0101l\u0101k pa kreisi, un es ta\u010du ar\u012b nevaru pazust. Saprotu, k\u0101p\u0113c tiesne\u0161i t\u0101 l\u0113ma, bet \u0161im spriedumam nepiekr\u012btu. Ja b\u016btu v\u0113lreiz taj\u0101 situ\u0101cij\u0101, dar\u012btu to pa\u0161u.&#8221;<\/p>\n<blockquote class=\"twitter-tweet\">\n<p lang=\"en\" dir=\"ltr\">Edge-of-the-seat action at the restart! \ud83e\udd2f<a href=\"https:\/\/twitter.com\/hashtag\/F1?src=hash&amp;ref_src=twsrc%5Etfw\" rel=\"nofollow noopener\" target=\"_blank\">#F1<\/a> <a href=\"https:\/\/twitter.com\/hashtag\/BrazilGP?src=hash&amp;ref_src=twsrc%5Etfw\" rel=\"nofollow noopener\" target=\"_blank\">#BrazilGP<\/a> <a href=\"https:\/\/t.co\/MWBDDhog5t\" rel=\"nofollow\">pic.twitter.com\/MWBDDhog5t<\/a><\/p>\n<p>\u2014 Formula 1 (@F1) <a href=\"https:\/\/twitter.com\/F1\/status\/1987657201062977960?ref_src=twsrc%5Etfw\" rel=\"nofollow noopener\" target=\"_blank\">November 9, 2025<\/a><\/p><\/blockquote>\n<p>Austr\u0101lietis piebilda, ka j\u016btas sam\u0113r\u0101 mier\u012bgs, neskatoties uz atpalik\u0161anu no Norisa \u010dempion\u0101ta kopv\u0113rt\u0113jum\u0101: &#8220;Joproj\u0101m ticu, ka varu c\u012bn\u012bties par titulu. Ir biju\u0161i sare\u017e\u0123\u012bti br\u012b\u017ei, bet \u0101trums ir, un man atliek to tikai p\u0101rv\u0113rst rezult\u0101tos.&#8221;<\/p>\n<p>Sanpaulu GP sacens\u012bbu video apskats: <a target=\"_blank\" href=\"https:\/\/www.youtube.com\/watch?v=MK83clSv6-k\" rel=\"nofollow noopener\">https:\/\/www.youtube.com\/watch?v=MK8&#8230;<\/a><\/p>\n<p>F1 kopv\u0113rt\u0113jums:<\/p>\n<tr>VietaPilotsKomandaPunkti<\/tr>\n<tr class=\"even\">\n<td>1.<\/td>\n<td>Lando Noriss<\/td>\n<td>McLaren<\/td>\n<td class=\"ralign\">390<\/td>\n<\/tr>\n<tr class=\"odd\">\n<td>2.<\/td>\n<td>Oskars Piastri<\/td>\n<td>McLaren<\/td>\n<td class=\"ralign\">366<\/td>\n<\/tr>\n<tr class=\"even\">\n<td>3.<\/td>\n<td>Makss Verstapens<\/td>\n<td>Red Bull<\/td>\n<td class=\"ralign\">341<\/td>\n<\/tr>\n<tr class=\"odd\">\n<td>4.<\/td>\n<td>D\u017eord\u017es Rasels<\/td>\n<td>Mercedes<\/td>\n<td class=\"ralign\">276<\/td>\n<\/tr>\n<tr class=\"even\">\n<td>5.<\/td>\n<td>\u0160arls Lekl\u0113rs<\/td>\n<td>Ferrari<\/td>\n<td class=\"ralign\">214<\/td>\n<\/tr>\n<tr class=\"odd\">\n<td>6.<\/td>\n<td>L\u016biss Hamiltons<\/td>\n<td>Ferrari<\/td>\n<td class=\"ralign\">148<\/td>\n<\/tr>\n<tr class=\"even\">\n<td>7.<\/td>\n<td>Kimi Antonelli<\/td>\n<td>Mercedes<\/td>\n<td class=\"ralign\">122<\/td>\n<\/tr>\n<tr class=\"odd\">\n<td>8.<\/td>\n<td>Alekss Albons<\/td>\n<td>Williams<\/td>\n<td class=\"ralign\">73<\/td>\n<\/tr>\n<tr class=\"even\">\n<td>9.<\/td>\n<td>Niko Hilkenbergs<\/td>\n<td>Kick Sauber<\/td>\n<td class=\"ralign\">45<\/td>\n<\/tr>\n<tr class=\"odd\">\n<td>10.<\/td>\n<td>\u012azaks Had\u017e\u0101rs<\/td>\n<td>Racing Bulls<\/td>\n<td class=\"ralign\">41<\/td>\n<\/tr>\n<tr class=\"even\">\n<td>11.<\/td>\n<td>Fernando Alonso<\/td>\n<td>Aston Martin<\/td>\n<td class=\"ralign\">40<\/td>\n<\/tr>\n<tr class=\"odd\">\n<td>12.<\/td>\n<td>Olivers B\u0113rmans<\/td>\n<td>Haas<\/td>\n<td class=\"ralign\">40<\/td>\n<\/tr>\n<tr class=\"even\">\n<td>13.<\/td>\n<td>Karloss Sainss<\/td>\n<td>Williams<\/td>\n<td class=\"ralign\">38<\/td>\n<\/tr>\n<tr class=\"odd\">\n<td>14.<\/td>\n<td>Liams Lovsons<\/td>\n<td>Racing Bulls<\/td>\n<td class=\"ralign\">36<\/td>\n<\/tr>\n<tr class=\"even\">\n<td>15.<\/td>\n<td>L\u0101nss Strols<\/td>\n<td>Aston Martin<\/td>\n<td class=\"ralign\">32<\/td>\n<\/tr>\n<tr class=\"odd\">\n<td>16.<\/td>\n<td>Estebans Okons<\/td>\n<td>Haas<\/td>\n<td class=\"ralign\">30<\/td>\n<\/tr>\n<tr class=\"even\">\n<td>17.<\/td>\n<td>Juki Cunoda<\/td>\n<td>Red Bull<\/td>\n<td class=\"ralign\">28<\/td>\n<\/tr>\n<tr class=\"odd\">\n<td>18.<\/td>\n<td>Pj\u0113rs G\u0101sl\u012b<\/td>\n<td>Alpine<\/td>\n<td class=\"ralign\">22<\/td>\n<\/tr>\n<tr class=\"even\">\n<td>19.<\/td>\n<td>Gabriels Bortoleto<\/td>\n<td>Kick Sauber<\/td>\n<td class=\"ralign\">19<\/td>\n<\/tr>\n<tr>VietaKonstruktorsPunkti<\/tr>\n<tr class=\"even\">\n<td>1.<\/td>\n<td>McLaren-Mercedes<\/td>\n<td class=\"ralign\">721<\/td>\n<\/tr>\n<tr class=\"odd\">\n<td>2.<\/td>\n<td>Mercedes<\/td>\n<td class=\"ralign\">370<\/td>\n<\/tr>\n<tr class=\"even\">\n<td>3.<\/td>\n<td>Ferrari<\/td>\n<td class=\"ralign\">364<\/td>\n<\/tr>\n<tr class=\"odd\">\n<td>4.<\/td>\n<td>Red Bull-RBPT Honda<\/td>\n<td class=\"ralign\">351<\/td>\n<\/tr>\n<tr class=\"even\">\n<td>5.<\/td>\n<td>Williams-Mercedes<\/td>\n<td class=\"ralign\">111<\/td>\n<\/tr>\n<tr class=\"odd\">\n<td>6.<\/td>\n<td>Racing Bulls-RBPT Honda<\/td>\n<td class=\"ralign\">72<\/td>\n<\/tr>\n<tr class=\"even\">\n<td>7.<\/td>\n<td>Aston Martin-Mercedes<\/td>\n<td class=\"ralign\">72<\/td>\n<\/tr>\n<tr class=\"odd\">\n<td>8.<\/td>\n<td>Haas-Ferrari<\/td>\n<td class=\"ralign\">62<\/td>\n<\/tr>\n<tr class=\"even\">\n<td>9.<\/td>\n<td>Sauber-Ferrari<\/td>\n<td class=\"ralign\">60<\/td>\n<\/tr>\n<tr class=\"odd\">\n<td>10.<\/td>\n<td>Alpine-Renault<\/td>\n<td class=\"ralign\">21<\/td>\n<\/tr>\n<p>                <script async src=\"https:\/\/platform.twitter.com\/widgets.js\" charset=\"utf-8\"><\/script><\/p>\n","protected":false},"excerpt":{"rendered":"&#8220;Traka sac\u012bkste! Lieliski uzvar\u0113t \u0161eit, Braz\u012blij\u0101. Apbr\u012bnojama trase, neticami fani. \u0160o uzvaru veltu savam mentoram \u017dilam de Fer\u0101nam.&hellip;\n","protected":false},"author":2,"featured_media":45064,"comment_status":"","ping_status":"","sticky":false,"template":"","format":"standard","meta":{"footnotes":""},"categories":[17],"tags":[35,39,38,36,37,34,40,165,67],"class_list":{"0":"post-45063","1":"post","2":"type-post","3":"status-publish","4":"format-standard","5":"has-post-thumbnail","7":"category-sports","8":"tag-latvia","9":"tag-latvian","10":"tag-latviesu","11":"tag-latviesu-valoda","12":"tag-latviesuvaloda","13":"tag-latvija","14":"tag-lv","15":"tag-motoru-sports","16":"tag-sports"},"share_on_mastodon":{"url":"https:\/\/pubeurope.com\/@lv\/115524930301985123","error":""},"_links":{"self":[{"href":"https:\/\/www.europesays.com\/lv\/wp-json\/wp\/v2\/posts\/45063","targetHints":{"allow":["GET"]}}],"collection":[{"href":"https:\/\/www.europesays.com\/lv\/wp-json\/wp\/v2\/posts"}],"about":[{"href":"https:\/\/www.europesays.com\/lv\/wp-json\/wp\/v2\/types\/post"}],"author":[{"embeddable":true,"href":"https:\/\/www.europesays.com\/lv\/wp-json\/wp\/v2\/users\/2"}],"replies":[{"embeddable":true,"href":"https:\/\/www.europesays.com\/lv\/wp-json\/wp\/v2\/comments?post=45063"}],"version-history":[{"count":0,"href":"https:\/\/www.europesays.com\/lv\/wp-json\/wp\/v2\/posts\/45063\/revisions"}],"wp:featuredmedia":[{"embeddable":true,"href":"https:\/\/www.europesays.com\/lv\/wp-json\/wp\/v2\/media\/45064"}],"wp:attachment":[{"href":"https:\/\/www.europesays.com\/lv\/wp-json\/wp\/v2\/media?parent=45063"}],"wp:term":[{"taxonomy":"category","embeddable":true,"href":"https:\/\/www.europesays.com\/lv\/wp-json\/wp\/v2\/categories?post=45063"},{"taxonomy":"post_tag","embeddable":true,"href":"https:\/\/www.europesays.com\/lv\/wp-json\/wp\/v2\/tags?post=45063"}],"curies":[{"name":"wp","href":"https:\/\/api.w.org\/{rel}","templated":true}]}}