{"id":45077,"date":"2025-11-10T10:44:06","date_gmt":"2025-11-10T10:44:06","guid":{"rendered":"https:\/\/www.europesays.com\/lv\/45077\/"},"modified":"2025-11-10T10:44:06","modified_gmt":"2025-11-10T10:44:06","slug":"ar-koncertu-seriju-iezimes-benjaminu-nama-lomu-tresas-atmodas-vesture","status":"publish","type":"post","link":"https:\/\/www.europesays.com\/lv\/45077\/","title":{"rendered":"Ar koncertu s\u0113riju iez\u012bm\u0113s Benjami\u0146u nama lomu Tre\u0161\u0101s atmodas v\u0113stur\u0113"},"content":{"rendered":"<p>K\u0101da gan saist\u012bba Benjami\u0146u namam ar dziesmoto revol\u016bciju jeb tre\u0161o Latvijas atmodu? 1988. gad\u0101 <a href=\"https:\/\/sejas.tvnet.lv\/term\/785921\/benjaminu-nams\" class=\"topicLink\" target=\"_blank\" rel=\"nofollow noopener\">Benjami\u0146u nams<\/a> bija rado\u0161o savien\u012bbu nams, kur\u0101 tika dibin\u0101ta Tautas fronte, un tas k\u013cuva par simbolisku Latvijas neatkar\u012bbas atjauno\u0161anas centru, kur\u0101 tika izstr\u0101d\u0101ta valsts neatkar\u012bbas atjauno\u0161anas strat\u0113\u0123ija un taktika.<\/p>\n<p>Tre\u0161dien un ceturtdien, 12. un 13. novembr\u012b, r\u012bdzinieki un pils\u0113tas viesi tiek aicin\u0101ti uz \u012bpa\u0161u vakaru, kur\u0101 b\u016bs iesp\u0113ja uzzin\u0101t Latvijas neatkar\u012bbas st\u0101stu saist\u012bb\u0101 ar Benjami\u0146u namu un baud\u012bt komponista, \u010dellista K\u0101r\u013ca Auz\u0101na solo koncertu, kur\u0101 izskan\u0113s m\u016bzi\u0137a kompon\u0113t\u0101 m\u016bzika daudzs\u0113riju filmai &#8220;Em\u012blija. Latvijas preses karaliene&#8221; par Em\u012blijas Benjami\u0146as dz\u012bvi, k\u0101 ar\u012b ska\u0146darbi no folkbaleta izr\u0101des &#8220;Cik saules m\u016bsos&#8221; un citi \u0161im sv\u0113tku laikam piem\u0113roti ori\u0123in\u0101ldarbi.<\/p>\n<p>Savuk\u0101rt piektdien, 14. novembr\u012b, namu pieskandin\u0101s grupas &#8220;P\u0113rkons&#8221; le\u0123end\u0101r\u0101s dziesmas. M\u016bsdien\u0101s grupu &#8220;P\u0113rkons&#8221; daudzi latvie\u0161i uztver k\u0101 pa\u0161saprotamu un noz\u012bm\u012bgu v\u0113rt\u012bbu.<\/p>\n<p>Asto\u0146desmitajos un devi\u0146desmitajos gados &#8220;P\u0113rkona&#8221; dziesmas bija rado\u0161as, drosm\u012bgas un br\u012bvas domas izteiksmes veids. T\u0101s atbalsoj\u0101s daudzviet un iedro\u0161in\u0101ja dz\u012bvot, main\u012bt savu dz\u012bvi pilnasin\u012bgi un drosm\u012bgi. K\u0101 jau teikts slavenaj\u0101 M\u0101ra Melgalva dzejol\u012b: &#8220;Galvenais, lai tev\u012b pa\u0161\u0101 uzplaukst sapumpurots zars\u2026&#8221;<\/p>\n","protected":false},"excerpt":{"rendered":"K\u0101da gan saist\u012bba Benjami\u0146u namam ar dziesmoto revol\u016bciju jeb tre\u0161o Latvijas atmodu? 1988. gad\u0101 Benjami\u0146u nams bija rado\u0161o&hellip;\n","protected":false},"author":2,"featured_media":45078,"comment_status":"","ping_status":"","sticky":false,"template":"","format":"standard","meta":{"footnotes":""},"categories":[19],"tags":[1434,11586,89,90,12646,35,39,38,36,37,34,40,12645],"class_list":{"0":"post-45077","1":"post","2":"type-post","3":"status-publish","4":"format-standard","5":"has-post-thumbnail","7":"category-izklaide","8":"tag-atmoda","9":"tag-benjaminu-nams","10":"tag-entertainment","11":"tag-izklaide","12":"tag-karlis-auzans","13":"tag-latvia","14":"tag-latvian","15":"tag-latviesu","16":"tag-latviesu-valoda","17":"tag-latviesuvaloda","18":"tag-latvija","19":"tag-lv","20":"tag-perkons"},"share_on_mastodon":{"url":"https:\/\/pubeurope.com\/@lv\/115524997163824507","error":""},"_links":{"self":[{"href":"https:\/\/www.europesays.com\/lv\/wp-json\/wp\/v2\/posts\/45077","targetHints":{"allow":["GET"]}}],"collection":[{"href":"https:\/\/www.europesays.com\/lv\/wp-json\/wp\/v2\/posts"}],"about":[{"href":"https:\/\/www.europesays.com\/lv\/wp-json\/wp\/v2\/types\/post"}],"author":[{"embeddable":true,"href":"https:\/\/www.europesays.com\/lv\/wp-json\/wp\/v2\/users\/2"}],"replies":[{"embeddable":true,"href":"https:\/\/www.europesays.com\/lv\/wp-json\/wp\/v2\/comments?post=45077"}],"version-history":[{"count":0,"href":"https:\/\/www.europesays.com\/lv\/wp-json\/wp\/v2\/posts\/45077\/revisions"}],"wp:featuredmedia":[{"embeddable":true,"href":"https:\/\/www.europesays.com\/lv\/wp-json\/wp\/v2\/media\/45078"}],"wp:attachment":[{"href":"https:\/\/www.europesays.com\/lv\/wp-json\/wp\/v2\/media?parent=45077"}],"wp:term":[{"taxonomy":"category","embeddable":true,"href":"https:\/\/www.europesays.com\/lv\/wp-json\/wp\/v2\/categories?post=45077"},{"taxonomy":"post_tag","embeddable":true,"href":"https:\/\/www.europesays.com\/lv\/wp-json\/wp\/v2\/tags?post=45077"}],"curies":[{"name":"wp","href":"https:\/\/api.w.org\/{rel}","templated":true}]}}