{"id":45085,"date":"2025-11-10T10:50:09","date_gmt":"2025-11-10T10:50:09","guid":{"rendered":"https:\/\/www.europesays.com\/lv\/45085\/"},"modified":"2025-11-10T10:50:09","modified_gmt":"2025-11-10T10:50:09","slug":"decembri-notiks-ikgadejais-festivals-eiropas-ziemassvetki","status":"publish","type":"post","link":"https:\/\/www.europesays.com\/lv\/45085\/","title":{"rendered":"Decembr\u012b notiks ikgad\u0113jais festiv\u0101ls &#8220;Eiropas Ziemassv\u0113tki&#8221;"},"content":{"rendered":"<p>VSIA &#8220;Latvijas Koncerti&#8221; r\u012bkotais festiv\u0101ls &#8220;Eiropas Ziemassv\u0113tki&#8221; norisin\u0101sies no 11. l\u012bdz 30. decembrim, aicinot klaus\u012bt\u0101jus piedz\u012bvot \u012bpa\u0161o Ziemassv\u0113tku noska\u0146u. Festiv\u0101l\u0101 skan\u0113s Johana Sebasti\u0101na Baha, Fran\u010da \u0160\u016bberta, Kloda Debis\u012b, Riharda \u0160trausa un citu klasi\u0137u m\u016bzika, k\u0101 ar\u012b tradicion\u0101l\u0101s Ziemassv\u0113tku melodijas. Festiv\u0101la \u012bpa\u0161ais notikums \u2013 d\u017eeza zvaigznes D\u017eord\u017eijas Ses\u012blas un &#8220;Latvijas Radio bigbenda&#8221; koncerts, inform\u0113 &#8220;Latvijas Koncerti&#8221; p\u0101rst\u0101ve Ieva Mora.<\/p>\n<p>Koncertos uz skatuves k\u0101ps Latvij\u0101 atz\u012bti un iem\u012b\u013coti m\u0101kslinieki \u2013 kameror\u0137estris &#8220;Sinfonietta R\u012bga&#8221; un vijolniece Alfija Bakijeva, R\u012bgas Saksofonu kvartets, dzied\u0101t\u0101ji: Edgars O\u0161leja, Et\u012bna Em\u012blija Saul\u012bte, Ter\u0113ze Gretere, Brigita Reisone, Ralfs Eilands, aktieri: Guna Zari\u0146a un Artis Jan\u010devskis, un v\u0113l daudzi citi. <\/p>\n<p>&#8220;Latvijas d\u017eeza zvaigznes&#8221;<\/p>\n<p>11. decembr\u012b pulksten 19:00 Sp\u012b\u0137eru koncertz\u0101l\u0113 festiv\u0101lu atkl\u0101s tik\u0161an\u0101s ar m\u016bsu pa\u0161u talantiem programm\u0101 &#8220;Latvijas d\u017eeza zvaigznes&#8221;. <\/p>\n<p>Ziemassv\u0113tku laiks R\u012bg\u0101 iemirdzas \u012bpa\u0161\u0101 gaism\u0101 un \u0161ogad sv\u0113tku saj\u016btu papildin\u0101s ar\u012b spo\u017e\u0101kie Latvijas d\u017eeza m\u0101kslinieki: Mat\u012bss \u010cudars, J\u0101nis Rubiks, Toms Rudzinskis, J\u0101nis Jaunalksnis. Koncert\u0101 skan\u0113s gan siltas un izsmalcin\u0101tas ori\u0123in\u0101lkompoz\u012bcijas, gan \u012bpa\u0161i sv\u0113tkiem rad\u012btas aran\u017eijas, kur\u0101s b\u016bs ar\u012b pa k\u0101dai labi zin\u0101mai Ziemassv\u0113tku melodijai.<\/p>\n<p>&#8220;Guna Zari\u0146a koncertprogramm\u0101 &#8220;Dzeltenais Trotu\u0101rs&#8221;&#8221;<\/p>\n<p>14. decembr\u012b pulksten 19:00 Sp\u012b\u0137eru koncertz\u0101l\u0113 b\u016bs klaus\u0101ma koncertprogramma &#8220;Guna Zari\u0146a koncertprogramm\u0101 &#8220;Dzeltenais Trotu\u0101rs&#8221;&#8221;. <\/p>\n<p>Uz vienas skatuves tiksies aktrise Guna Zari\u0146a, flautiste Maija Zandberga, fagotists J\u0101nis Semjonovs un pianists Rihards Ple\u0161anovs. Programm\u0101 &#8220;Dzeltenais trotu\u0101rs&#8221; skan\u0113s latvie\u0161u komponistes Annas Veismanes ori\u0123in\u0101lm\u016bzika un novatorisk\u0101s latvie\u0161u modernisma p\u0101rst\u0101ves, dzejnieces Montas Kromas dzejas darbi. Liel\u0101s m\u016bzikas balvas 2023 ceremonij\u0101 koncertprogramma &#8220;Dzeltens trotu\u0101rs&#8221; tika pasludin\u0101ta par &#8220;Gada kamerizr\u0101di&#8221;.<\/p>\n<p>&#8220;Radio SWH d\u017eeza klubs&#8221;<\/p>\n<p>18. decembr\u012b pulksten 19:00 Sp\u012b\u0137eru koncertz\u0101le atkal p\u0101rtaps par pasaules l\u012bme\u0146a d\u017eeza klubu, jo ko\u0161i un dinamiski izskan\u0113s iedibin\u0101tais koncertcikls &#8220;Radio SWH d\u017eeza klubs&#8221;. <\/p>\n<p>P\u0113c ilg\u0101ka p\u0101rtraukuma uz vienas skatuves kop\u0101 atkal k\u0101ps vok\u0101lists Ralfs Eilands un &#8220;Latvijas Radio bigbenda&#8221; m\u016bzi\u0137i. Koncertprogramm\u0101 b\u016bs iek\u013cautas dziesmas un ska\u0146darbi no programmas &#8220;Cits Pauls&#8221;, kas ir maestro Raimonda Paula darbi jaunos aran\u017e\u0113jumos, k\u0101 ar\u012b m\u016bzikas m\u012b\u013cot\u0101jiem b\u016bs iesp\u0113ja dzird\u0113t Ralfa Eilanda or\u0123in\u0101lm\u016bziku un funk, un soul m\u016bzikas korifeju kompoz\u012bcijas.<\/p>\n<p>&#8220;Baroka Ziemassv\u0113tki. Bahs un T\u0113lemanis&#8221;<\/p>\n<p>Festiv\u0101la n\u0101ko\u0161ais koncerts 19. decembr\u012b aicina uz Latvijas Universit\u0101tes Lielo aulu, kur pulksten 19:00 izskan\u0113s pirmssv\u0113tku programma &#8220;Baroka Ziemassv\u0113tki. Bahs un T\u0113lemanis&#8221;. <\/p>\n<p>Sav\u0101 pirmaj\u0101 kopdarb\u0101 ar kameror\u0137estra &#8220;Sinfonietta R\u012bga&#8221; m\u016bzi\u0137iem uzst\u0101sies vijolniece un atska\u0146ojuma vad\u012bt\u0101ja Alfija Bakijeva. Koncerts aicin\u0101s \u013cauties Georga F\u012blipa T\u0113lema\u0146a \u0161\u0137elm\u012bgajam dz\u012bvespriekam un galma deju rakstiem, iepaz\u012bt baroka avangardistu Janu D\u012bsmasu Zelenku, kura ska\u0146u tinumos iev\u0113rpjas ekscentriski neparedzami \u017eesti, un piedz\u012bvot katarsi Johana Sebasti\u0101na Baha apskaidrotaj\u0101 c\u0113lsvin\u012bgum\u0101.<\/p>\n<p>&#8220;Debis\u012b. Ir j\u0101piedz\u012bvo&#8221;<\/p>\n<p>20. decembr\u012b pulksten 19:00 Sp\u012b\u0137eru koncertz\u0101l\u0113 b\u016bs iesp\u0113ja piedz\u012bvot sap\u0146ainu un mierpilnu koncertprogrammu &#8220;Artis Jan\u010devskis koncertizr\u0101d\u0113 &#8220;Debis\u012b. Ir j\u0101piedz\u012bvo&#8221;.<\/p>\n<p>Muzik\u0101lo st\u0101stu veidoju\u0161i tr\u012bs spilgti jaunie talanti: sopr\u0101ns Et\u012bna Em\u012blija Saul\u012bte, pianists Daniils Mickevi\u010ds un Valmieras te\u0101tra jaunais aktieris Artis Jan\u010devskis. Ar Madaras Rutk\u0113vi\u010das scen\u0101riju bag\u0101tin\u0101tais st\u0101sts Kloda Debis\u012b person\u012bbu portret\u0113s caur vi\u0146a pa\u0161a kompoz\u012bcij\u0101m un v\u0113stul\u0113m, kuras vi\u0146\u0161 rakst\u012bjis gan sev tuviem cilv\u0113kiem, gan iev\u0113rojamiem da\u017e\u0101du m\u0101kslas sf\u0113ru p\u0101rst\u0101vjiem, atkl\u0101jot k\u0101 savas emocijas, t\u0101 ar\u012b p\u0101rdomas par visda\u017e\u0101d\u0101kajiem tematiem.<\/p>\n<p>&#8220;K\u0101rlis L\u0101cis, Filips Gl\u0101ss un R\u012bgas Saksofonu kvartets&#8221;<\/p>\n<p>21. decembr\u012b pulksten 19:00 Sp\u012b\u0137eru koncertz\u0101l\u0113 koncertprogramm\u0101 &#8220;K\u0101rlis L\u0101cis, Filips Gl\u0101ss un R\u012bgas Saksofonu kvartets&#8221; uz vienas skatuves tiksies &#8220;R\u012bgas Saksofonu kvartets&#8221; un dzied\u0101t\u0101ja Ter\u0113ze Gretere. <\/p>\n<p>Programm\u0101 Georga Pel\u0113\u010da kant\u0101te ar Alfr\u0113da Kr\u016bk\u013ca v\u0101rdiem &#8220;Sniega \u0161\u016bpul\u012b&#8221;, Filipa Gl\u0101sa &#8220;Saksofonu kvartets&#8221; un K\u0101r\u013ca L\u0101\u010da dziesmas ar Imanta Ziedo\u0146a dzeju no albuma &#8220;Ziedonis. L\u0101cis. Sievietes&#8221;: &#8220;Ir t\u0101di cilv\u0113ki&#8221;, &#8220;Tu atn\u0101ci pie manis nu jau otr\u0101m l\u0101dz\u0113m&#8221;, &#8220;Bez m\u012blest\u012bbas nedz\u012bvojiet&#8221;, &#8220;Nieki. Nekas&#8221;, &#8220;Nek\u0101 jau nepietr\u016bkst&#8221;.<\/p>\n<p>&#8220;Verdi, \u0160trauss, \u0160\u016bberts un latvie\u0161i&#8221;<\/p>\n<p>26. decembr\u012b pulksten 19:00 Sp\u012b\u0137eru koncertz\u0101l\u0113 festiv\u0101ls aicina \u013cauties kamerm\u016bzikas un operm\u016bzikas \u0161armam koncertprogramm\u0101 &#8220;Verdi, \u0160trauss, \u0160\u016bberts un latvie\u0161i&#8221;.<\/p>\n<p>2011. gada ruden\u012b dibin\u0101taj\u0101 &#8220;NYX Trio&#8221; muzic\u0113 tr\u012bs pieredz\u0113ju\u0161as kamerm\u016bzi\u0137es \u2013 flautiste Anete To\u010da, vijolniece Tatjana Ostrovska un pianiste Ieva Sarja. Programm\u0101 vi\u0146\u0101m piesvienosies jaunais vok\u0101lais talants Brigita Reisone. L\u012bdztekus tradicion\u0101laj\u0101m Ziemassv\u0113tku melodij\u0101m skan\u0113s lappuses no it\u0101\u013cu opergrandu Gaet\u0101no Doniceti un D\u017euzepes Verdi sirdssilt\u0101s m\u016bzikas, v\u0101cie\u0161a Riharda \u0160trausa bezgalkr\u0101sain\u0101s vok\u0101l\u0101s lirikas un austrie\u0161u romanti\u0137a Fran\u010da \u0160\u016bberta dziesmot\u0101s dai\u013crades, ar\u012b m\u016bsu pa\u0161u ska\u0146ra\u017eu \u2013 klasi\u0137u J\u0101zepa V\u012btola un Arnolda \u0160turma un laikabiedru \u2013 Imanta Zemzara, Aivara Kal\u0113ja un Lolitas Ritmanis un Hellas Milbretas-Holmas \u2013 dzi\u013ci latvisk\u0101s ska\u0146um\u0101kslas.<\/p>\n<p>&#8220;Georgija C\u00e9cile un Latvijas Radio bigbends&#8221;<\/p>\n<p>27. decembr\u012b pulksten 19:00 R\u012bgas cirk\u0101 uzst\u0101sies starptautiski atz\u012bta d\u017eeza m\u016bzikas zvaigzne D\u017eord\u017eija Ses\u012bla (Georgia C\u00e9cile), operdzied\u0101t\u0101js Edgars O\u0161leja un &#8220;Latvijas Radio bigbends&#8221; programm\u0101 &#8220;Georgija C\u00e9cile un Latvijas Radio bigbends&#8221;. <\/p>\n<p>D\u017eord\u017eija Ses\u012bla ieguvusi &#8220;UK Jazz Act Of The Year&#8221; un &#8220;Jazz FM&#8221; 2022. gada vok\u0101lista balvu. &#8220;M\u0101ksliniece \u0161obr\u012bd atrodas britu jaun\u0101 crossover m\u0101kslinieku vi\u013c\u0146a virsotn\u0113. Vi\u0146ai piem\u012bt reta sp\u0113ja ar savu unik\u0101lo balss tembru un dzied\u0101juma emocion\u0101lo dzi\u013cumu aizkustin\u0101t klaus\u012bt\u0101jus, lai kur ar\u012b uzst\u0101tos,&#8221; t\u0101 par vi\u0146u raksta &#8220;Jazz FM&#8221;. Programm\u0101 D\u017eord\u017eijas Ses\u012blas ori\u0123in\u0101lm\u016bzika un le\u0123end\u0101ras sv\u0113tku melodijas.<\/p>\n<p>&#8220;Vecgada koncerts sve\u010du gaism\u0101&#8221;<\/p>\n<p>29. decembr\u012b pulksten 19:00 Sp\u012b\u0137eru koncertz\u0101l\u0113 emocij\u0101m bag\u0101ta b\u016bs koncertprogramma &#8220;Vecgada koncerts sve\u010du gaism\u0101&#8221;. <\/p>\n<p>Norv\u0113\u0123ijas m\u016bzikas akad\u0113mij\u0101 Oslo un Kolbernas skol\u0101 Losand\u017eelos\u0101 meistar\u012bbu spodrin\u0101ju\u0161ais klarnetists Art\u016brs Perts un Latvijas klaviersp\u0113les lab\u0101ko trad\u012bciju turpin\u0101t\u0101ja Evel\u012bna J\u0113kabsone ir viens no aizvad\u012bt\u0101 gada liel\u0101kajiem kamermuzic\u0113\u0161anas jaunatkl\u0101jumiem! Saskan\u012bgais jauno m\u0101kslinieku duets ar savu daudzveid\u012bgo programmu v\u0113las aizvest klaus\u012bt\u0101jus uz da\u017e\u0101d\u0101m kult\u016brtelp\u0101m, atska\u0146ojot K\u0101r\u013ca Marijas V\u0113bera, Kloda Debis\u012b, Johannesa Br\u0101msa Pirm\u0101s, F\u0113liksa Mendelszona, Fran\u010da Lista un Raivja Misjuna m\u016bzika.<\/p>\n<p>&#8220;Ziemassv\u0113tku oratorija&#8221;<\/p>\n<p>30. decembr\u012b pulksten 19:00 Tor\u0146kalna bazn\u012bc\u0101 festiv\u0101lu nosl\u0113gs Johana Sebasti\u0101na Baha &#8220;Ziemassv\u0113tku oratorija&#8221;, kas ir k\u013cuvusi par neat\u0146emamu Ziemassv\u0113tku laika trad\u012bciju ne tikai Latvij\u0101, bet ar\u012b daudz\u0101s Eiropas koncertz\u0101l\u0113s un bazn\u012bc\u0101s. <\/p>\n<p>Lai ar\u012b Kristus piedzim\u0161anas st\u0101sts saturiski ir nemain\u012bgs un oratorijas taktis viegli atsaucamas atmi\u0146\u0101, komponista monument\u0101lais opuss klaus\u012bt\u0101ju sird\u012bs un pr\u0101tos alla\u017e ielej mierpilnu prieku un dzirkst\u012bjo\u0161u l\u012bksmi. Diri\u0123enta Kaspara Putni\u0146a virkn\u0113tie oratorijas fragmenti \u013caus piedz\u012bvot gan Kristus piedzim\u0161anas st\u0101stu, gan Johana Sebasti\u0101na Baha m\u016bzikas neatk\u0101rtojamo burv\u012bbu. Koncert\u0101 piedal\u012bsies sopr\u0101ns Gunta Smirnova, mecosopr\u0101ns Doroteja B\u012bnerte, tenors Mihaels Mogls, basbaritons Rihards Millers, &#8220;Latvijas Radio koris&#8221;, kameror\u0137estris &#8220;Sinfonietta R\u012bga&#8221; un diri\u0123ents Kaspars Putni\u0146\u0161. Koncert\u0101 skan\u0113s oratorijas 1.,2. un 6. kant\u0101te.<\/p>\n<p>Bi\u013cetes ir iesp\u0113jams ieg\u0101d\u0101ties &#8220;Bi\u013ce\u0161u parad\u012bze&#8221; kas\u0113s.<\/p>\n<p class=\"m-0\">Seko &#8220;Delfi&#8221; ar\u012b  <a target=\"_blank\" href=\"https:\/\/www.instagram.com\/delfi.lv\/\" rel=\"nofollow noopener\">Instagram<\/a>  un <a target=\"_blank\" href=\"https:\/\/www.youtube.com\/channel\/UCw5foWtcJvAbUm64rv7jwUQ\" rel=\"nofollow noopener\">YouTube<\/a>  profil\u0101 \u2013 pievienojies, lai uzzin\u0101tu svar\u012bg\u0101ko un interesant\u0101ko pirmais!<\/p>\n<p>Publik\u0101cijas saturs vai t\u0101s jebk\u0101da apjoma da\u013ca ir aizsarg\u0101ts autorties\u012bbu objekts Autorties\u012bbu likuma izpratn\u0113, un t\u0101 izmanto\u0161ana bez izdev\u0113ja at\u013caujas ir aizliegta. Vair\u0101k lasi  <a target=\"_blank\" href=\"https:\/\/www.delfi.lv\/noteikumi#autortiesibas\" rel=\"nofollow noopener\">\u0161eit<\/a><script async src=\"\/\/www.instagram.com\/embed.js\"><\/script><\/p>\n","protected":false},"excerpt":{"rendered":"VSIA &#8220;Latvijas Koncerti&#8221; r\u012bkotais festiv\u0101ls &#8220;Eiropas Ziemassv\u0113tki&#8221; norisin\u0101sies no 11. l\u012bdz 30. decembrim, aicinot klaus\u012bt\u0101jus piedz\u012bvot \u012bpa\u0161o Ziemassv\u0113tku&hellip;\n","protected":false},"author":2,"featured_media":45086,"comment_status":"","ping_status":"","sticky":false,"template":"","format":"standard","meta":{"footnotes":""},"categories":[19],"tags":[12649,89,12651,90,12653,4325,2017,35,39,38,36,37,34,12650,1843,40,12652,6782,9945,5917,4482,12654,9687],"class_list":{"0":"post-45085","1":"post","2":"type-post","3":"status-publish","4":"format-standard","5":"has-post-thumbnail","7":"category-izklaide","8":"tag-eiropas-ziemassvetki","9":"tag-entertainment","10":"tag-guna-zarina","11":"tag-izklaide","12":"tag-janis-rubiks","13":"tag-karlis-lacis","14":"tag-koncerti","15":"tag-latvia","16":"tag-latvian","17":"tag-latviesu","18":"tag-latviesu-valoda","19":"tag-latviesuvaloda","20":"tag-latvija","21":"tag-latvijas-radio-bigbends","22":"tag-latvijas-radio-koris","23":"tag-lv","24":"tag-matiss-cudars","25":"tag-muzikas-nams-daile","26":"tag-ralfs-eilands","27":"tag-sinfonietta-riga","28":"tag-spikeru-koncertzale","29":"tag-toms-rudzinskis","30":"tag-ziemassvetki"},"share_on_mastodon":{"url":"https:\/\/pubeurope.com\/@lv\/115525020829349028","error":""},"_links":{"self":[{"href":"https:\/\/www.europesays.com\/lv\/wp-json\/wp\/v2\/posts\/45085","targetHints":{"allow":["GET"]}}],"collection":[{"href":"https:\/\/www.europesays.com\/lv\/wp-json\/wp\/v2\/posts"}],"about":[{"href":"https:\/\/www.europesays.com\/lv\/wp-json\/wp\/v2\/types\/post"}],"author":[{"embeddable":true,"href":"https:\/\/www.europesays.com\/lv\/wp-json\/wp\/v2\/users\/2"}],"replies":[{"embeddable":true,"href":"https:\/\/www.europesays.com\/lv\/wp-json\/wp\/v2\/comments?post=45085"}],"version-history":[{"count":0,"href":"https:\/\/www.europesays.com\/lv\/wp-json\/wp\/v2\/posts\/45085\/revisions"}],"wp:featuredmedia":[{"embeddable":true,"href":"https:\/\/www.europesays.com\/lv\/wp-json\/wp\/v2\/media\/45086"}],"wp:attachment":[{"href":"https:\/\/www.europesays.com\/lv\/wp-json\/wp\/v2\/media?parent=45085"}],"wp:term":[{"taxonomy":"category","embeddable":true,"href":"https:\/\/www.europesays.com\/lv\/wp-json\/wp\/v2\/categories?post=45085"},{"taxonomy":"post_tag","embeddable":true,"href":"https:\/\/www.europesays.com\/lv\/wp-json\/wp\/v2\/tags?post=45085"}],"curies":[{"name":"wp","href":"https:\/\/api.w.org\/{rel}","templated":true}]}}