{"id":45137,"date":"2025-11-10T11:37:14","date_gmt":"2025-11-10T11:37:14","guid":{"rendered":"https:\/\/www.europesays.com\/lv\/45137\/"},"modified":"2025-11-10T11:37:14","modified_gmt":"2025-11-10T11:37:14","slug":"ukraina-saskaras-ar-masivu-krievijas-dronu-uzbrukumu-135-bezpilota-lidaparati-debesis-lente-lv","status":"publish","type":"post","link":"https:\/\/www.europesays.com\/lv\/45137\/","title":{"rendered":"Ukraina saskaras ar mas\u012bvu Krievijas dronu uzbrukumu: 135 bezpilota lidapar\u0101ti debes\u012bs\u00a0\u2014\u00a0Lente.lv"},"content":{"rendered":"<p>Ukraina saskaras ar mas\u012bvu Krievijas dronu uzbrukumu<\/p>\n<p>Nakt\u012b uz ceturtdienu Krievijas Feder\u0101cija pastiprin\u0101jusi uzbrukumus Ukrainai, raidot debes\u012bs iespaid\u012bgu skaitu dronu. P\u0113c Ukrainas Gaisa sp\u0113ku sniegt\u0101s inform\u0101cijas, agresors izmantojis aptuveni 135 bezpilota lidapar\u0101tus, izraisot satraukumu un satraukumu vis\u0101 valst\u012b. \u0160is uzbrukums ir da\u013ca no pla\u0161\u0101kas agresijas kampa\u0146as, kas turpin\u0101s jau vair\u0101kus m\u0113ne\u0161us, un liecina par Krievijas v\u0113lmi turpin\u0101t destabiliz\u0113t situ\u0101ciju Ukrain\u0101.<\/p>\n<p>Dronu armijas izrais\u012bt\u0101 spriedze un sekas<\/p>\n<p>Ukrainas pretgaisa aizsardz\u012bbas sist\u0113mas ir st\u0101ju\u0161\u0101s kaujas gatav\u012bb\u0101, cen\u0161oties neitraliz\u0113t draudus un pasarg\u0101t civiliedz\u012bvot\u0101jus un infrastrukt\u016bru. Tom\u0113r tik liela skaita dronu izvieto\u0161ana rada milz\u012bgu spriedzi un izaicin\u0101jumu aizsardz\u012bbas sp\u0113kiem. Gaisa sp\u0113ku p\u0101rst\u0101vji atz\u012bst, ka da\u013ca dronu ir izdevies notriekt, bet citi ir sasniegu\u0161i savus m\u0113r\u0137us vai pazudu\u0161i bezv\u0113sts. \u0160\u0101dos masveida uzbrukumos, kas tiek d\u0113v\u0113ti par vieniem no v\u0113rien\u012bg\u0101kajiem, Krievijas m\u0113r\u0137is ir skaidrs \u2013 rad\u012bt maksim\u0101lu post\u012bjumu un teroru civiliedz\u012bvot\u0101ju vid\u016b. Tiek zi\u0146ots par post\u012bjumiem vair\u0101kos Ukrainas re\u0123ionos, radot satiksmes trauc\u0113jumus un izraisot ugunsgr\u0113kus. Tas ir ne tikai milit\u0101rs, bet ar\u012b psiholo\u0123isks trieciens Ukrainas tautai.<\/p>\n<p>Pla\u0161\u0101ks kara konteksts un atbildes reakcijas<\/p>\n<p>\u0160is dronu uzbrukums notiek laik\u0101, kad kar\u0161 Ukrain\u0101 turpin\u0101s jau ilg\u0101ku laiku, un Krievija arvien bie\u017e\u0101k izmanto bezpilota lidapar\u0101tus sav\u0101s milit\u0101raj\u0101s oper\u0101cij\u0101s. \u0160\u0101das taktikas m\u0113r\u0137is ir ne tikai rad\u012bt fiziskus post\u012bjumus, bet ar\u012b mazin\u0101t pretinieka resursus un mor\u0101li. Ukrainas bru\u0146otie sp\u0113ki, neskatoties uz past\u0101v\u012bgiem uzbrukumiem, turpina demonstr\u0113t drosmi un ap\u0146\u0113m\u012bbu aizst\u0101v\u0113t savu valsti. Ar\u012b starptautisk\u0101 sabiedr\u012bba turpina sniegt atbalstu Ukrainai, ta\u010du kara rad\u012bt\u0101s sekas ir smagas. Jau divus gadus front\u0113 turpin\u0101s poz\u012bciju kar\u0161 ar nogurdino\u0161\u0101m kauj\u0101m, un situ\u0101cija, piem\u0113ram, Doneckas apgabal\u0101, paliek kritiska. Paral\u0113li milit\u0101raj\u0101m darb\u012bb\u0101m, tiek nov\u0113rota ar\u012b intens\u012bva dezinform\u0101cijas kampa\u0146a, kas v\u0113rsta uz sabiedr\u012bbas maldin\u0101\u0161anu.<\/p>\n<p>N\u0101kotnes perspekt\u012bvas un izaicin\u0101jumi<\/p>\n<p>\u0160\u0101ds masveida dronu uzbrukums ir skumj\u0161 atg\u0101din\u0101jums par kara ne\u017e\u0113l\u012bbu un t\u0101 posto\u0161aj\u0101m sek\u0101m. Ukraina turpina c\u012bn\u012bties par savu br\u012bv\u012bbu un teritori\u0101lo integrit\u0101ti, saskaroties ar nep\u0101rtrauktiem izaicin\u0101jumiem. N\u0101kotnes perspekt\u012bvas joproj\u0101m ir saist\u012btas ar gan milit\u0101ro situ\u0101ciju front\u0113, gan starptautisk\u0101s sabiedr\u012bbas atbalstu un sp\u0113ju pretoties agresoram. Katrs \u0161\u0101ds uzbrukums tikai pastiprina vajadz\u012bbu p\u0113c cie\u0161\u0101kas starptautisk\u0101s sadarb\u012bbas un stingr\u0101kas nost\u0101jas pret agresijas aktiem. Ukrainas tauta demonstr\u0113 neticamu iztur\u012bbu un sp\u0113ku \u0161aj\u0101 gr\u016btaj\u0101 laik\u0101, cerot uz taisn\u012bgu izn\u0101kumu un mieru sav\u0101 zem\u0113.<\/p>\n","protected":false},"excerpt":{"rendered":"Ukraina saskaras ar mas\u012bvu Krievijas dronu uzbrukumu Nakt\u012b uz ceturtdienu Krievijas Feder\u0101cija pastiprin\u0101jusi uzbrukumus Ukrainai, raidot debes\u012bs iespaid\u012bgu&hellip;\n","protected":false},"author":2,"featured_media":45138,"comment_status":"","ping_status":"","sticky":false,"template":"","format":"standard","meta":{"footnotes":""},"categories":[5],"tags":[23,28,29,12668,32,33,12669,22,3354,234,30,31,35,39,38,36,37,34,40,20,26,27,24,25,276,21],"class_list":{"0":"post-45137","1":"post","2":"type-post","3":"status-publish","4":"format-standard","5":"has-post-thumbnail","7":"category-aktualitates","8":"tag-aktualitates","9":"tag-breaking-news","10":"tag-breakingnews","11":"tag-dronu-uzbrukums","12":"tag-featured-news","13":"tag-featurednews","14":"tag-gaisa-speki","15":"tag-headlines","16":"tag-kars-ukraina","17":"tag-krievija","18":"tag-latest-news","19":"tag-latestnews","20":"tag-latvia","21":"tag-latvian","22":"tag-latviesu","23":"tag-latviesu-valoda","24":"tag-latviesuvaloda","25":"tag-latvija","26":"tag-lv","27":"tag-news","28":"tag-popularakas-zinas","29":"tag-popularakaszinas","30":"tag-top-stories","31":"tag-topstories","32":"tag-ukraina","33":"tag-zinas"},"share_on_mastodon":{"url":"https:\/\/pubeurope.com\/@lv\/115525205564610890","error":""},"_links":{"self":[{"href":"https:\/\/www.europesays.com\/lv\/wp-json\/wp\/v2\/posts\/45137","targetHints":{"allow":["GET"]}}],"collection":[{"href":"https:\/\/www.europesays.com\/lv\/wp-json\/wp\/v2\/posts"}],"about":[{"href":"https:\/\/www.europesays.com\/lv\/wp-json\/wp\/v2\/types\/post"}],"author":[{"embeddable":true,"href":"https:\/\/www.europesays.com\/lv\/wp-json\/wp\/v2\/users\/2"}],"replies":[{"embeddable":true,"href":"https:\/\/www.europesays.com\/lv\/wp-json\/wp\/v2\/comments?post=45137"}],"version-history":[{"count":0,"href":"https:\/\/www.europesays.com\/lv\/wp-json\/wp\/v2\/posts\/45137\/revisions"}],"wp:featuredmedia":[{"embeddable":true,"href":"https:\/\/www.europesays.com\/lv\/wp-json\/wp\/v2\/media\/45138"}],"wp:attachment":[{"href":"https:\/\/www.europesays.com\/lv\/wp-json\/wp\/v2\/media?parent=45137"}],"wp:term":[{"taxonomy":"category","embeddable":true,"href":"https:\/\/www.europesays.com\/lv\/wp-json\/wp\/v2\/categories?post=45137"},{"taxonomy":"post_tag","embeddable":true,"href":"https:\/\/www.europesays.com\/lv\/wp-json\/wp\/v2\/tags?post=45137"}],"curies":[{"name":"wp","href":"https:\/\/api.w.org\/{rel}","templated":true}]}}