{"id":45177,"date":"2025-11-10T12:20:08","date_gmt":"2025-11-10T12:20:08","guid":{"rendered":"https:\/\/www.europesays.com\/lv\/45177\/"},"modified":"2025-11-10T12:20:08","modified_gmt":"2025-11-10T12:20:08","slug":"izsludinati-grammy-balvu-nominanti-piecas-kategorijas-nominets-ari-andris-nelsons","status":"publish","type":"post","link":"https:\/\/www.europesays.com\/lv\/45177\/","title":{"rendered":"Izsludin\u0101ti &#8220;Grammy&#8221; balvu nominanti. Piec\u0101s kategorij\u0101s nomin\u0113ts ar\u012b Andris Nelsons"},"content":{"rendered":"<p>\u0160\u012b gada nomin\u0101ciju l\u012bderis ir amerik\u0101\u0146u reperis Kendriks Lam\u0101rs, kur\u0161 pretend\u0113 uz devi\u0146\u0101m balv\u0101m, tostarp t\u0101d\u0101s presti\u017e\u0101s kategorij\u0101s k\u0101 &#8220;Gada ieraksts&#8221;, &#8220;Gada albums&#8221; un &#8220;Gada dziesma&#8221;. Vi\u0146am seko popd\u012bva Lady Gaga ar septi\u0146\u0101m nomin\u0101cij\u0101m, ar\u012bdzan iek\u013c\u016bstot galvenaj\u0101s kategorij\u0101s un apliecinot savu nemain\u012bgi sp\u0113c\u012bgo poz\u012bciju m\u016bzikas pasaul\u0113.<\/p>\n<p>\u012apa\u0161s prieks un lepnums Latvijas m\u016bzikas cien\u012bt\u0101jiem ir par diri\u0123enta Andra Nelsona starptautiskajiem pan\u0101kumiem. Vi\u0146\u0161 kop\u0101 ar Bostonas simfonisko or\u0137estri un citiem atz\u012btiem m\u0101ksliniekiem ir nomin\u0113ts piec\u0101s klasisk\u0101s m\u016bzikas kategorij\u0101s.<\/p>\n<p>Nelsons nomin\u0113ts t\u0101d\u0101s kategorij\u0101s k\u0101 &#8220;Lab\u0101kais or\u0137estra sniegums&#8221; par Olivj\u0113 Mesi\u0101na simfonijas &#8220;Turangalila&#8221; ierakstu, &#8220;Lab\u0101kais kamerm\u016bzikas vai ansamb\u013ca sniegums&#8221; par sadarb\u012bbu ar pianisti Juju Vangu, k\u0101 ar\u012b divreiz kategorij\u0101 &#8220;Lab\u0101kais klasisk\u0101s m\u016bzikas solo&#8221; \u2013 vienreiz kop\u0101 ar Juju Vangu un otrreiz ar \u010dellistu Yo\u2011Yo Ma. T\u0101pat nomin\u0113ts ar\u012b &#8220;Mcenskas apri\u0146\u0137a L\u0113dijas Makbetas&#8221; ieraksts kategorij\u0101 &#8220;Lab\u0101k\u0101 ska\u0146u re\u017eija klasisk\u0101s m\u016bzikas albumam&#8221;, kur\u0101 Nelsons sadarbojies ar sopr\u0101nu Krist\u012bni Opolais.<\/p>\n<p>Daudzi m\u016bzikas fani vis\u0101 pasaul\u0113 bija p\u0101rsteigti un pat satraukti, neredzot nominantu sarakst\u0101 popm\u016bzikas superzvaigznes Teilores Sviftas jaun\u0101ko, divpadsmito studijas albumu &#8220;The Life of a Showgirl&#8221;. Tom\u0113r izr\u0101d\u0101s, ka iemesls nav albuma kvalit\u0101te vai \u017e\u016brijas v\u0113rt\u0113jums, bet gan albuma public\u0113\u0161anas laiks.<\/p>\n","protected":false},"excerpt":{"rendered":"\u0160\u012b gada nomin\u0101ciju l\u012bderis ir amerik\u0101\u0146u reperis Kendriks Lam\u0101rs, kur\u0161 pretend\u0113 uz devi\u0146\u0101m balv\u0101m, tostarp t\u0101d\u0101s presti\u017e\u0101s kategorij\u0101s&hellip;\n","protected":false},"author":2,"featured_media":45178,"comment_status":"","ping_status":"","sticky":false,"template":"","format":"standard","meta":{"footnotes":""},"categories":[19],"tags":[8629,89,12096,12638,11595,90,35,39,38,36,37,34,40],"class_list":{"0":"post-45177","1":"post","2":"type-post","3":"status-publish","4":"format-standard","5":"has-post-thumbnail","7":"category-izklaide","8":"tag-andris-nelsons","9":"tag-entertainment","10":"tag-grammy","11":"tag-grammy-awards","12":"tag-grammy-balva","13":"tag-izklaide","14":"tag-latvia","15":"tag-latvian","16":"tag-latviesu","17":"tag-latviesu-valoda","18":"tag-latviesuvaloda","19":"tag-latvija","20":"tag-lv"},"share_on_mastodon":{"url":"https:\/\/pubeurope.com\/@lv\/115525374640146184","error":""},"_links":{"self":[{"href":"https:\/\/www.europesays.com\/lv\/wp-json\/wp\/v2\/posts\/45177","targetHints":{"allow":["GET"]}}],"collection":[{"href":"https:\/\/www.europesays.com\/lv\/wp-json\/wp\/v2\/posts"}],"about":[{"href":"https:\/\/www.europesays.com\/lv\/wp-json\/wp\/v2\/types\/post"}],"author":[{"embeddable":true,"href":"https:\/\/www.europesays.com\/lv\/wp-json\/wp\/v2\/users\/2"}],"replies":[{"embeddable":true,"href":"https:\/\/www.europesays.com\/lv\/wp-json\/wp\/v2\/comments?post=45177"}],"version-history":[{"count":0,"href":"https:\/\/www.europesays.com\/lv\/wp-json\/wp\/v2\/posts\/45177\/revisions"}],"wp:featuredmedia":[{"embeddable":true,"href":"https:\/\/www.europesays.com\/lv\/wp-json\/wp\/v2\/media\/45178"}],"wp:attachment":[{"href":"https:\/\/www.europesays.com\/lv\/wp-json\/wp\/v2\/media?parent=45177"}],"wp:term":[{"taxonomy":"category","embeddable":true,"href":"https:\/\/www.europesays.com\/lv\/wp-json\/wp\/v2\/categories?post=45177"},{"taxonomy":"post_tag","embeddable":true,"href":"https:\/\/www.europesays.com\/lv\/wp-json\/wp\/v2\/tags?post=45177"}],"curies":[{"name":"wp","href":"https:\/\/api.w.org\/{rel}","templated":true}]}}