{"id":4519,"date":"2025-09-25T08:41:08","date_gmt":"2025-09-25T08:41:08","guid":{"rendered":"https:\/\/www.europesays.com\/lv\/4519\/"},"modified":"2025-09-25T08:41:08","modified_gmt":"2025-09-25T08:41:08","slug":"ukraini-notriekusi-krievu-bumbvedeju-un-iznicinajusi-divas-transportlidmasinas","status":"publish","type":"post","link":"https:\/\/www.europesays.com\/lv\/4519\/","title":{"rendered":"Ukrai\u0146i notrieku\u0161i krievu bumbved\u0113ju un izn\u012bcin\u0101ju\u0161i divas transportlidma\u0161\u012bnas"},"content":{"rendered":"<p>Krievu kara lidma\u0161\u012bna notriekta ceturtdien ap plkt.4.<\/p>\n<p>T\u0101 bija viena no lidma\u0161\u012bn\u0101m, kas bombard\u0113ja Zapori\u017eju, izmantojot vad\u0101m\u0101s aviobumbas.<\/p>\n<p>Ukrai\u0146i Krim\u0101 izn\u012bcin\u0101ju\u0161i divas krievu transportlidma\u0161\u012bnas<\/p>\n<p>Ukrainas Aizsardz\u012bbas ministrijas Galven\u0101s izl\u016bko\u0161anas p\u0101rvaldes (GUR) \u012bpa\u0161o uzdevumu vien\u012bba &#8220;Primari&#8221; (Spoki) okup\u0113taj\u0101 Krim\u0101 izn\u012bcin\u0101ju\u0161i divas krievu transportlidma\u0161\u012bnas &#8220;An-26&#8221; un divas krasta radiolok\u0101cijas stacijas, ceturtdien pazi\u0146ojusi GUR.<\/p>\n<p>GUR izplat\u012bjusi ar\u012b videoierakstu, kur\u0101 redzama Krievijas kara tehnikas izn\u012bcin\u0101\u0161ana.<\/p>\n<p>K\u0101 zi\u0146ots, \u012bpa\u0161o uzdevumu vien\u012bba &#8220;Primari&#8221; Krim\u0101 sv\u0113tdien izn\u012bcin\u0101ja divas Krievijas armijas pretzem\u016bde\u0146u lidma\u0161\u012bnas amf\u012bbijas &#8220;Be-12 \u010caika&#8221; un daudzfunkcion\u0101lo helikopteru &#8220;Mi-8&#8221;. Savuk\u0101rt sestdien GUR pazi\u0146oja par tr\u012bs helikopteru &#8220;Mi-8&#8221; izn\u012bcin\u0101\u0161anu Krim\u0101.<\/p>\n","protected":false},"excerpt":{"rendered":"Krievu kara lidma\u0161\u012bna notriekta ceturtdien ap plkt.4. T\u0101 bija viena no lidma\u0161\u012bn\u0101m, kas bombard\u0113ja Zapori\u017eju, izmantojot vad\u0101m\u0101s aviobumbas.&hellip;\n","protected":false},"author":2,"featured_media":4520,"comment_status":"","ping_status":"","sticky":false,"template":"","format":"standard","meta":{"footnotes":""},"categories":[14],"tags":[23,57,28,29,32,33,22,234,74,30,31,35,39,38,36,37,34,40,20,26,27,24,25,276,54,55,56,21,58],"class_list":{"0":"post-4519","1":"post","2":"type-post","3":"status-publish","4":"format-standard","5":"has-post-thumbnail","7":"category-zinas-no-arvalstim","8":"tag-aktualitates","9":"tag-arvalstim","10":"tag-breaking-news","11":"tag-breakingnews","12":"tag-featured-news","13":"tag-featurednews","14":"tag-headlines","15":"tag-krievija","16":"tag-krievijas-iebrukums-ukraina","17":"tag-latest-news","18":"tag-latestnews","19":"tag-latvia","20":"tag-latvian","21":"tag-latviesu","22":"tag-latviesu-valoda","23":"tag-latviesuvaloda","24":"tag-latvija","25":"tag-lv","26":"tag-news","27":"tag-popularakas-zinas","28":"tag-popularakaszinas","29":"tag-top-stories","30":"tag-topstories","31":"tag-ukraina","32":"tag-world","33":"tag-world-news","34":"tag-worldnews","35":"tag-zinas","36":"tag-zinas-no-arvalstim"},"share_on_mastodon":{"url":"","error":""},"_links":{"self":[{"href":"https:\/\/www.europesays.com\/lv\/wp-json\/wp\/v2\/posts\/4519","targetHints":{"allow":["GET"]}}],"collection":[{"href":"https:\/\/www.europesays.com\/lv\/wp-json\/wp\/v2\/posts"}],"about":[{"href":"https:\/\/www.europesays.com\/lv\/wp-json\/wp\/v2\/types\/post"}],"author":[{"embeddable":true,"href":"https:\/\/www.europesays.com\/lv\/wp-json\/wp\/v2\/users\/2"}],"replies":[{"embeddable":true,"href":"https:\/\/www.europesays.com\/lv\/wp-json\/wp\/v2\/comments?post=4519"}],"version-history":[{"count":0,"href":"https:\/\/www.europesays.com\/lv\/wp-json\/wp\/v2\/posts\/4519\/revisions"}],"wp:featuredmedia":[{"embeddable":true,"href":"https:\/\/www.europesays.com\/lv\/wp-json\/wp\/v2\/media\/4520"}],"wp:attachment":[{"href":"https:\/\/www.europesays.com\/lv\/wp-json\/wp\/v2\/media?parent=4519"}],"wp:term":[{"taxonomy":"category","embeddable":true,"href":"https:\/\/www.europesays.com\/lv\/wp-json\/wp\/v2\/categories?post=4519"},{"taxonomy":"post_tag","embeddable":true,"href":"https:\/\/www.europesays.com\/lv\/wp-json\/wp\/v2\/tags?post=4519"}],"curies":[{"name":"wp","href":"https:\/\/api.w.org\/{rel}","templated":true}]}}