{"id":45214,"date":"2025-11-10T13:08:10","date_gmt":"2025-11-10T13:08:10","guid":{"rendered":"https:\/\/www.europesays.com\/lv\/45214\/"},"modified":"2025-11-10T13:08:10","modified_gmt":"2025-11-10T13:08:10","slug":"dj-ella-izdodot-jaunu-dziesmu-iezime-siltu-skanejumu-sava-muzika","status":"publish","type":"post","link":"https:\/\/www.europesays.com\/lv\/45214\/","title":{"rendered":"DJ Ella, izdodot jaunu dziesmu, iez\u012bm\u0113 siltu skan\u0113jumu sav\u0101 m\u016bzik\u0101"},"content":{"rendered":"<p>Kad rudens piezogas ar savu v\u0113sumu, lietus l\u0101s\u0113m un aizvien \u012bs\u0101k\u0101m dien\u0101m, DJ Ella klaus\u012bt\u0101jiem d\u0101v\u0101 dziesmu, kas aicina rast siltumu sev\u012b. Jaun\u0101 dziesma &#8220;Azot\u0113&#8221; tapusi pavisam nesen \u2014 pirms p\u0101ris ned\u0113\u013c\u0101m Ellas m\u0101jas studij\u0101 R\u012bg\u0101, un t\u0101 iemieso introspekt\u012bvu noska\u0146u, kas rakstur\u012bga rudenim un ar\u012b tum\u0161\u0101kajam laikam p\u0113c t\u0101.<\/p>\n<p>&#8220;Azot\u0113&#8221; ir dziesma, kas tiks iek\u013cauta DJ Ellas tre\u0161aj\u0101 studijas album\u0101, un ir Ellas pa\u0161as rakst\u012bta un produc\u0113ta kompoz\u012bcija, kas tapusi, iedvesmojoties no t\u0101diem m\u016bsdienu elektronisk\u0101s m\u016bzikas m\u0101ksliniekiem k\u0101 Ben B\u00f6hmer, R\u00dcF\u00dcS DU SOL un ODESZA. Dziesma balst\u012bta, ejot pa \u0161o m\u0101kslinieku iez\u012bm\u0113taj\u0101m ska\u0146u tak\u0101m \u2013 apvienojot siltu elektronisko skan\u0113jumu, emocion\u0101lu dzi\u013cumu un gais\u012bgus ritmus.<\/p>\n<p>&#8220;Rudens vienm\u0113r ir bijis \u012bpa\u0161s laiks \u2013 taj\u0101 ir miers, tuk\u0161ums, un reiz\u0113 ar\u012b iesp\u0113ja atgriezties pie sevis. Dziesma &#8220;Azot\u0113&#8221; ir par to saj\u016btu, kas j\u0101mekl\u0113, lai atrastu savu gaismu un siltumu iek\u0161ien\u0113, kad \u0101r\u0101 valda pel\u0113c\u012bba un koku lapas ir nodzelt\u0113ju\u0161as,&#8221; st\u0101sta DJ Ella.<\/p>\n<p>Ar vieglu elektronisku skan\u0113jumu un melanholisku melodiju &#8220;Azot\u0113&#8221; ienes Ellas dai\u013crad\u0113 jaunu niansi \u2013 t\u0101 ir vienlaikus trausla un sp\u0113c\u012bga, personiska un univers\u0101la. Dziesma atg\u0101dina, ka ar\u012b tad, kad tumsa uz br\u012bdi uzvar gaismu, m\u0113s katrs varam atrast savas maz\u0101s gaismas dzirkstis, kas silda un iepriecina.<\/p>\n<p>Lasi ar\u012b:<\/p>\n<p><a target=\"_blank\" href=\"https:\/\/www.1188.lv\/zinas\/uz-paliksanu-elinai-furmanei-paliekot-latvija-sacies-jauns-dzives-posms\/56864\" rel=\"nofollow noopener\">Uz palik\u0161anu? El\u012bnai F\u016brmanei, paliekot Latvij\u0101, s\u0101cies jauns dz\u012bves posms<\/a><\/p>\n<p><img decoding=\"async\" src=\"https:\/\/www.europesays.com\/lv\/wp-content\/uploads\/2025\/11\/1f23bce0dcfb1354d3add726c6dc76f0.jpg\" title=\"Foto: elinafurmane\/ Instagram\" alt=\"Foto: elinafurmane\/ Instagram\"\/><\/p>\n<p class=\"article-img-desc\">Foto: elinafurmane\/ Instagram<\/p>\n","protected":false},"excerpt":{"rendered":"Kad rudens piezogas ar savu v\u0113sumu, lietus l\u0101s\u0113m un aizvien \u012bs\u0101k\u0101m dien\u0101m, DJ Ella klaus\u012bt\u0101jiem d\u0101v\u0101 dziesmu, kas&hellip;\n","protected":false},"author":2,"featured_media":45215,"comment_status":"","ping_status":"","sticky":false,"template":"","format":"standard","meta":{"footnotes":""},"categories":[19],"tags":[129,12680,2239,289,89,90,35,39,38,36,37,34,40,12681,290,7059,12682,291,7060],"class_list":{"0":"post-45214","1":"post","2":"type-post","3":"status-publish","4":"format-standard","5":"has-post-thumbnail","7":"category-izklaide","8":"tag-__typenameadvicekeyword","9":"tag-id1416","10":"tag-id93","11":"tag-id931","12":"tag-entertainment","13":"tag-izklaide","14":"tag-latvia","15":"tag-latvian","16":"tag-latviesu","17":"tag-latviesu-valoda","18":"tag-latviesuvaloda","19":"tag-latvija","20":"tag-lv","21":"tag-slugelina-furmane","22":"tag-slugkultura","23":"tag-slugmuzika","24":"tag-titleelina-furmane","25":"tag-titlekultura","26":"tag-titlemuzika"},"share_on_mastodon":{"url":"https:\/\/pubeurope.com\/@lv\/115525563665106388","error":""},"_links":{"self":[{"href":"https:\/\/www.europesays.com\/lv\/wp-json\/wp\/v2\/posts\/45214","targetHints":{"allow":["GET"]}}],"collection":[{"href":"https:\/\/www.europesays.com\/lv\/wp-json\/wp\/v2\/posts"}],"about":[{"href":"https:\/\/www.europesays.com\/lv\/wp-json\/wp\/v2\/types\/post"}],"author":[{"embeddable":true,"href":"https:\/\/www.europesays.com\/lv\/wp-json\/wp\/v2\/users\/2"}],"replies":[{"embeddable":true,"href":"https:\/\/www.europesays.com\/lv\/wp-json\/wp\/v2\/comments?post=45214"}],"version-history":[{"count":0,"href":"https:\/\/www.europesays.com\/lv\/wp-json\/wp\/v2\/posts\/45214\/revisions"}],"wp:featuredmedia":[{"embeddable":true,"href":"https:\/\/www.europesays.com\/lv\/wp-json\/wp\/v2\/media\/45215"}],"wp:attachment":[{"href":"https:\/\/www.europesays.com\/lv\/wp-json\/wp\/v2\/media?parent=45214"}],"wp:term":[{"taxonomy":"category","embeddable":true,"href":"https:\/\/www.europesays.com\/lv\/wp-json\/wp\/v2\/categories?post=45214"},{"taxonomy":"post_tag","embeddable":true,"href":"https:\/\/www.europesays.com\/lv\/wp-json\/wp\/v2\/tags?post=45214"}],"curies":[{"name":"wp","href":"https:\/\/api.w.org\/{rel}","templated":true}]}}