{"id":45326,"date":"2025-11-10T15:05:15","date_gmt":"2025-11-10T15:05:15","guid":{"rendered":"https:\/\/www.europesays.com\/lv\/45326\/"},"modified":"2025-11-10T15:05:15","modified_gmt":"2025-11-10T15:05:15","slug":"zelenskis-bridina-ka-putins-ir-nonacis-pata-situacija-un-ar-ko-tas-draud","status":"publish","type":"post","link":"https:\/\/www.europesays.com\/lv\/45326\/","title":{"rendered":"Zelenskis br\u012bdina, ka Putins ir non\u0101cis &#8220;pata&#8221; situ\u0101cij\u0101 un ar ko tas draud"},"content":{"rendered":"<p>Krievijas diktators Vladimirs Putins atrodas pata situ\u0101cij\u0101, &#13;<br \/>\n&#13;<br \/>\nproti, stadija, kad nevar uzvar\u0113t, bet negrib zaud\u0113t,  un v\u0113l pirms Krievijas pret Ukrainu izv\u0113rst\u0101 kara beig\u0101m var uzbrukt k\u0101dai Eiropas Savien\u012bbas (ES) valstij, intervij\u0101 britu laikrakstam &#8220;The Guardian&#8221; sac\u012bja Ukrainas prezidents Volodimirs Zelenskis.<\/p>\n<p>&#8220;No re\u0101lo pan\u0101kumu skata punkta Putins ir strupce\u013ca situ\u0101cij\u0101. Vi\u0146am t\u0101 dr\u012bz\u0101k ir pata situ\u0101cija. T\u0101p\u0113c \u0161\u012bs neveiksmes var pamudin\u0101t vi\u0146u mekl\u0113t citas teritorijas,&#8221; sac\u012bja prezidents.<\/p>\n<p>&#8220;Mans viedoklis ir \u0161\u0101ds. Vi\u0146\u0161 to var izdar\u012bt. Mums ir j\u0101aizmirst par visp\u0101r\u0113jo Eiropas skepsi attiec\u012bb\u0101 uz to, ka Putins vispirms grib okup\u0113t Ukrainu un tad vi\u0146\u0161 var doties kaut kur citur. Vi\u0146\u0161 gan vienu, gan otru var izdar\u012bt vienlaikus,&#8221; nor\u0101d\u012bja Zelenskis.<\/p>\n<p>Neseno incidentu s\u0113riju, kad Krievijas droni un izn\u012bcin\u0101t\u0101ji p\u0101rk\u0101pa NATO austrumu dal\u012bbvalstu Polijas, Rum\u0101nijas un Igaunijas robe\u017eas, Zelenskis saist\u012bja ar to, ka Krievijai nav izdevies pan\u0101kt b\u016btisku progresu Ukrainas front\u0113.<\/p>\n<p>Krievija jau tagad \u012bsteno &#8220;hibr\u012bdkaru pret Eiropu&#8221; un p\u0101rbauda NATO sarkan\u0101s l\u012bnijas, nor\u0101d\u012bja Ukrainas prezidents.<\/p>\n<p><img decoding=\"async\" src=\"https:\/\/www.europesays.com\/lv\/wp-content\/uploads\/2025\/11\/24fa4fff2749a29015971228a6ebc028.jpg\" title=\"Volodimirs Zelenskis. Foto: scanpix\/EPA\/STRINGER\" alt=\"Volodimirs Zelenskis. Foto: scanpix\/EPA\/STRINGER\"\/><\/p>\n<p class=\"article-img-desc\">Volodimirs Zelenskis. Foto: scanpix\/EPA\/STRINGER<\/p>\n","protected":false},"excerpt":{"rendered":"Krievijas diktators Vladimirs Putins atrodas pata situ\u0101cij\u0101, &#13; &#13; proti, stadija, kad nevar uzvar\u0113t, bet negrib zaud\u0113t, un&hellip;\n","protected":false},"author":2,"featured_media":45327,"comment_status":"","ping_status":"","sticky":false,"template":"","format":"standard","meta":{"footnotes":""},"categories":[14],"tags":[129,470,3263,6141,23,57,28,29,32,33,22,30,31,35,39,38,36,37,34,40,20,26,27,471,6142,3264,472,6143,3265,24,25,54,55,56,21,58],"class_list":{"0":"post-45326","1":"post","2":"type-post","3":"status-publish","4":"format-standard","5":"has-post-thumbnail","7":"category-zinas-no-arvalstim","8":"tag-__typenameadvicekeyword","9":"tag-id532","10":"tag-id555","11":"tag-id556","12":"tag-aktualitates","13":"tag-arvalstim","14":"tag-breaking-news","15":"tag-breakingnews","16":"tag-featured-news","17":"tag-featurednews","18":"tag-headlines","19":"tag-latest-news","20":"tag-latestnews","21":"tag-latvia","22":"tag-latvian","23":"tag-latviesu","24":"tag-latviesu-valoda","25":"tag-latviesuvaloda","26":"tag-latvija","27":"tag-lv","28":"tag-news","29":"tag-popularakas-zinas","30":"tag-popularakaszinas","31":"tag-slugkars-ukraina","32":"tag-slugvladimirs-putins","33":"tag-slugvolodimirs-zelenskis","34":"tag-titlekars-ukraina","35":"tag-titlevladimirs-putins","36":"tag-titlevolodimirs-zelenskis","37":"tag-top-stories","38":"tag-topstories","39":"tag-world","40":"tag-world-news","41":"tag-worldnews","42":"tag-zinas","43":"tag-zinas-no-arvalstim"},"share_on_mastodon":{"url":"","error":"Validation failed: Text character limit of 500 exceeded"},"_links":{"self":[{"href":"https:\/\/www.europesays.com\/lv\/wp-json\/wp\/v2\/posts\/45326","targetHints":{"allow":["GET"]}}],"collection":[{"href":"https:\/\/www.europesays.com\/lv\/wp-json\/wp\/v2\/posts"}],"about":[{"href":"https:\/\/www.europesays.com\/lv\/wp-json\/wp\/v2\/types\/post"}],"author":[{"embeddable":true,"href":"https:\/\/www.europesays.com\/lv\/wp-json\/wp\/v2\/users\/2"}],"replies":[{"embeddable":true,"href":"https:\/\/www.europesays.com\/lv\/wp-json\/wp\/v2\/comments?post=45326"}],"version-history":[{"count":0,"href":"https:\/\/www.europesays.com\/lv\/wp-json\/wp\/v2\/posts\/45326\/revisions"}],"wp:featuredmedia":[{"embeddable":true,"href":"https:\/\/www.europesays.com\/lv\/wp-json\/wp\/v2\/media\/45327"}],"wp:attachment":[{"href":"https:\/\/www.europesays.com\/lv\/wp-json\/wp\/v2\/media?parent=45326"}],"wp:term":[{"taxonomy":"category","embeddable":true,"href":"https:\/\/www.europesays.com\/lv\/wp-json\/wp\/v2\/categories?post=45326"},{"taxonomy":"post_tag","embeddable":true,"href":"https:\/\/www.europesays.com\/lv\/wp-json\/wp\/v2\/tags?post=45326"}],"curies":[{"name":"wp","href":"https:\/\/api.w.org\/{rel}","templated":true}]}}