{"id":45416,"date":"2025-11-10T16:45:08","date_gmt":"2025-11-10T16:45:08","guid":{"rendered":"https:\/\/www.europesays.com\/lv\/45416\/"},"modified":"2025-11-10T16:45:08","modified_gmt":"2025-11-10T16:45:08","slug":"fogelis-atklaj-cik-speciga-sobrid-ir-latvijas-kamaninu-sporta-izlase","status":"publish","type":"post","link":"https:\/\/www.europesays.com\/lv\/45416\/","title":{"rendered":"Fogelis atkl\u0101j, cik sp\u0113c\u012bga \u0161obr\u012bd ir Latvijas kamani\u0146u sporta izlase"},"content":{"rendered":"<p>St\u0101stot par fizisko sagatavot\u012bbu, Fogelis atkl\u0101ja, ka liela da\u013ca komandas vasar\u0101 tren\u0113j\u0101s vi\u0146a un Zinta \u0160aic\u0101na vad\u012bb\u0101, bet \u010detri sportisti &#8211; Kristers un Kendija Aparjodi, k\u0101 ar\u012b divnieks L\u016bkass Krasts\/Eduards \u0160evics-Mike\u013c\u0161evics &#8211; gatavoj\u0101s trenera Mihaila Arhipova vad\u012bb\u0101.<\/p>\n<p>&#8220;Fiziskie testi pirms sezonas liecina, ka komanda nekad nav bijusi tik sp\u0113c\u012bga,&#8221; saka Fogelis. &#8220;Attieksme visiem ir nopietna, un m\u0113r\u0137is sportistiem ir viens &#8211; <a href=\"https:\/\/www.apollo.lv\/term\/557014\/olimpiskas-speles\" class=\"topicLink\" target=\"_blank\" rel=\"nofollow noopener\">olimpisk\u0101s sp\u0113les<\/a>.&#8221;<\/p>\n<p>&#8220;Jau tre\u0161dien dosimies uz treni\u0146nometni \u012aglsas tras\u0113 Austrij\u0101, kur vasar\u0101 notika trases p\u0101rb\u016bve. V\u0113l\u0101k tren\u0113simies Oberhofas tras\u0113 V\u0101cij\u0101, kur \u0161osezon notiks Eiropas \u010dempion\u0101ts,&#8221; saka Fogelis.<\/p>\n<p>Vi\u0146\u0161 nor\u0101da, ka olimpiskaj\u0101 Kort\u012bnas d\u2019Ampeco tras\u0113 It\u0101lij\u0101, kur kamani\u0146u brauc\u0113ji jau bija oktobra beig\u0101s un novembra s\u0101kum\u0101, novembra beig\u0101s notiks v\u0113l viena treni\u0146nometne un testa sacens\u012bbas, kur\u0101s Pasaules kausa punkti netiks izc\u012bn\u012bti.<\/p>\n<p>Pasaules kausa (PK) sacens\u012bb\u0101s \u0161osezon b\u016bs devi\u0146i posmi. PK sezona decembra s\u0101kum\u0101 tiks atkl\u0101ta \u012aglsas tras\u0113 Austrij\u0101, p\u0113c tam divi posmi notiks ASV tras\u0113s P\u0101rksitij\u0101 un Leikplesid\u0101, bet gadu mij\u0101 ir iepl\u0101nots posms Siguld\u0101. P\u0113c piekt\u0101 posma janv\u0101ra s\u0101kum\u0101 beigsies olimpisk\u0101 kvalifik\u0101cija, bet pirmaj\u0101 no diviem posmiem v\u0113l vien\u0101 V\u0101cijas tras\u0113 Oberhof\u0101 tiks dal\u012btas ar\u012b Eiropas \u010dempion\u0101ta meda\u013cas, febru\u0101ra s\u0101kum\u0101 sportistiem sacen\u0161oties Mil\u0101nas-Kort\u012bnas d\u2019Ampeco olimpiskaj\u0101s sp\u0113l\u0113s.<\/p>\n","protected":false},"excerpt":{"rendered":"St\u0101stot par fizisko sagatavot\u012bbu, Fogelis atkl\u0101ja, ka liela da\u013ca komandas vasar\u0101 tren\u0113j\u0101s vi\u0146a un Zinta \u0160aic\u0101na vad\u012bb\u0101, bet&hellip;\n","protected":false},"author":2,"featured_media":45417,"comment_status":"","ping_status":"","sticky":false,"template":"","format":"standard","meta":{"footnotes":""},"categories":[17],"tags":[9921,35,39,38,36,37,34,40,1500,67,527],"class_list":{"0":"post-45416","1":"post","2":"type-post","3":"status-publish","4":"format-standard","5":"has-post-thumbnail","7":"category-sports","8":"tag-kamaninas","9":"tag-latvia","10":"tag-latvian","11":"tag-latviesu","12":"tag-latviesu-valoda","13":"tag-latviesuvaloda","14":"tag-latvija","15":"tag-lv","16":"tag-olimpiskas-speles","17":"tag-sports","18":"tag-ziemas-olimpiskas-speles"},"share_on_mastodon":{"url":"https:\/\/pubeurope.com\/@lv\/115526416691799411","error":""},"_links":{"self":[{"href":"https:\/\/www.europesays.com\/lv\/wp-json\/wp\/v2\/posts\/45416","targetHints":{"allow":["GET"]}}],"collection":[{"href":"https:\/\/www.europesays.com\/lv\/wp-json\/wp\/v2\/posts"}],"about":[{"href":"https:\/\/www.europesays.com\/lv\/wp-json\/wp\/v2\/types\/post"}],"author":[{"embeddable":true,"href":"https:\/\/www.europesays.com\/lv\/wp-json\/wp\/v2\/users\/2"}],"replies":[{"embeddable":true,"href":"https:\/\/www.europesays.com\/lv\/wp-json\/wp\/v2\/comments?post=45416"}],"version-history":[{"count":0,"href":"https:\/\/www.europesays.com\/lv\/wp-json\/wp\/v2\/posts\/45416\/revisions"}],"wp:featuredmedia":[{"embeddable":true,"href":"https:\/\/www.europesays.com\/lv\/wp-json\/wp\/v2\/media\/45417"}],"wp:attachment":[{"href":"https:\/\/www.europesays.com\/lv\/wp-json\/wp\/v2\/media?parent=45416"}],"wp:term":[{"taxonomy":"category","embeddable":true,"href":"https:\/\/www.europesays.com\/lv\/wp-json\/wp\/v2\/categories?post=45416"},{"taxonomy":"post_tag","embeddable":true,"href":"https:\/\/www.europesays.com\/lv\/wp-json\/wp\/v2\/tags?post=45416"}],"curies":[{"name":"wp","href":"https:\/\/api.w.org\/{rel}","templated":true}]}}