{"id":45426,"date":"2025-11-10T17:02:07","date_gmt":"2025-11-10T17:02:07","guid":{"rendered":"https:\/\/www.europesays.com\/lv\/45426\/"},"modified":"2025-11-10T17:02:07","modified_gmt":"2025-11-10T17:02:07","slug":"mums-jaturas-kopa-lai-saglabatu-savu-tautu-un-kulturu-lente-lv","status":"publish","type":"post","link":"https:\/\/www.europesays.com\/lv\/45426\/","title":{"rendered":"Mums j\u0101turas kop\u0101, lai saglab\u0101tu savu tautu un kult\u016bru\u00a0\u2014\u00a0Lente.lv"},"content":{"rendered":"<p>Intars Re\u0161etins par &#8220;Induli un \u0100riju&#8221;: Kop\u0101 sp\u0113jam saglab\u0101t tautu un kult\u016bru<\/p>\n<p>Tuv\u0101kajos gados Latvijas deju pasaule piedz\u012bvos noz\u012bm\u012bgu notikumu \u2013 Agra Da\u0146i\u013cevi\u010da deju skola &#8220;Dzirnas&#8221; atz\u012bm\u0113s savu 40 gadu jubileju. Lai godin\u0101tu \u0161o svar\u012bgo gadadienu, 11. novembr\u012b &#8220;Xiaomi Ar\u0113n\u0101&#8221; tiks izr\u0101d\u012bta iestud\u0113juma &#8220;Indulis un \u0100rija&#8221;, kas balst\u012bta uz Rai\u0146a romantisko tra\u0123\u0113diju. \u0160\u012b izr\u0101de ir ne tikai m\u0101kslas baud\u012bjums, bet ar\u012b dzi\u013c\u0161 v\u0113st\u012bjums par tautas identit\u0101ti un kop\u012bbas noz\u012bmi. Par iestud\u0113juma b\u016bt\u012bbu un t\u0101 v\u0113st\u012bjumu TVNET+ vair\u0101k past\u0101st\u012bja re\u017eisors Intars Re\u0161etins-P\u0113tersons.<\/p>\n<p>Kop\u012bbas sp\u0113ks tautas saglab\u0101\u0161an\u0101<\/p>\n<p>Re\u017eisors Intars Re\u0161etins-P\u0113tersons uzsver, ka &#8220;Indulis un \u0100rija&#8221; nav tikai st\u0101sts par diviem m\u012bl\u0113t\u0101jiem, bet gan dzi\u013c\u0161 aicin\u0101jums apzin\u0101ties savas saknes un tautas v\u0113rt\u012bbas. &#8220;Mums ir j\u0101turas kop\u0101, lai saglab\u0101tu savu tautu, v\u0113rt\u012bbas un kult\u016bru,&#8221; uzsv\u0113ra Re\u0161etins-P\u0113tersons, nor\u0101dot, ka \u0161is v\u0113st\u012bjums ir \u012bpa\u0161i aktu\u0101ls m\u016bsdien\u0101s, kad pasaule k\u013c\u016bst arvien globaliz\u0113t\u0101ka. Vi\u0146\u0161 sal\u012bdzina tautas saglab\u0101\u0161anu ar sp\u0113c\u012bga koka audz\u0113\u0161anu \u2013 nepiecie\u0161ama r\u016bp\u012bga kop\u0161ana, dzi\u013cas saknes un sp\u0113c\u012bgs kop\u012bbas gars, lai iztur\u0113tu jebk\u0101dus v\u0113tru.<\/p>\n<p>Rai\u0146a tra\u0123\u0113dija m\u016bsdienu interpret\u0101cij\u0101<\/p>\n<p>Rai\u0146a &#8220;Indulis un \u0100rija&#8221; ir viens no latvie\u0161u literat\u016bras noz\u012bm\u012bg\u0101kajiem darbiem, kas p\u0113ta m\u012blest\u012bbas, nodev\u012bbas un upura t\u0113mas. Re\u0161etins-P\u0113tersons ar savu iestud\u0113jumu cen\u0161as atkl\u0101t \u0161\u012bs t\u0113mas jaun\u0101 gaism\u0101, piev\u0113r\u0161oties ar\u012b tautiskajam un patriotiskajam aspektam. &#8220;Tas ir st\u0101sts par izv\u0113li \u2013 vai nu palikt uztic\u012bgam savai tautai un principiem, vai sekot person\u012bgaj\u0101m v\u0113lm\u0113m, pat ja tas noz\u012bm\u0113 atsac\u012bties no dzimtenes,&#8221; skaidro re\u017eisors. Vi\u0146\u0161 piebilst, ka izr\u0101de mudina skat\u012bt\u0101jus dom\u0101t par to, ko noz\u012bm\u0113 b\u016bt latvietim un k\u0101di ir m\u016bsu pien\u0101kumi pret savu valsti un n\u0101ciju.<\/p>\n<p>Deju skolas &#8220;Dzirnas&#8221; noz\u012bme<\/p>\n<p>Agra Da\u0146i\u013cevi\u010da deju skola &#8220;Dzirnas&#8221; ar savu 40 gadu pieredzi ir sniegusi neatsveramu ieguld\u012bjumu latvie\u0161u deju kult\u016bras att\u012bst\u012bb\u0101. \u0160is iestud\u0113jums ir ne tikai jubilejas atz\u012bm\u0113\u0161ana, bet ar\u012b apliecin\u0101jums skolas sp\u0113jai veidot noz\u012bm\u012bgus un iedvesmojo\u0161us m\u0101kslas projektus. &#8220;Dzirnas&#8221; vienm\u0113r ir biju\u0161as tuvu tautas v\u0113rt\u012bb\u0101m, un \u0161is iestud\u0113jums ir k\u0101 lo\u0123isks turpin\u0101jums vi\u0146u misijai \u2013 saglab\u0101t un populariz\u0113t latvie\u0161u kult\u016bru gan Latvij\u0101, gan pasaul\u0113. Re\u0161etins-P\u0113tersons izsaka cer\u012bbu, ka izr\u0101de sp\u0113s aizkustin\u0101t skat\u012bt\u0101ju sirdis un likt aizdom\u0101ties par svar\u012bg\u0101m t\u0113m\u0101m.<\/p>\n<p>Aicin\u0101jums uz vienot\u012bbu<\/p>\n<p>Re\u017eisors uzsver, ka m\u016bsdienu pasaul\u0113, kur\u0101 bie\u017ei vien domin\u0113 individu\u0101lisms, ir \u012bpa\u0161i svar\u012bgi atg\u0101din\u0101t par kop\u012bbas noz\u012bmi. &#8220;Indulis un \u0100rija&#8221; ir ne tikai m\u0101kslas darbs, bet ar\u012b aicin\u0101jums vienoties kop\u012bg\u0101 m\u0113r\u0137\u012b \u2013 saglab\u0101t savu tautu, t\u0101s v\u0113rt\u012bbas un kult\u016bru n\u0101kamaj\u0101m paaudz\u0113m. Tas ir aicin\u0101jums katram latvietim apzin\u0101ties savu lomu \u0161aj\u0101 proces\u0101 un dar\u012bt visu iesp\u0113jamo, lai m\u016bsu kult\u016bras mantojums tiktu nodots t\u0101l\u0101k sp\u0113c\u012bgs un nemain\u012bgs. Izr\u0101de sola neaizmirstamu emocion\u0101lu pieredzi un dzi\u013cas p\u0101rdomas par patriotismu un tautas identit\u0101ti.<\/p>\n","protected":false},"excerpt":{"rendered":"Intars Re\u0161etins par &#8220;Induli un \u0100riju&#8221;: Kop\u0101 sp\u0113jam saglab\u0101t tautu un kult\u016bru Tuv\u0101kajos gados Latvijas deju pasaule piedz\u012bvos&hellip;\n","protected":false},"author":2,"featured_media":45427,"comment_status":"","ping_status":"","sticky":false,"template":"","format":"standard","meta":{"footnotes":""},"categories":[19],"tags":[12730,89,1377,3071,90,35,39,38,12732,36,37,34,40,12731],"class_list":{"0":"post-45426","1":"post","2":"type-post","3":"status-publish","4":"format-standard","5":"has-post-thumbnail","7":"category-izklaide","8":"tag-deju-skola-dzirnas","9":"tag-entertainment","10":"tag-indulis-un-arija","11":"tag-intars-resetins","12":"tag-izklaide","13":"tag-latvia","14":"tag-latvian","15":"tag-latviesu","16":"tag-latviesu-kultura","17":"tag-latviesu-valoda","18":"tag-latviesuvaloda","19":"tag-latvija","20":"tag-lv","21":"tag-raina-tragedija"},"share_on_mastodon":{"url":"https:\/\/pubeurope.com\/@lv\/115526483658080800","error":""},"_links":{"self":[{"href":"https:\/\/www.europesays.com\/lv\/wp-json\/wp\/v2\/posts\/45426","targetHints":{"allow":["GET"]}}],"collection":[{"href":"https:\/\/www.europesays.com\/lv\/wp-json\/wp\/v2\/posts"}],"about":[{"href":"https:\/\/www.europesays.com\/lv\/wp-json\/wp\/v2\/types\/post"}],"author":[{"embeddable":true,"href":"https:\/\/www.europesays.com\/lv\/wp-json\/wp\/v2\/users\/2"}],"replies":[{"embeddable":true,"href":"https:\/\/www.europesays.com\/lv\/wp-json\/wp\/v2\/comments?post=45426"}],"version-history":[{"count":0,"href":"https:\/\/www.europesays.com\/lv\/wp-json\/wp\/v2\/posts\/45426\/revisions"}],"wp:featuredmedia":[{"embeddable":true,"href":"https:\/\/www.europesays.com\/lv\/wp-json\/wp\/v2\/media\/45427"}],"wp:attachment":[{"href":"https:\/\/www.europesays.com\/lv\/wp-json\/wp\/v2\/media?parent=45426"}],"wp:term":[{"taxonomy":"category","embeddable":true,"href":"https:\/\/www.europesays.com\/lv\/wp-json\/wp\/v2\/categories?post=45426"},{"taxonomy":"post_tag","embeddable":true,"href":"https:\/\/www.europesays.com\/lv\/wp-json\/wp\/v2\/tags?post=45426"}],"curies":[{"name":"wp","href":"https:\/\/api.w.org\/{rel}","templated":true}]}}