{"id":45443,"date":"2025-11-10T17:39:07","date_gmt":"2025-11-10T17:39:07","guid":{"rendered":"https:\/\/www.europesays.com\/lv\/45443\/"},"modified":"2025-11-10T17:39:07","modified_gmt":"2025-11-10T17:39:07","slug":"si-sezona-ir-ists-murgs","status":"publish","type":"post","link":"https:\/\/www.europesays.com\/lv\/45443\/","title":{"rendered":"\u0160\u012b sezona ir \u012bsts murgs"},"content":{"rendered":"<p>Neveiksm\u012bgi Hamiltonam izv\u0113rs\u0101s ar\u012b p\u0113d\u0113j\u0101s sacens\u012bbas Braz\u012blijas &#8220;Grand Prix&#8221; posm\u0101 Sanpaulu, kur vi\u0146\u0161 nefini\u0161\u0113ja.<\/p>\n<p>&#8220;Sezona izv\u0113rsusies par \u012bstu murgu,&#8221; p\u0113c posma Sanpaulu nesl\u0113pa Hamiltons. &#8220;Tas turpin\u0101s jau k\u0101du laiku. Mums ir j\u0101sp\u0113j tikt gal\u0101 ar \u0161\u012bm gr\u016bt\u012bb\u0101m. \u0160\u012b ned\u0113\u013cas nogale bija katastrofa un vil\u0161an\u0101s visiem komand\u0101. Es cen\u0161os dom\u0101t pozit\u012bvi.&#8221;<\/p>\n<p>Sanpaulu &#8220;Grand Prix&#8221; p\u0101rliecino\u0161u uzvaru izc\u012bn\u012bja <a href=\"https:\/\/sports.tvnet.lv\/term\/812347\/lando-noriss\" class=\"topicLink\" target=\"_blank\" rel=\"nofollow noopener\">Lando Noriss<\/a> (&#8220;McLaren&#8221;), kur\u0161 start\u0113ja no pirm\u0101s starta poz\u012bcijas un neatdeva vad\u012bbu nevien\u0101 br\u012bd\u012b.<\/p>\n<p>Tikm\u0113r &#8220;Ferrari&#8221; piedz\u012bvoja pamat\u012bgu neveiksmi. Jau piektaj\u0101 apl\u012b no sacens\u012bb\u0101m izst\u0101j\u0101s <a href=\"https:\/\/sports.tvnet.lv\/term\/595163\/sarls-leklers\" class=\"topicLink\" target=\"_blank\" rel=\"nofollow noopener\">\u0160arls Lekl\u0113rs<\/a>, kur\u0161 saboj\u0101ja sp\u0113kratu p\u0113c sadursmes ar <a href=\"https:\/\/sports.tvnet.lv\/term\/768330\/kimi-antonelli\" class=\"topicLink\" target=\"_blank\" rel=\"nofollow noopener\">Kimi Antonelli<\/a>. Savuk\u0101rt Hamiltons jau pirmajos ap\u013cos pazaud\u0113ja priek\u0161\u0113jo antisp\u0101rnu un distances vid\u016b bija spiests izst\u0101ties.<\/p>\n<p>Hamiltons \u0161osezon joproj\u0101m nav k\u0101pis uz goda pjedest\u0101la un kopv\u0113rt\u0113jum\u0101 ie\u0146em sesto vietu, par 66 punktiem atpaliekot no komandas biedra Lekl\u0113ra.<\/p>\n<p>Neraugoties uz sare\u017e\u0123\u012bto sezonu, septi\u0146k\u0101rt\u0113jais pasaules \u010dempions nezaud\u0113 tic\u012bbu &#8220;Ferrari&#8221; sp\u0113j\u0101m.<\/p>\n<blockquote class=\"quote ck-widget\" contenteditable=\"false\">\n<p>&#8220;Es joproj\u0101m ticu \u0161ai komandai un tam, ko m\u0113s varam kop\u0101 sasniegt. Man ir j\u0101turpina c\u012bn\u012bties un j\u0101dod vi\u0146iem viss, ko sp\u0113ju,&#8221; nor\u0101d\u012bja Hamiltons.<\/p>\n<\/blockquote>\n<p>Kopv\u0113rt\u0113jum\u0101 l\u012bderis ar 390 punktiem ir Noriss, kur\u0161 par 24 punktiem apsteidz savu komandas biedru Oskaru Piastri, bet <a href=\"https:\/\/sports.tvnet.lv\/term\/556415\/makss-verstapens\" class=\"topicLink\" target=\"_blank\" rel=\"nofollow noopener\">Makss Verstapens<\/a> (&#8220;Red Bull&#8221;) ar 341 punktu atrodas tre\u0161aj\u0101 poz\u012bcij\u0101.<\/p>\n<p>Uzvaru Konstruktoru kaus\u0101 jau ir nodro\u0161in\u0101jusi &#8220;McLaren&#8221; vien\u012bba.<\/p>\n","protected":false},"excerpt":{"rendered":"Neveiksm\u012bgi Hamiltonam izv\u0113rs\u0101s ar\u012b p\u0113d\u0113j\u0101s sacens\u012bbas Braz\u012blijas &#8220;Grand Prix&#8221; posm\u0101 Sanpaulu, kur vi\u0146\u0161 nefini\u0161\u0113ja. &#8220;Sezona izv\u0113rsusies par \u012bstu&hellip;\n","protected":false},"author":2,"featured_media":45444,"comment_status":"","ping_status":"","sticky":false,"template":"","format":"standard","meta":{"footnotes":""},"categories":[17],"tags":[4182,2467,12738,7283,35,39,38,36,37,34,12737,40,2358,4422,67],"class_list":{"0":"post-45443","1":"post","2":"type-post","3":"status-publish","4":"format-standard","5":"has-post-thumbnail","7":"category-sports","8":"tag-f-1","9":"tag-formula-1","10":"tag-kimi-antonelli","11":"tag-lando-noriss","12":"tag-latvia","13":"tag-latvian","14":"tag-latviesu","15":"tag-latviesu-valoda","16":"tag-latviesuvaloda","17":"tag-latvija","18":"tag-luiss-hamiltons","19":"tag-lv","20":"tag-makss-verstapens","21":"tag-sarls-leklers","22":"tag-sports"},"share_on_mastodon":{"url":"https:\/\/pubeurope.com\/@lv\/115526628965311894","error":""},"_links":{"self":[{"href":"https:\/\/www.europesays.com\/lv\/wp-json\/wp\/v2\/posts\/45443","targetHints":{"allow":["GET"]}}],"collection":[{"href":"https:\/\/www.europesays.com\/lv\/wp-json\/wp\/v2\/posts"}],"about":[{"href":"https:\/\/www.europesays.com\/lv\/wp-json\/wp\/v2\/types\/post"}],"author":[{"embeddable":true,"href":"https:\/\/www.europesays.com\/lv\/wp-json\/wp\/v2\/users\/2"}],"replies":[{"embeddable":true,"href":"https:\/\/www.europesays.com\/lv\/wp-json\/wp\/v2\/comments?post=45443"}],"version-history":[{"count":0,"href":"https:\/\/www.europesays.com\/lv\/wp-json\/wp\/v2\/posts\/45443\/revisions"}],"wp:featuredmedia":[{"embeddable":true,"href":"https:\/\/www.europesays.com\/lv\/wp-json\/wp\/v2\/media\/45444"}],"wp:attachment":[{"href":"https:\/\/www.europesays.com\/lv\/wp-json\/wp\/v2\/media?parent=45443"}],"wp:term":[{"taxonomy":"category","embeddable":true,"href":"https:\/\/www.europesays.com\/lv\/wp-json\/wp\/v2\/categories?post=45443"},{"taxonomy":"post_tag","embeddable":true,"href":"https:\/\/www.europesays.com\/lv\/wp-json\/wp\/v2\/tags?post=45443"}],"curies":[{"name":"wp","href":"https:\/\/api.w.org\/{rel}","templated":true}]}}