{"id":45535,"date":"2025-11-10T19:55:13","date_gmt":"2025-11-10T19:55:13","guid":{"rendered":"https:\/\/www.europesays.com\/lv\/45535\/"},"modified":"2025-11-10T19:55:13","modified_gmt":"2025-11-10T19:55:13","slug":"rezeknes-novada-nosalusa-divgadnieka-andreja-lieta-matei-piespriez-divu-gadu-cietumsodu","status":"publish","type":"post","link":"https:\/\/www.europesays.com\/lv\/45535\/","title":{"rendered":"R\u0113zeknes novad\u0101 nosalu\u0161\u0101 divgadnieka Andreja liet\u0101 m\u0101tei piesprie\u017e divu gadu cietumsodu"},"content":{"rendered":"<p><a href=\"https:\/\/www.apollo.lv\/term\/565901\/policija\" class=\"topicLink\" target=\"_blank\" rel=\"nofollow noopener\">Policija<\/a> bija rosin\u0101jusi prokurat\u016bru saukt 1985. gad\u0101 dzimu\u0161o sievieti, b\u0113rna m\u0101ti, pie krimin\u0101latbild\u012bbas p\u0113c diviem Krimin\u0101llikuma pantiem \u2013 par prettiesisku non\u0101v\u0113\u0161anu aiz neuzman\u012bbas (<a target=\"_blank\" rel=\"noopener noreferrer nofollow\" href=\"https:\/\/likumi.lv\/ta\/id\/88966#p123\">Krimin\u0101llikuma 123. panta pirm\u0101 da\u013ca<\/a>), k\u0101 ar\u012b par cietsird\u012bbu un vardarb\u012bbu pret nepilngad\u012bgo, ja tas izdar\u012bts pret mazgad\u012bgo (<a target=\"_blank\" rel=\"noopener noreferrer nofollow\" href=\"https:\/\/likumi.lv\/ta\/id\/88966#p174\">Krimin\u0101llikuma 174. panta otr\u0101 da\u013ca<\/a>), zi\u0146o medijs.<\/p>\n<blockquote class=\"quote ck-widget\" contenteditable=\"false\">\n<p>B\u0113rna m\u0101te Oksana Kuz\u0146ecova tika atz\u012bta par vain\u012bgu abos pantos.<\/p>\n<\/blockquote>\n<p>Tiesa sievietei piesprieda 2 gadu un 9 m\u0113ne\u0161u cietumsodu, atskaitot ieslodz\u012bjum\u0101 pavad\u012bto aiztur\u0113\u0161anas laiku.<\/p>\n<p>Tra\u0123\u0113dija notika \u0161oziem 1. febru\u0101r\u012b R\u0113zeknes novada Lend\u017eu pagast\u0101. Aps\u016bdz\u0113t\u0101 kop\u0101 ar cit\u0101m person\u0101m lietoja alkoholu un nebija nodro\u0161in\u0101jusi nepiecie\u0161amo uzraudz\u012bbu savam mazgad\u012bgajam b\u0113rnam. M\u0101te alkohola reibum\u0101, zinot, ka puis\u0113ns sav\u0101 viena gada 11 m\u0113ne\u0161u vecum\u0101 akt\u012bvi staig\u0101 un t\u0101d\u0113\u013c vi\u0146am ir nepiecie\u0161ama past\u0101v\u012bga uzraudz\u012bba, neveica nek\u0101das darb\u012bbas, lai liegtu d\u0113lam br\u012bvu piek\u013cuvi m\u0101j\u0101s eso\u0161ajiem alkoholiskajiem dz\u0113rieniem, k\u0101 ar\u012b br\u012bvu un nekontrol\u0113tu izk\u013c\u016b\u0161anu no m\u0101jas, uzsv\u0113rts aps\u016bdz\u012bb\u0101.<\/p>\n<p>Puis\u0113ns, pamodies no diendusas, m\u0101tes nolaid\u012bg\u0101s r\u012bc\u012bbas rezult\u0101t\u0101 br\u012bvi piek\u013cuva pie m\u0101j\u0101s eso\u0161\u0101 alkohola un viens pats izg\u0101ja \u0101r\u0101 sniegputen\u012b bez apaviem un virsdr\u0113b\u0113m, teikts aps\u016bdz\u012bb\u0101. Vi\u0146\u0161 ilgsto\u0161i atrad\u0101s \u0101rpus telp\u0101m bezpal\u012bdz\u012bbas st\u0101vokl\u012b, cie\u0161ot no sp\u0113c\u012bga stresa un aukstuma. V\u0113lu vakar\u0101 b\u0113rns tika atrasts apsnidzis un bez dz\u012bv\u012bbas paz\u012bm\u0113m. Veicot izmekl\u0113\u0161anas darb\u012bbas krimin\u0101lproces\u0101, tika konstat\u0113ta alkohola kl\u0101tb\u016btne b\u0113rna organism\u0101, nor\u0101da prokurat\u016br\u0101.<\/p>\n","protected":false},"excerpt":{"rendered":"Policija bija rosin\u0101jusi prokurat\u016bru saukt 1985. gad\u0101 dzimu\u0161o sievieti, b\u0113rna m\u0101ti, pie krimin\u0101latbild\u012bbas p\u0113c diviem Krimin\u0101llikuma pantiem \u2013&hellip;\n","protected":false},"author":2,"featured_media":45536,"comment_status":"","ping_status":"","sticky":false,"template":"","format":"standard","meta":{"footnotes":""},"categories":[5],"tags":[23,28,29,32,33,22,573,30,31,35,39,38,36,37,34,40,20,163,26,27,24,25,138,21],"class_list":{"0":"post-45535","1":"post","2":"type-post","3":"status-publish","4":"format-standard","5":"has-post-thumbnail","7":"category-aktualitates","8":"tag-aktualitates","9":"tag-breaking-news","10":"tag-breakingnews","11":"tag-featured-news","12":"tag-featurednews","13":"tag-headlines","14":"tag-kriminallieta","15":"tag-latest-news","16":"tag-latestnews","17":"tag-latvia","18":"tag-latvian","19":"tag-latviesu","20":"tag-latviesu-valoda","21":"tag-latviesuvaloda","22":"tag-latvija","23":"tag-lv","24":"tag-news","25":"tag-policija","26":"tag-popularakas-zinas","27":"tag-popularakaszinas","28":"tag-top-stories","29":"tag-topstories","30":"tag-valsts-policija","31":"tag-zinas"},"share_on_mastodon":{"url":"https:\/\/pubeurope.com\/@lv\/115527163797739158","error":""},"_links":{"self":[{"href":"https:\/\/www.europesays.com\/lv\/wp-json\/wp\/v2\/posts\/45535","targetHints":{"allow":["GET"]}}],"collection":[{"href":"https:\/\/www.europesays.com\/lv\/wp-json\/wp\/v2\/posts"}],"about":[{"href":"https:\/\/www.europesays.com\/lv\/wp-json\/wp\/v2\/types\/post"}],"author":[{"embeddable":true,"href":"https:\/\/www.europesays.com\/lv\/wp-json\/wp\/v2\/users\/2"}],"replies":[{"embeddable":true,"href":"https:\/\/www.europesays.com\/lv\/wp-json\/wp\/v2\/comments?post=45535"}],"version-history":[{"count":0,"href":"https:\/\/www.europesays.com\/lv\/wp-json\/wp\/v2\/posts\/45535\/revisions"}],"wp:featuredmedia":[{"embeddable":true,"href":"https:\/\/www.europesays.com\/lv\/wp-json\/wp\/v2\/media\/45536"}],"wp:attachment":[{"href":"https:\/\/www.europesays.com\/lv\/wp-json\/wp\/v2\/media?parent=45535"}],"wp:term":[{"taxonomy":"category","embeddable":true,"href":"https:\/\/www.europesays.com\/lv\/wp-json\/wp\/v2\/categories?post=45535"},{"taxonomy":"post_tag","embeddable":true,"href":"https:\/\/www.europesays.com\/lv\/wp-json\/wp\/v2\/tags?post=45535"}],"curies":[{"name":"wp","href":"https:\/\/api.w.org\/{rel}","templated":true}]}}