{"id":45569,"date":"2025-11-10T20:59:14","date_gmt":"2025-11-10T20:59:14","guid":{"rendered":"https:\/\/www.europesays.com\/lv\/45569\/"},"modified":"2025-11-10T20:59:14","modified_gmt":"2025-11-10T20:59:14","slug":"zorans-mamdani-kluvis-par-nujorkas-pirmo-musulmanu-meru-uzvara-tiek-saistita-ar-trampa-politikas-noraidisanu-lente-lv","status":"publish","type":"post","link":"https:\/\/www.europesays.com\/lv\/45569\/","title":{"rendered":"Zorans Mamdani k\u013cuvis par \u0145ujorkas pirmo musulma\u0146u m\u0113ru; uzvara tiek saist\u012bta ar Trampa politikas noraid\u012b\u0161anu\u00a0\u2014\u00a0Lente.lv"},"content":{"rendered":"<p>Jauns s\u0101kums \u0145ujork\u0101: Mamdani k\u0101 pirmais musulmanis m\u0113rs, cer\u012bbas aptur\u0113t Trampu<\/p>\n<p>ASV politiskaj\u0101 ain\u0101 iez\u012bm\u0113jas noz\u012bm\u012bgas p\u0101rmai\u0146as, jo demokr\u0101ti ir guvu\u0161i p\u0101rliecino\u0161as uzvaras pirmaj\u0101s svar\u012bgaj\u0101s v\u0113l\u0113\u0161an\u0101s kop\u0161 Donalda Trampa atgrie\u0161an\u0101s Baltaj\u0101 nam\u0101. \u012apa\u0161i izce\u013cas \u0145ujorkas pils\u0113tas m\u0113ra amata ieguv\u0113js \u2013 demokr\u0101ts Zorans Mamdani, kur\u0161 k\u013cuvis par pirmo musulmani, kas ie\u0146ems \u0161o augsto amatu. \u0160\u012b uzvara tiek interpret\u0113ta k\u0101 sp\u0113c\u012bgs sign\u0101ls par v\u0113lmi main\u012bt politisko kursu un att\u0101lin\u0101ties no Trampa ietekmes.<\/p>\n<p>Mamdani \u2013 cer\u012bbu un p\u0101rmai\u0146u simbols<\/p>\n<p>Zorana Mamdani uzvara \u0145ujork\u0101 ir v\u0113sturiska ne tikai pils\u0113tas, bet ar\u012b visas valsts m\u0113rog\u0101. Vi\u0146a k\u013c\u016b\u0161ana par pirmo musulma\u0146u m\u0113ru ir simbolisks pav\u0113rsiens, kas atspogu\u013co Amerikas sabiedr\u012bbas arvien pieaugo\u0161o daudzveid\u012bbu un v\u0113lmi iek\u013caut da\u017e\u0101das kult\u016bras un reli\u0123isk\u0101s kopienas politiskaj\u0101 dz\u012bv\u0113. Mamdani, kur\u0161 paz\u012bstams ar savu progres\u012bvo politiku un centieniem veicin\u0101t soci\u0101lo taisn\u012bgumu, ir rad\u012bjis cer\u012bbas daudziem \u0145ujorkas iedz\u012bvot\u0101jiem, kuri ilgojas p\u0113c iek\u013caujo\u0161\u0101kas un taisn\u012bg\u0101kas pils\u0113tas. Vi\u0146a kampa\u0146a koncentr\u0113j\u0101s uz t\u0101diem jaut\u0101jumiem k\u0101 m\u0101jok\u013cu pieejam\u012bba, klimata p\u0101rmai\u0146as un sabiedr\u012bbas dro\u0161\u012bba, pied\u0101v\u0101jot konkr\u0113tus risin\u0101jumus, kas skar ikdienas dz\u012bvi.<\/p>\n<p>Pirm\u0101s noz\u012bm\u012bg\u0101s v\u0113l\u0113\u0161anas kop\u0161 Trampa atgrie\u0161an\u0101s<\/p>\n<p>\u0160\u012bs v\u0113l\u0113\u0161anas notiek kritiski svar\u012bg\u0101 br\u012bd\u012b, kad Donalds Tramps ir atgriezies politiskaj\u0101 aprit\u0113, un vi\u0146a ietekme joproj\u0101m ir j\u016btama. Demokr\u0101tu pan\u0101kumi, \u012bpa\u0161i \u0145ujork\u0101, liecina, ka da\u013ca v\u0113l\u0113t\u0101ju ir gatavi akt\u012bvi iebilst pret Trampa ideolo\u0123iju un vi\u0146a politisko mantojumu. Uzvara p\u0101r politisko sp\u0113ku, kas tiek saist\u012bts ar Trampa atbalst\u012bt\u0101jiem, ir uzskat\u0101ma par noz\u012bm\u012bgu uz\u0146emumu demokr\u0101tu nometn\u0113. Tas sniedz papildu impulsu partijai pirms gaid\u0101maj\u0101m valsts m\u0113roga v\u0113l\u0113\u0161an\u0101m, par\u0101dot, ka ir iesp\u0113jams g\u016bt pan\u0101kumus pat politiski sare\u017e\u0123\u012bt\u0101 vid\u0113.<\/p>\n<p>M\u0113r\u0137is \u2013 aptur\u0113t Trampu: pla\u0161\u0101ka noz\u012bme<\/p>\n<p>Daudzi anal\u012bti\u0137i uzskata, ka Mamdani uzvara nav tikai lok\u0101la notikums, bet gan da\u013ca no pla\u0161\u0101kas kust\u012bbas, kas v\u0113rsta uz Donalda Trampa politisk\u0101s ietekmes ierobe\u017eo\u0161anu. Vi\u0146a iev\u0113l\u0113\u0161ana dod sp\u0113c\u012bgu v\u0113st\u012bjumu par to, ka \u0145ujorka, Trampa dzimt\u0101 pils\u0113ta, ir gatava spert soli pret\u012b p\u0101rmai\u0146\u0101m un noraid\u012bt pag\u0101tnes politiku. \u0160\u012b uzvara ir k\u0101 spogulis, kas atspogu\u013co v\u0113l\u0113t\u0101ju v\u0113lmi p\u0113c jaunas paaudzes l\u012bderiem, kuri sp\u0113j pied\u0101v\u0101t ilgtsp\u0113j\u012bgus risin\u0101jumus un veicin\u0101t sabiedr\u012bbas vienot\u012bbu. Tas ir aicin\u0101jums uz dialogu un kop\u012bgu darbu, lai veidotu lab\u0101ku n\u0101kotni visiem.<\/p>\n<p>N\u0101kotnes perspekt\u012bvas un izaicin\u0101jumi<\/p>\n<p>\u0145ujorkas jaunajam m\u0113ram priek\u0161\u0101 st\u0101v noz\u012bm\u012bgi izaicin\u0101jumi. Vi\u0146a sp\u0113ja \u012bstenot savus sol\u012bjumus un risin\u0101t pils\u0113tas sare\u017e\u0123\u012bt\u0101s probl\u0113zes noteiks vi\u0146a turpm\u0101ko politisko karjeru un ietekmi uz valsts politiku kopum\u0101. Tom\u0113r vi\u0146a uzvara jau tagad ir devusi cer\u012bbu un iedvesmu daudziem, kuri tic pozit\u012bv\u0101m p\u0101rmai\u0146\u0101m un iek\u013caujo\u0161\u0101kai sabiedr\u012bbai. Mamdani pieredze un perspekt\u012bva, k\u0101 pirmajam musulmanim \u0161aj\u0101 amat\u0101, var kalpot par paraugu citiem un veicin\u0101t v\u0113l liel\u0101ku daudzveid\u012bbu politiskaj\u0101 l\u012bder\u012bb\u0101 vis\u0101 pasaul\u0113.<\/p>\n","protected":false},"excerpt":{"rendered":"Jauns s\u0101kums \u0145ujork\u0101: Mamdani k\u0101 pirmais musulmanis m\u0113rs, cer\u012bbas aptur\u0113t Trampu ASV politiskaj\u0101 ain\u0101 iez\u012bm\u0113jas noz\u012bm\u012bgas p\u0101rmai\u0146as, jo&hellip;\n","protected":false},"author":2,"featured_media":45570,"comment_status":"","ping_status":"","sticky":false,"template":"","format":"standard","meta":{"footnotes":""},"categories":[14],"tags":[23,57,28,29,12590,542,32,33,22,30,31,35,39,38,36,37,34,40,12760,20,11980,26,27,24,25,54,55,56,21,58,12593],"class_list":{"0":"post-45569","1":"post","2":"type-post","3":"status-publish","4":"format-standard","5":"has-post-thumbnail","7":"category-zinas-no-arvalstim","8":"tag-aktualitates","9":"tag-arvalstim","10":"tag-breaking-news","11":"tag-breakingnews","12":"tag-demokratu-partija","13":"tag-donalds-tramps","14":"tag-featured-news","15":"tag-featurednews","16":"tag-headlines","17":"tag-latest-news","18":"tag-latestnews","19":"tag-latvia","20":"tag-latvian","21":"tag-latviesu","22":"tag-latviesu-valoda","23":"tag-latviesuvaloda","24":"tag-latvija","25":"tag-lv","26":"tag-musulmanu-mers","27":"tag-news","28":"tag-nujorkas-mers","29":"tag-popularakas-zinas","30":"tag-popularakaszinas","31":"tag-top-stories","32":"tag-topstories","33":"tag-world","34":"tag-world-news","35":"tag-worldnews","36":"tag-zinas","37":"tag-zinas-no-arvalstim","38":"tag-zorans-mamdani"},"share_on_mastodon":{"url":"","error":"Validation failed: Text character limit of 500 exceeded"},"_links":{"self":[{"href":"https:\/\/www.europesays.com\/lv\/wp-json\/wp\/v2\/posts\/45569","targetHints":{"allow":["GET"]}}],"collection":[{"href":"https:\/\/www.europesays.com\/lv\/wp-json\/wp\/v2\/posts"}],"about":[{"href":"https:\/\/www.europesays.com\/lv\/wp-json\/wp\/v2\/types\/post"}],"author":[{"embeddable":true,"href":"https:\/\/www.europesays.com\/lv\/wp-json\/wp\/v2\/users\/2"}],"replies":[{"embeddable":true,"href":"https:\/\/www.europesays.com\/lv\/wp-json\/wp\/v2\/comments?post=45569"}],"version-history":[{"count":0,"href":"https:\/\/www.europesays.com\/lv\/wp-json\/wp\/v2\/posts\/45569\/revisions"}],"wp:featuredmedia":[{"embeddable":true,"href":"https:\/\/www.europesays.com\/lv\/wp-json\/wp\/v2\/media\/45570"}],"wp:attachment":[{"href":"https:\/\/www.europesays.com\/lv\/wp-json\/wp\/v2\/media?parent=45569"}],"wp:term":[{"taxonomy":"category","embeddable":true,"href":"https:\/\/www.europesays.com\/lv\/wp-json\/wp\/v2\/categories?post=45569"},{"taxonomy":"post_tag","embeddable":true,"href":"https:\/\/www.europesays.com\/lv\/wp-json\/wp\/v2\/tags?post=45569"}],"curies":[{"name":"wp","href":"https:\/\/api.w.org\/{rel}","templated":true}]}}