{"id":45627,"date":"2025-11-10T22:57:11","date_gmt":"2025-11-10T22:57:11","guid":{"rendered":"https:\/\/www.europesays.com\/lv\/45627\/"},"modified":"2025-11-10T22:57:11","modified_gmt":"2025-11-10T22:57:11","slug":"sesas-regionalas-izlases-dalis-celazimi-uz-uefa-regionu-kausa-izcinu-futbols-sportacentrs-com","status":"publish","type":"post","link":"https:\/\/www.europesays.com\/lv\/45627\/","title":{"rendered":"Se\u0161as re\u0123ion\u0101l\u0101s izlases dal\u012bs ce\u013caz\u012bmi uz UEFA Re\u0123ionu kausa izc\u012b\u0146u \u2013 Futbols \u2013 Sportacentrs.com"},"content":{"rendered":"<p>Turn\u012bra pirmaj\u0101 posm\u0101 16. novembr\u012b &#8220;Rimi Olimpiskaj\u0101 centr\u0101&#8221; sp\u0113kiem m\u0113rosies A grupas re\u0123ion\u0101l\u0101s Kurzemes, Vidzemes un Zieme\u013caustrumu izlases, k\u0101 ar\u012b Zemgales, Latgales un R\u012bgas izlases B grup\u0101. Katras grupas lab\u0101k\u0101 komanda iek\u013c\u016bs fin\u0101l\u0101, kas 22. novembr\u012b notiks turpat &#8220;Rimi Olimpiskaj\u0101 centr\u0101&#8221;.<\/p>\n<p>Katra re\u0123iona izlasi veido sp\u0113l\u0113t\u0101ji no vismaz tr\u012bs da\u017e\u0101diem attiec\u012bg\u0101 re\u0123iona klubiem, kas piedal\u0101s LFF futbola amatieru l\u012bme\u0146a sacens\u012bb\u0101s. Attiec\u012bgie sp\u0113l\u0113t\u0101ji nekad nav biju\u0161i profesion\u0101\u013ci un nav sp\u0113l\u0113ju\u0161i Latvijas vai citas valsts augst\u0101kaj\u0101 l\u012bg\u0101.<\/p>\n<p>\u0160\u012b ir pirm\u0101 reize v\u0113stur\u0113, kad Latvijas p\u0101rst\u0101vji UEFA Re\u0123ionu kausa izc\u012b\u0146\u0101 tiek noskaidroti centraliz\u0113t\u0101s atlases sacens\u012bb\u0101s. Iepriek\u0161\u0113jos divos turn\u012bros 2024. un 2022. gad\u0101 tika komplekt\u0113ts apvienotais Latvijas izlases sast\u0101vs no da\u017e\u0101d\u0101m viet\u0113j\u0101m amatieru komand\u0101m, bet pirms tam UEFA Re\u0123ionu kaus\u0101 tradicion\u0101li piedal\u012bj\u0101s klubu komandas.<\/p>\n<p>Latvija izlase, k\u0101 ierasts, UEFA Re\u0123ionu kaus\u0101 iesaist\u012bsies no otr\u0101s k\u0101rtas turn\u012bra, kas notiks n\u0101kam\u0101 gada izska\u0146\u0101. Izloze paredz\u0113ta 10. decembr\u012b \u0160veic\u0113.<\/p>\n<p>Izmantotie resursi:<br \/><a target=\"_blank\" href=\"http:\/\/www.lff.lv\" rel=\"nofollow noopener\">Latvijas Futbola feder\u0101cija<\/a><\/p>\n","protected":false},"excerpt":{"rendered":"Turn\u012bra pirmaj\u0101 posm\u0101 16. novembr\u012b &#8220;Rimi Olimpiskaj\u0101 centr\u0101&#8221; sp\u0113kiem m\u0113rosies A grupas re\u0123ion\u0101l\u0101s Kurzemes, Vidzemes un Zieme\u013caustrumu izlases,&hellip;\n","protected":false},"author":2,"featured_media":45628,"comment_status":"","ping_status":"","sticky":false,"template":"","format":"standard","meta":{"footnotes":""},"categories":[17],"tags":[676,35,39,38,36,37,34,40,67],"class_list":{"0":"post-45627","1":"post","2":"type-post","3":"status-publish","4":"format-standard","5":"has-post-thumbnail","7":"category-sports","8":"tag-futbols","9":"tag-latvia","10":"tag-latvian","11":"tag-latviesu","12":"tag-latviesu-valoda","13":"tag-latviesuvaloda","14":"tag-latvija","15":"tag-lv","16":"tag-sports"},"share_on_mastodon":{"url":"https:\/\/pubeurope.com\/@lv\/115527879402790279","error":""},"_links":{"self":[{"href":"https:\/\/www.europesays.com\/lv\/wp-json\/wp\/v2\/posts\/45627","targetHints":{"allow":["GET"]}}],"collection":[{"href":"https:\/\/www.europesays.com\/lv\/wp-json\/wp\/v2\/posts"}],"about":[{"href":"https:\/\/www.europesays.com\/lv\/wp-json\/wp\/v2\/types\/post"}],"author":[{"embeddable":true,"href":"https:\/\/www.europesays.com\/lv\/wp-json\/wp\/v2\/users\/2"}],"replies":[{"embeddable":true,"href":"https:\/\/www.europesays.com\/lv\/wp-json\/wp\/v2\/comments?post=45627"}],"version-history":[{"count":0,"href":"https:\/\/www.europesays.com\/lv\/wp-json\/wp\/v2\/posts\/45627\/revisions"}],"wp:featuredmedia":[{"embeddable":true,"href":"https:\/\/www.europesays.com\/lv\/wp-json\/wp\/v2\/media\/45628"}],"wp:attachment":[{"href":"https:\/\/www.europesays.com\/lv\/wp-json\/wp\/v2\/media?parent=45627"}],"wp:term":[{"taxonomy":"category","embeddable":true,"href":"https:\/\/www.europesays.com\/lv\/wp-json\/wp\/v2\/categories?post=45627"},{"taxonomy":"post_tag","embeddable":true,"href":"https:\/\/www.europesays.com\/lv\/wp-json\/wp\/v2\/tags?post=45627"}],"curies":[{"name":"wp","href":"https:\/\/api.w.org\/{rel}","templated":true}]}}