{"id":45629,"date":"2025-11-10T23:03:14","date_gmt":"2025-11-10T23:03:14","guid":{"rendered":"https:\/\/www.europesays.com\/lv\/45629\/"},"modified":"2025-11-10T23:03:14","modified_gmt":"2025-11-10T23:03:14","slug":"latvijas-hokejisti-vacijas-kausa-uzvar-austriju-nodrosinot-pirmo-panakumu-lente-lv","status":"publish","type":"post","link":"https:\/\/www.europesays.com\/lv\/45629\/","title":{"rendered":"Latvijas hokejisti V\u0101cijas kaus\u0101 uzvar Austriju, nodro\u0161inot pirmo pan\u0101kumu\u00a0\u2014\u00a0Lente.lv"},"content":{"rendered":"<p>Latvijas Hokeja Izlase Nosl\u0113dz Dal\u012bbu &#8220;Deutschland Cup&#8221; Ar Uzvaru P\u0101r Austriju<\/p>\n<p>Landsh\u016bt\u0113, V\u0101cij\u0101, nosl\u0113dzies presti\u017eais &#8220;Deutschland Cup&#8221; hokeja turn\u012brs, kur\u0101 Latvijas v\u012brie\u0161u valstsvien\u012bba sav\u0101 p\u0113d\u0113j\u0101 un iz\u0161\u0137iro\u0161aj\u0101 sp\u0113l\u0113 p\u0101rliecino\u0161i ar rezult\u0101tu 4:2 pieveica Austrijas komandu. \u0160\u012b uzvara ne tikai \u013c\u0101va gandar\u012bt l\u012bdzjut\u0113jus, bet ar\u012b sniedza v\u0113rt\u012bgu pieredzi un pirmo pan\u0101kumu \u0161aj\u0101 saspringtaj\u0101 p\u0101rbaudes turn\u012br\u0101, kas ir noz\u012bm\u012bgs solis ce\u013c\u0101 uz gaid\u0101majiem svar\u012bgajiem notikumiem, tostarp gatavojoties Mil\u0101nas-Kort\u012bnas ziemas olimpiskaj\u0101m sp\u0113l\u0113m.<\/p>\n<p>Sp\u0113les Gaita un Atsl\u0113gas Momenti<\/p>\n<p>Sp\u0113le starp Latviju un Austriju s\u0101k\u0101s piesardz\u012bgi, ab\u0101m komand\u0101m demonstr\u0113jot r\u016bp\u012bgu aizsardz\u012bbas sp\u0113li un nevairoties no c\u012b\u0146as par katru centimetru laukuma. Pirmaj\u0101 period\u0101 v\u0101rtu guvumi netika fiks\u0113ti, ta\u010du tas neliedza spraig\u0101m un emocion\u0101l\u0101m c\u012b\u0146\u0101m uz ledus. Tiesa gan, rezultativit\u0101ti izdev\u0101s atkl\u0101t vien otr\u0101 perioda vid\u016b. Deniss Smirnovs, p\u0113c vi\u0146a sp\u0113c\u012bga metiena, ar riko\u0161eta pal\u012bdz\u012bbu pan\u0101ca 1:0 Latvijas lab\u0101, bet v\u0101rtu guvum\u0101 rezultat\u012bva piesp\u0113le tika ar\u012b izlases kapteinim Kasparam Daugavi\u0146am.<\/p>\n<p>Sp\u0113les gaitu turpin\u0101ja stiprin\u0101t Ren\u0101rs Krastenbergs, kur\u0161 otraj\u0101 perioda izska\u0146\u0101 izmantoja partneru piesp\u0113les un nedaudz palielin\u0101ja Latvijas p\u0101rsvaru l\u012bdz 2:0. \u0160aj\u0101 br\u012bd\u012b debitantam Albertam \u0160mitam tika ieskait\u012bts pirmais rezultativit\u0101tes punkts pieaugu\u0161o izlases rind\u0101s, apliecinot talant\u012bgu jaunatnes iesaisti. Tre\u0161\u0101 perioda s\u0101kum\u0101 Miks Indra\u0161is, p\u0113c Riharda Bukarta piesp\u0113les, pan\u0101ca 3:0, g\u016bstot savus pirmos v\u0101rtus sezon\u0101 un demonstr\u0113jot meistar\u012bgu sniegumu.<\/p>\n<p>Austrie\u0161u Atsp\u0113l\u0113\u0161an\u0101s un Krastenberga Nosl\u0113dzo\u0161ie V\u0101rti<\/p>\n<p>Austrijas izlase gan nedom\u0101ja padoties un sp\u0113ja atg\u016bt divus v\u0101rtus \u012bs\u0101 laika posm\u0101, samazinot rezult\u0101ta starp\u012bbu l\u012bdz 2:3 un atjaunojot intrigu sp\u0113les izska\u0146\u0101. Patriks Zollingers un P\u0113teris \u0160naiders bija prec\u012bzi, liekot Latvijas v\u0101rtsargam Ivaram Punnenovam saspringti str\u0101d\u0101t. Tom\u0113r, kad l\u012bdz pamatlaika beig\u0101m bija paliku\u0161as vien 44 sekundes, Ren\u0101rs Krastenbergs guva savus otros v\u0101rtus sp\u0113l\u0113, raidot ripu tuk\u0161os pretinieku v\u0101rtos un pieliekot sp\u0113lei treknu punktu. Ar \u0161o uzvaru Latvijas izlase nosl\u0113dza dal\u012bbu &#8220;Deutschland Cup&#8221; turn\u012br\u0101, izc\u012bnot pirmo pan\u0101kumu tr\u012bs sp\u0113l\u0113s.<\/p>\n<p>Turn\u012bra Kopskats un Perspekt\u012bvas<\/p>\n<p>Harija V\u012btoli\u0146a vad\u012bt\u0101 Latvijas izlase &#8220;Deutschland Cup&#8221; turn\u012br\u0101 kopum\u0101 izc\u012bn\u012bja vienu uzvaru un piedz\u012bvoja divus zaud\u0113jumus, ie\u0146emot tre\u0161o vietu. Lai gan rezult\u0101ti var\u0113ja b\u016bt ar\u012b lab\u0101ki, svar\u012bg\u0101kais ieguvums ir g\u016bt\u0101s atzi\u0146as un sp\u0113l\u0113t\u0101ju individu\u0101l\u0101 progres\u0113\u0161ana, kas ir neatsverama gatavojoties Mil\u0101nas-Kort\u012bnas olimpiskaj\u0101m sp\u0113l\u0113m. Lai gan sast\u0101vs tika veidots, cen\u0161oties izm\u0113\u0123in\u0101t da\u017e\u0101das strat\u0113\u0123ijas un sp\u0113l\u0113t\u0101ju kombin\u0101cijas, da\u017ei uzbruc\u0113ji Eirop\u0101 sp\u0113l\u0113jo\u0161ie tom\u0113r nav piln\u012bb\u0101 atradu\u0161i savu sniegumu, un ripas nek\u0101di negrib krist v\u0101rtos. Abu izla\u0161u ce\u013ci krust\u012bsies ar\u012b 2026. gada pasaules \u010dempion\u0101ta A apak\u0161grup\u0101, kas sola turpin\u0101jumu \u0161ai dinamiskajai s\u0101ncens\u012bbai.<\/p>\n","protected":false},"excerpt":{"rendered":"Latvijas Hokeja Izlase Nosl\u0113dz Dal\u012bbu &#8220;Deutschland Cup&#8221; Ar Uzvaru P\u0101r Austriju Landsh\u016bt\u0113, V\u0101cij\u0101, nosl\u0113dzies presti\u017eais &#8220;Deutschland Cup&#8221; hokeja&hellip;\n","protected":false},"author":2,"featured_media":45630,"comment_status":"","ping_status":"","sticky":false,"template":"","format":"standard","meta":{"footnotes":""},"categories":[17],"tags":[623,12106,394,35,39,38,36,37,34,4765,40,12767,67],"class_list":{"0":"post-45629","1":"post","2":"type-post","3":"status-publish","4":"format-standard","5":"has-post-thumbnail","7":"category-sports","8":"tag-austrija","9":"tag-deutschland-cup","10":"tag-hokejs","11":"tag-latvia","12":"tag-latvian","13":"tag-latviesu","14":"tag-latviesu-valoda","15":"tag-latviesuvaloda","16":"tag-latvija","17":"tag-latvijas-izlase","18":"tag-lv","19":"tag-parbaudes-spele","20":"tag-sports"},"share_on_mastodon":{"url":"https:\/\/pubeurope.com\/@lv\/115527903026776009","error":""},"_links":{"self":[{"href":"https:\/\/www.europesays.com\/lv\/wp-json\/wp\/v2\/posts\/45629","targetHints":{"allow":["GET"]}}],"collection":[{"href":"https:\/\/www.europesays.com\/lv\/wp-json\/wp\/v2\/posts"}],"about":[{"href":"https:\/\/www.europesays.com\/lv\/wp-json\/wp\/v2\/types\/post"}],"author":[{"embeddable":true,"href":"https:\/\/www.europesays.com\/lv\/wp-json\/wp\/v2\/users\/2"}],"replies":[{"embeddable":true,"href":"https:\/\/www.europesays.com\/lv\/wp-json\/wp\/v2\/comments?post=45629"}],"version-history":[{"count":0,"href":"https:\/\/www.europesays.com\/lv\/wp-json\/wp\/v2\/posts\/45629\/revisions"}],"wp:featuredmedia":[{"embeddable":true,"href":"https:\/\/www.europesays.com\/lv\/wp-json\/wp\/v2\/media\/45630"}],"wp:attachment":[{"href":"https:\/\/www.europesays.com\/lv\/wp-json\/wp\/v2\/media?parent=45629"}],"wp:term":[{"taxonomy":"category","embeddable":true,"href":"https:\/\/www.europesays.com\/lv\/wp-json\/wp\/v2\/categories?post=45629"},{"taxonomy":"post_tag","embeddable":true,"href":"https:\/\/www.europesays.com\/lv\/wp-json\/wp\/v2\/tags?post=45629"}],"curies":[{"name":"wp","href":"https:\/\/api.w.org\/{rel}","templated":true}]}}