{"id":45631,"date":"2025-11-10T23:09:14","date_gmt":"2025-11-10T23:09:14","guid":{"rendered":"https:\/\/www.europesays.com\/lv\/45631\/"},"modified":"2025-11-10T23:09:14","modified_gmt":"2025-11-10T23:09:14","slug":"ar-latvijas-karogu-uz-pleciem-vairs-nefinisesu-tikai-ar-austrijas-vieglatletika-sportacentrs-com","status":"publish","type":"post","link":"https:\/\/www.europesays.com\/lv\/45631\/","title":{"rendered":"&#8220;Ar Latvijas karogu uz pleciem vairs nefini\u0161\u0113\u0161u, tikai ar Austrijas&#8221; \u2013 Vieglatl\u0113tika \u2013 Sportacentrs.com"},"content":{"rendered":"<p>Pasaules \u010dempion\u0101ts Francijas dienvidu pils\u0113ti\u0146\u0101 Alb\u012b notika 18. un 19. oktobr\u012b, un D\u017eaviza veica 231,049 kilometrus, kas ir jauns Austrijas rekords, 161 sportistes konkurenc\u0113 ie\u0146emot 19. vietu sievie\u0161u sacens\u012bb\u0101s un 71. vietu 363 skr\u0113j\u0113ju kopv\u0113rt\u0113jum\u0101.<\/p>\n<p>&#8220;Pirms skr\u0113jiena pasaules \u010dempion\u0101t\u0101 biju p\u0101rliecin\u0101ta, ka tas b\u016bs mans p\u0113d\u0113jais 24 stundu skr\u0113jiens, ta\u010du gribu sasniegt m\u0113r\u0137i un zinu, ka 24 stund\u0101s varu noskriet 272 kilometrus,&#8221; st\u0101sta D\u017eaviza.<\/p>\n<p>&#8220;M\u0113\u0123in\u0101\u0161u savu m\u0113r\u0137i sasniegt n\u0101kamgad. Iepriek\u0161\u0113jais pasaules rekords pirms skr\u0113jiena Francij\u0101 bija 270,363 kilometri, un es grib\u0113ju labot pasaules rekordu,&#8221; m\u0113r\u0137i pasaules \u010dempion\u0101t\u0101 skaidro gargabalniece. &#8220;Tagad pasaules rekords sieviet\u0113m ir jau vair\u0101k nek\u0101 278 kilometri, un es zinu, ka \u0161obr\u012bd es to v\u0113l nevaru labot.&#8221;<\/p>\n<p>Par pasaules \u010dempioni ar jaunu pasaules rekordu 278,622 kilometri k\u013cuva Lielbrit\u0101nijas skr\u0113j\u0113ja S\u0101ra Vebstere. L\u012bdz\u0161in\u0113jo pasaules rekordu 270,363 kilometri, ko pirms diviem gadiem Taipej\u0101 bija sasniegusi jap\u0101niete Miho Nakata, p\u0101rsp\u0113ja ar\u012b austr\u0101liete Holija Ransone (273,058 km) un Nakata (271,557 km).<\/p>\n<p>No Latviju p\u0101rst\u0101vo\u0161aj\u0101m skr\u0113j\u0113j\u0101m lab\u0101ko rezult\u0101tu 226,548 kilometri sasniedza Sigita V\u0101ce Vecvagare, ie\u0146emot 78. vietu kopv\u0113rt\u0113jum\u0101 un 24. vietu sievie\u0161u konkurenc\u0113.<\/p>\n<p>V\u012brie\u0161iem uzvaru ar veiktiem 294,346 kilometriem izc\u012bn\u012bja ukrainis Andrijs Tka\u010duks.<\/p>\n<p>V\u012brie\u0161u konkurenc\u0113 lab\u0101kais no Latvijas skr\u0113j\u0113jiem bija Mat\u012bss Vecvagaris, kur\u0161 noskr\u0113ja 247,552 kilometrus un kopv\u0113rt\u0113jum\u0101 ie\u0146\u0113ma 34. vietu, fini\u0161\u0113jot vienlaic\u012bgi ar Rihardu \u0100boli\u0146u, kur\u0161 ie\u0146\u0113ma 35. vietu.<\/p>\n<p>&#8220;Apmierin\u0101ta \u012bsti neesmu. T\u0101s k\u0101rtis, kas tobr\u012bd bija man\u0101s rok\u0101s, izsp\u0113l\u0113ju l\u012bdz galam, bet esmu diezgan v\u012blusies izn\u0101kum\u0101,&#8221; par startu saka D\u017eaviza.<\/p>\n<p>&#8220;Biju tren\u0113jusies 272 kilometru veik\u0161anai, kas b\u016btu lab\u0101k par pasaules rekordu un par ko biju p\u0101rliecin\u0101ta, ka varu tos noskriet,&#8221; preciz\u0113 skr\u0113j\u0113ja. &#8220;Esmu p\u0101rliecin\u0101ta, ka \u0161odien ar \u0161o uzdevumu var\u0113tu tikt gal\u0101.&#8221;<\/p>\n<p>Vi\u0146a st\u0101sta, ka ir mazliet v\u012blusies sev\u012b, jo \u0161oreiz izv\u0113l\u0113j\u0101s nedaudz ietaup\u012bt un nepa\u0146\u0113ma l\u012bdzi ierasto atbalsta cilv\u0113ku, kur\u0161 pal\u012bdz skr\u0113jiena laik\u0101 un kur\u0161 pa\u0161ai ir j\u0101finans\u0113.<\/p>\n<p>&#8220;Tas man atsp\u0113l\u0113j\u0101s skr\u0113jiena laik\u0101. Diezgan agri &#8211; k\u0101d\u0101 14. skr\u0113jiena stund\u0101 &#8211; man s\u0101k\u0101s probl\u0113mas ar \u0113diena uz\u0146em\u0161anu. Tas turpin\u0101j\u0101s diezgan ilgi un p\u0113c 17.-18. stundas, kad v\u0113l joproj\u0101m nevar\u0113ju uz\u0146emt nek\u0101du \u0113dienu, sapratu, ka man ir j\u0101samazina skr\u0113jiena temps,&#8221; st\u0101sta D\u017eaviza.<\/p>\n<p>Vi\u0146a st\u0101sta, ka nav var\u0113jusi samierin\u0101ties ar to, ka atbalsta cilv\u0113ks vi\u0146u nav atbalst\u012bjis l\u012bdz beig\u0101m, 19. vai 20. stund\u0101, kad vairs nebija iesp\u0113ju noskriet 272 kilometrus, vi\u0146am pazi\u0146ojot, ka tagad jau vairs nav v\u0113rts steigties.<\/p>\n<p>&#8220;Man k\u0101 sportistei tas bija \u0161oks,&#8221; saka sportiste. &#8220;Diem\u017e\u0113l s\u0101ku sevi visu laiku nodarbin\u0101t ar dom\u0101m, k\u0101 mans atbalsta cilv\u0113ks to dom\u0101ja, un domas divu stundu garum\u0101 man piev\u0113rs\u0101s \u0161im jaut\u0101jumam.&#8221;<\/p>\n<p>&#8220;Tobr\u012bd zaud\u0113ju fokusu uz pa\u0161\u0101m sacens\u012bb\u0101m, jo biju aiz\u0146emta ar cit\u0101m dom\u0101m un nesp\u0113ju tikt gal\u0101 ar sav\u0101m v\u0113dera probl\u0113m\u0101m, kas diem\u017e\u0113l k\u013cuva liel\u0101kas,&#8221; skaidro skr\u0113j\u0113ja.<\/p>\n<p>&#8220;Vien\u0101 br\u012bd\u012b sapratu, ka kreisais celis ir \u013coti uzt\u016bcis un nevar\u0113ju tikt gal\u0101 ar ce\u013ca rad\u012btaj\u0101m s\u0101p\u0113m,&#8221; saka skr\u0113j\u0113ja, piebilstot, ka vi\u0146a vairs nemaz nevar\u0113ja k\u0101ju paloc\u012bt pat par milimetru.<\/p>\n<p>&#8220;\u010cetras stundas pirms sacens\u012bbu beig\u0101m man bija atlicis noskriet vien \u010detrus kilometrus l\u012bdz jaunam Austrijas rekordam, ta\u010du k\u0101ja vairs neloc\u012bj\u0101s, bija k\u0101 uzpampis stabi\u0146\u0161, kas man ar rok\u0101m bija j\u0101velk l\u012bdzi p\u0113d\u0113jos tr\u012bs ap\u013cus, lai sasniegtu Austrijas rekordu,&#8221; st\u0101sta D\u017eaviza, kurai vesel\u012bbas probl\u0113mu d\u0113\u013c pak\u0101peniski vajadz\u0113ja izvirz\u012bt pietic\u012bg\u0101kus m\u0113r\u0137us &#8211; vispirms 250 kilometru, tad &#8211; 240 kilometru veik\u0161anu, bet pusotru stundu pirms laika termi\u0146a beig\u0101m beigt sacens\u012bbas.<\/p>\n<p>&#8220;Ja b\u016btu pa\u0146\u0113musi savu parasto atbalsta komandas cilv\u0113ku, kas mani paz\u012bst un prot atrast risin\u0101jumus manai v\u0113dera probl\u0113mai, man pa\u0161ai neiejaucoties un par to nedom\u0101jot, izn\u0101kums var\u0113ja b\u016bt pavisam cits, bet \u0161oreiz netic\u012bba man mani &#8220;nogalin\u0101ja&#8221;,&#8221; st\u0101sta skr\u0113j\u0113ja, uzsverot, ka vi\u0146as darbs ir skrie\u0161ana, nevis dom\u0101\u0161ana, k\u0101 lai pati sev pal\u012bdz.<\/p>\n<p>&#8220;Ja man sacens\u012bb\u0101s kas notiek, man t\u0101s nav sacens\u012bbu beigas. Es mekl\u0113ju risin\u0101jumus, lai var\u0113tu skriet t\u0101l\u0101k, k\u0101 ir pl\u0101nots. Ja es ar\u012b noskrienu desmit ap\u013cus slikti, t\u0101s man joproj\u0101m nav sacens\u012bbu beigas, jo es zinu, ka es varu,&#8221; saka D\u017eaviza. &#8220;Cilv\u0113ks, kur\u0161 man parasti ir l\u012bdzi, zina, ka es varu, un tic, ka es varu. Tie\u0161i tam ir liela noz\u012bme, lai cilv\u0113ks, kur\u0161 mani atbalsta tras\u0113, tic, ka es varu, bet \u0161oreiz mans atbalst\u012bt\u0101js man netic\u0113ja.&#8221;<\/p>\n<p>Vi\u0146a ar gandar\u012bjumu atceras gatavo\u0161an\u0101s posmu pasaules \u010dempion\u0101tam, uzsverot, ka &#8220;t\u0101 man bija lab\u0101k\u0101, k\u0101da jelkad ir bijusi&#8221;.<\/p>\n<p>&#8220;Es \u0161oreiz gatavojos pati, jo pati esmu trenere. Pirms diviem gadiem izl\u0113mu \u0161\u0101d\u0101s sacens\u012bb\u0101s vairs nepiedal\u012bties, jo esmu uz\u0146\u0113m\u0113ja un man trenera vad\u012bb\u0101 bija gr\u016bti tren\u0113ties bez stresa,&#8221; st\u0101sta jaun\u0101 Austrijas rekordiste.<\/p>\n<p>&#8220;Man bija tie\u0161\u0101m \u013coti labs treneris, visticam\u0101k lab\u0101kais treneris, k\u0101ds ir Austrij\u0101, bet, ja ir sapl\u0101nota ned\u0113\u013ca treni\u0146iem, kam ir j\u0101piel\u0101go darbs, tas rada nenorm\u0101l\u0101ko stresu, ko varb\u016bt neizj\u016bt, bet tas ir,&#8221; skaidro gargabalniece.<\/p>\n<p>&#8220;Trenerim pateicu, ka \u0161oreiz es sevi gatavo\u0161u pati, skatoties, k\u0101 es varu treni\u0146us piel\u0101got darbam, nevis otr\u0101di,&#8221; st\u0101sta D\u017eaviza. &#8220;T\u0101p\u0113c treni\u0146u process bija daudz pat\u012bkam\u0101ks, un man p\u0113c treni\u0146iem bija ar\u012b atp\u016btas laiks, lai neb\u016btu stresa un es treni\u0146\u0101 var\u0113tu izbaud\u012bt katru soli.&#8221;<\/p>\n<p>Vi\u0146a st\u0101sta, ka gada s\u0101kum\u0101 sportistei tika diagnostic\u0113ta osteoporoze, kas lika lielu uzman\u012bbu piev\u0113rst svaru cil\u0101\u0161anai. Tas visu treni\u0146u ciklu \u013c\u0101va aizvad\u012bt bez savainojumiem un s\u0101p\u0113m, uzskata skr\u0113j\u0113ja.<\/p>\n<p>&#8220;Alb\u012b sasniedzu savu l\u012bdz \u0161im lab\u0101ko rezult\u0101tu 24 stundu skr\u0113jien\u0101, kas vienlaikus bija ar\u012b mans pirmais Austrijas rekords, jo no augusta esmu ar\u012b Austrijas pilsone,&#8221; saka D\u017eaviza, uzsverot, ka vi\u0146ai \u0161obr\u012bd ir dubultpilson\u012bba.<\/p>\n<p>Vi\u0146a st\u0101sta, ka Austrij\u0101 j\u016btas nov\u0113rt\u0113ta, jo vi\u0146ai Austrijas pilson\u012bba ir pie\u0161\u0137irta par sportiskajiem pan\u0101kumiem.<\/p>\n<p>D\u017eaviza uzsver, ka ultramaratonu skrie\u0161ana nav olimpisk\u0101 discipl\u012bna, k\u0101 ar\u012b nav \u013coti popul\u0101ra pasaul\u0113. T\u0101p\u0113c fakts, ka Austrija vi\u0146ai ir pie\u0161\u0137\u012brusi pilson\u012bbu, vi\u0146ai \u0161\u0137iet v\u0113l noz\u012bm\u012bg\u0101ks.<\/p>\n<p>D\u017eaviza atg\u0101dina, ka Latvij\u0101 vi\u0146a pat pag\u0101ju\u0161aj\u0101 gad\u0101, kad sasniedza jaunu Latvijas rekordu 100 kilometru distanc\u0113 un 12 stundu skr\u0113jien\u0101, nav bijusi iek\u013cauta ne gada sporta balvas pas\u0101kuma, ne vieglatl\u0113tikas gada sporta balvas pasnieg\u0161anas ceremonijas nominantu skait\u0101.<\/p>\n<p>&#8220;Man liekas, ka Latvij\u0101 ultramaratonu skrie\u0161anai tiek piev\u0113rsta liel\u0101ka loma nek\u0101 cit\u0101s valst\u012bs, ta\u010du tas attiecas uz sportistiem, kuri dz\u012bvo Latvij\u0101,&#8221; savas domas pau\u017e Latvijas un Austrijas rekordiste, ar sar\u016bgtin\u0101jumu piebilstot, ka vi\u0146ai liekas, ka tiem sportistiem, kuri p\u0101rst\u0101v Latviju, ta\u010du dz\u012bvo \u0101rzem\u0113s, uzman\u012bba netiek piev\u0113rsta.<\/p>\n<p>&#8220;Ar Latvijas karogu uz pleciem vairs nefini\u0161\u0113\u0161u, tikai ar Austrijas,&#8221; apstiprina D\u017eaviza.<\/p>\n<p>Turpm\u0101k vi\u0146a v\u0113las vair\u0101k piev\u0113rsties treneres darbam, k\u0101 ar\u012b v\u0113las vair\u0101k laika pavad\u012bt ar meitu. T\u0101p\u0113c vair\u0101k k\u0101 vien\u0101s liel\u0101s sacens\u012bb\u0101s gad\u0101 vi\u0146a nepl\u0101no start\u0113t. N\u0101kamgad pasaules \u010dempion\u0101ts 24 stundu skr\u0113jien\u0101 nenotiks, jo tas tiek aizvad\u012bts ik p\u0113c gada.<\/p>\n<p>&#8220;Man pat\u012bk mans darbs, un abiem &#8211; darbam un sporto\u0161anai &#8211; es nevaru piev\u0113rsties simtprocent\u012bgi. Ja man ir j\u0101izv\u0113las, es gribu simtprocent\u012bgi piev\u0113rsties saviem klientiem, jo klientu sag\u0101d\u0101tais pies\u0101tin\u0101jums man\u0101 dz\u012bv\u0113 paliek m\u0113ne\u0161iem ilgi, bet fini\u0161s sacens\u012bb\u0101s ir piecas min\u016btes, un dz\u012bve atgrie\u017eas sav\u0101 ritm\u0101,&#8221; priorit\u0101tes sal\u012bdzina D\u017eaviza, st\u0101stot, ka vi\u0146a pal\u012bdz klientiem gan skrie\u0161anas, gan sp\u0113ka treni\u0146u jaut\u0101jumos, tai skait\u0101 veidojot nodarb\u012bbu pl\u0101nus, gan ar\u012b pal\u012bdz cilv\u0113kiem k\u013c\u016bt sp\u0113c\u012bg\u0101kiem ment\u0101li.<\/p>\n<p>&#8220;Tas nenoz\u012bm\u0113, ka ar sportu vairs nenodarbo\u0161os. Sports vienm\u0113r ir bijis man\u0101 dz\u012bv\u0113, un es m\u012blu skriet,&#8221; saka gargabalniece. &#8220;N\u0101kamgad pl\u0101noju piedal\u012bties skrie\u0161anas sacens\u012bb\u0101s D\u0100R, kur Biedru maraton\u0101 ir j\u0101m\u0113ro 88 kilometri, bet tas n\u0101kamgad ar\u012b viss.&#8221;<\/p>\n<p>D\u017eavizai joproj\u0101m pieder Latvijas rekordi 100 kilometru (septi\u0146as stundas 44 min\u016btes un 50 sekundes), 24 stundu (228,962 kilometri) un 12 stundu (142,93 kilometri) skr\u0113jienos.<\/p>\n","protected":false},"excerpt":{"rendered":"Pasaules \u010dempion\u0101ts Francijas dienvidu pils\u0113ti\u0146\u0101 Alb\u012b notika 18. un 19. oktobr\u012b, un D\u017eaviza veica 231,049 kilometrus, kas ir&hellip;\n","protected":false},"author":2,"featured_media":45632,"comment_status":"","ping_status":"","sticky":false,"template":"","format":"standard","meta":{"footnotes":""},"categories":[17],"tags":[35,39,38,36,37,34,40,67,434],"class_list":{"0":"post-45631","1":"post","2":"type-post","3":"status-publish","4":"format-standard","5":"has-post-thumbnail","7":"category-sports","8":"tag-latvia","9":"tag-latvian","10":"tag-latviesu","11":"tag-latviesu-valoda","12":"tag-latviesuvaloda","13":"tag-latvija","14":"tag-lv","15":"tag-sports","16":"tag-vieglatletika"},"share_on_mastodon":{"url":"https:\/\/pubeurope.com\/@lv\/115527926611502146","error":""},"_links":{"self":[{"href":"https:\/\/www.europesays.com\/lv\/wp-json\/wp\/v2\/posts\/45631","targetHints":{"allow":["GET"]}}],"collection":[{"href":"https:\/\/www.europesays.com\/lv\/wp-json\/wp\/v2\/posts"}],"about":[{"href":"https:\/\/www.europesays.com\/lv\/wp-json\/wp\/v2\/types\/post"}],"author":[{"embeddable":true,"href":"https:\/\/www.europesays.com\/lv\/wp-json\/wp\/v2\/users\/2"}],"replies":[{"embeddable":true,"href":"https:\/\/www.europesays.com\/lv\/wp-json\/wp\/v2\/comments?post=45631"}],"version-history":[{"count":0,"href":"https:\/\/www.europesays.com\/lv\/wp-json\/wp\/v2\/posts\/45631\/revisions"}],"wp:featuredmedia":[{"embeddable":true,"href":"https:\/\/www.europesays.com\/lv\/wp-json\/wp\/v2\/media\/45632"}],"wp:attachment":[{"href":"https:\/\/www.europesays.com\/lv\/wp-json\/wp\/v2\/media?parent=45631"}],"wp:term":[{"taxonomy":"category","embeddable":true,"href":"https:\/\/www.europesays.com\/lv\/wp-json\/wp\/v2\/categories?post=45631"},{"taxonomy":"post_tag","embeddable":true,"href":"https:\/\/www.europesays.com\/lv\/wp-json\/wp\/v2\/tags?post=45631"}],"curies":[{"name":"wp","href":"https:\/\/api.w.org\/{rel}","templated":true}]}}