{"id":45662,"date":"2025-11-11T01:37:06","date_gmt":"2025-11-11T01:37:06","guid":{"rendered":"https:\/\/www.europesays.com\/lv\/45662\/"},"modified":"2025-11-11T01:37:06","modified_gmt":"2025-11-11T01:37:06","slug":"saeima-konceptuali-atbalsta-2026-gada-budzetu-51-balss-par-45-pret-lente-lv","status":"publish","type":"post","link":"https:\/\/www.europesays.com\/lv\/45662\/","title":{"rendered":"Saeima konceptu\u0101li atbalsta 2026. gada bud\u017eetu: 51 balss par, 45 pret &#8211; Lente.lv"},"content":{"rendered":"<ol>\n<li><a href=\"https:\/\/news.google.com\/rss\/articles\/CBMirgFBVV95cUxQM19XWk02V0dQVk9tQ1dwcEl5WmVBRWw1R1NtOFZlQmpEbmNCVjF1RFZHVW16V2sxMTlpQXRRMW5kNG5iVlN1dlBVNTJ6WXFmRENGamlvUmRSdnFhUzhFUm02cl9IcEd6d3ZzT0tUbVJsMEh6THEySWlKbzJuSmlScUFzNGh4clc0ellTa0lNZVB4cV8wSmpVNTBrUWdhcW5BVFJCRTdpaVFrZENSSXc?oc=5\" target=\"_blank\" rel=\"nofollow noopener\">Saeima konceptu\u0101li atbalsta 2026. gada bud\u017eetu: 51 balss par, 45 pret<\/a>&nbsp;&nbsp;Lente.lv<\/li>\n<li><a href=\"https:\/\/news.google.com\/rss\/articles\/CBMi-wFBVV95cUxNeGtRbDRiN1FMWWdZWDQxMktHeDZLYlB0WjJPY0pxc0VWY3ZRRy1nMnd3NER2aVozdi1OS3F4bHBZTEFBUEMyRFlKZm5Md2w5cGNxTkw1czdSTDFqOGppcVZDRjVubjVQQmpRSFpTMGhGajcwLWJfTTI3TnFpSXhTMVZWWHhXajVWdFRWeXMwWkpLdlJjMTE3NWF3UHZaRGI4eUZMMWRVLWt3NTZoWGo2S0xZbjcyYWhhcWJtN0hDTE5CbnU1U2dSM1pxOEtnM0Y0YnpwSllEME1ZMXZQbTNFX3R1amZtUTUtVEhLeUhOMmVNaExMajR3YUo4Zw?oc=5\" target=\"_blank\" rel=\"nofollow noopener\">Intervija ar Saeimas Aizsardz\u012bbas, iek\u0161lietu un korupcijas nov\u0113r\u0161anas komisijas priek\u0161s\u0113d\u0113t\u0101ju Raimondu Bergmani (AS)<\/a>&nbsp;&nbsp;REplay.lv<\/li>\n<li><a href=\"https:\/\/news.google.com\/rss\/articles\/CBMiuAFBVV95cUxPZ01tUlR4V2xlajdBLXhKX1JtQmZ3TkFEWEJlX3JPUFlfdVhpOWlhc05wTTJmTXVpUTZLNTVvd25MYjRDdjJSakhSSlNJcUM4LXRIbEtRcC00M2tTWWJIeVlxOU5OWmxFZlVhUHdoTDNidXAyVkE2bm5BWHV5QVRfN1RSQ2VDbWdLMnJCalJmNEg2ajR5VlZHUjFxaXhQQmNaeV8wWUlMcDRIbkZIcFNNLTBZRlZvbVZx?oc=5\" target=\"_blank\" rel=\"nofollow noopener\">\u201cTas maci\u0146\u0161, ko j\u016bs plivin\u0101t, Evika Sili\u0146a, ir tuk\u0161s!\u201d Deput\u0101ti debat\u0113s apber viens otru ar apvainojumiem<\/a>&nbsp;&nbsp;LA.LV<\/li>\n<li><a href=\"https:\/\/news.google.com\/rss\/articles\/CBMirAFBVV95cUxNcjIyTzdaREYzdlUycVdJT0c5SE5xOEtUWVdZR0ljVGp0Mmw2Y3R3QUJFdUxRR0J6aEN0X3BGQUF5NEVJWWhESHN2ZkZNQzRJdURjaTFoNUJHR2JZT2tpY29OenpUcUhzVXVYNGgxVVB5bzFkZFJZdG5nUUMtQTM5cTNzcTFoRnEwMjMzUW9MNDRuSGZRNjlXV2wyeDhoZVdsZ0lYejUtV01zREhV?oc=5\" target=\"_blank\" rel=\"nofollow noopener\">2026. gada valsts bud\u017eeta projektam sa\u0146emti vair\u0101k nek\u0101 450 priek\u0161likumi<\/a>&nbsp;&nbsp;Jauns.lv<\/li>\n<li><a href=\"https:\/\/news.google.com\/rss\/articles\/CBMigAFBVV95cUxPM3NDMEJEdFJLQ3Qza29zd0xyYS1ZS0VMYkQxMVVxRHJzYkFxam1TN3YtQzhXcDhQQVY3WUVKbS1tX0VVdHB3emY4RGZxRl9wQzh6Wll3NXVZaE10eVdtajNsYXpZam9ja055WjhTdmVBRE5za1ptU08wVWl6OTBvUw?oc=5\" target=\"_blank\" rel=\"nofollow noopener\">N\u0101kam\u0101 gada Saeimas izdevumi &#8211; 40,5 miljoni eiro<\/a>&nbsp;&nbsp;TVNET<\/li>\n<\/ol>\n","protected":false},"excerpt":{"rendered":"Saeima konceptu\u0101li atbalsta 2026. gada bud\u017eetu: 51 balss par, 45 pret&nbsp;&nbsp;Lente.lv Intervija ar Saeimas Aizsardz\u012bbas, iek\u0161lietu un korupcijas&hellip;\n","protected":false},"author":2,"featured_media":45663,"comment_status":"","ping_status":"","sticky":false,"template":"","format":"standard","meta":{"footnotes":""},"categories":[5],"tags":[23,28,29,12777,32,33,22,30,31,35,39,38,36,37,34,6160,40,20,8166,26,27,12776,3878,24,25,21],"class_list":{"0":"post-45662","1":"post","2":"type-post","3":"status-publish","4":"format-standard","5":"has-post-thumbnail","7":"category-aktualitates","8":"tag-aktualitates","9":"tag-breaking-news","10":"tag-breakingnews","11":"tag-budzeta-debates","12":"tag-featured-news","13":"tag-featurednews","14":"tag-headlines","15":"tag-latest-news","16":"tag-latestnews","17":"tag-latvia","18":"tag-latvian","19":"tag-latviesu","20":"tag-latviesu-valoda","21":"tag-latviesuvaloda","22":"tag-latvija","23":"tag-latvijas-budzets-2026","24":"tag-lv","25":"tag-news","26":"tag-nodoklu-reforma","27":"tag-popularakas-zinas","28":"tag-popularakaszinas","29":"tag-saeimas-budzets","30":"tag-socialais-atbalsts","31":"tag-top-stories","32":"tag-topstories","33":"tag-zinas"},"share_on_mastodon":{"url":"https:\/\/pubeurope.com\/@lv\/115528508572719724","error":""},"_links":{"self":[{"href":"https:\/\/www.europesays.com\/lv\/wp-json\/wp\/v2\/posts\/45662","targetHints":{"allow":["GET"]}}],"collection":[{"href":"https:\/\/www.europesays.com\/lv\/wp-json\/wp\/v2\/posts"}],"about":[{"href":"https:\/\/www.europesays.com\/lv\/wp-json\/wp\/v2\/types\/post"}],"author":[{"embeddable":true,"href":"https:\/\/www.europesays.com\/lv\/wp-json\/wp\/v2\/users\/2"}],"replies":[{"embeddable":true,"href":"https:\/\/www.europesays.com\/lv\/wp-json\/wp\/v2\/comments?post=45662"}],"version-history":[{"count":0,"href":"https:\/\/www.europesays.com\/lv\/wp-json\/wp\/v2\/posts\/45662\/revisions"}],"wp:featuredmedia":[{"embeddable":true,"href":"https:\/\/www.europesays.com\/lv\/wp-json\/wp\/v2\/media\/45663"}],"wp:attachment":[{"href":"https:\/\/www.europesays.com\/lv\/wp-json\/wp\/v2\/media?parent=45662"}],"wp:term":[{"taxonomy":"category","embeddable":true,"href":"https:\/\/www.europesays.com\/lv\/wp-json\/wp\/v2\/categories?post=45662"},{"taxonomy":"post_tag","embeddable":true,"href":"https:\/\/www.europesays.com\/lv\/wp-json\/wp\/v2\/tags?post=45662"}],"curies":[{"name":"wp","href":"https:\/\/api.w.org\/{rel}","templated":true}]}}