{"id":45714,"date":"2025-11-11T05:15:18","date_gmt":"2025-11-11T05:15:18","guid":{"rendered":"https:\/\/www.europesays.com\/lv\/45714\/"},"modified":"2025-11-11T05:15:18","modified_gmt":"2025-11-11T05:15:18","slug":"cilveki-bez-kuriem-latvija-nav-iedomajama-filmu-izlase-patriotu-nedela","status":"publish","type":"post","link":"https:\/\/www.europesays.com\/lv\/45714\/","title":{"rendered":"Cilv\u0113ki, bez kuriem Latvija nav iedom\u0101jama \u2013 filmu izlase Patriotu ned\u0113\u013c\u0101"},"content":{"rendered":"<p>Patriotu ned\u0113\u013ca ir laiks, kas cit\u0101di pel\u0113c\u012bgaj\u0101 novembr\u012b ienes \u012bpa\u0161u gaismu. Tas ir laiks, kur\u0101, aizdedzot sveci 11. novembra krastmal\u0101 vai \u0123imenes lok\u0101 pie 18. novembra sv\u0113tku galda, svinam to, ka mums ir sava valsts. Tas ir ar\u012b laiks, lai atcer\u0113tos cilv\u0113kus, bez kuriem Latvijas st\u0101sts neb\u016btu iesp\u0113jams. Svinot Patriotu ned\u0113\u013cu, LMT Viedtelev\u012bzija pied\u0101v\u0101 \u012bpa\u0161u sv\u0113tku filmu izlasi.<\/p>\n","protected":false},"excerpt":{"rendered":"Patriotu ned\u0113\u013ca ir laiks, kas cit\u0101di pel\u0113c\u012bgaj\u0101 novembr\u012b ienes \u012bpa\u0161u gaismu. Tas ir laiks, kur\u0101, aizdedzot sveci 11.&hellip;\n","protected":false},"author":2,"featured_media":45715,"comment_status":"","ping_status":"","sticky":false,"template":"","format":"standard","meta":{"footnotes":""},"categories":[19],"tags":[89,90,35,39,38,36,37,34,40,7444,5898],"class_list":{"0":"post-45714","1":"post","2":"type-post","3":"status-publish","4":"format-standard","5":"has-post-thumbnail","7":"category-izklaide","8":"tag-entertainment","9":"tag-izklaide","10":"tag-latvia","11":"tag-latvian","12":"tag-latviesu","13":"tag-latviesu-valoda","14":"tag-latviesuvaloda","15":"tag-latvija","16":"tag-lv","17":"tag-mrs-tv-izklaide","18":"tag-tv-izklaide"},"share_on_mastodon":{"url":"https:\/\/pubeurope.com\/@lv\/115529365888105754","error":""},"_links":{"self":[{"href":"https:\/\/www.europesays.com\/lv\/wp-json\/wp\/v2\/posts\/45714","targetHints":{"allow":["GET"]}}],"collection":[{"href":"https:\/\/www.europesays.com\/lv\/wp-json\/wp\/v2\/posts"}],"about":[{"href":"https:\/\/www.europesays.com\/lv\/wp-json\/wp\/v2\/types\/post"}],"author":[{"embeddable":true,"href":"https:\/\/www.europesays.com\/lv\/wp-json\/wp\/v2\/users\/2"}],"replies":[{"embeddable":true,"href":"https:\/\/www.europesays.com\/lv\/wp-json\/wp\/v2\/comments?post=45714"}],"version-history":[{"count":0,"href":"https:\/\/www.europesays.com\/lv\/wp-json\/wp\/v2\/posts\/45714\/revisions"}],"wp:featuredmedia":[{"embeddable":true,"href":"https:\/\/www.europesays.com\/lv\/wp-json\/wp\/v2\/media\/45715"}],"wp:attachment":[{"href":"https:\/\/www.europesays.com\/lv\/wp-json\/wp\/v2\/media?parent=45714"}],"wp:term":[{"taxonomy":"category","embeddable":true,"href":"https:\/\/www.europesays.com\/lv\/wp-json\/wp\/v2\/categories?post=45714"},{"taxonomy":"post_tag","embeddable":true,"href":"https:\/\/www.europesays.com\/lv\/wp-json\/wp\/v2\/tags?post=45714"}],"curies":[{"name":"wp","href":"https:\/\/api.w.org\/{rel}","templated":true}]}}