{"id":45742,"date":"2025-11-11T05:38:08","date_gmt":"2025-11-11T05:38:08","guid":{"rendered":"https:\/\/www.europesays.com\/lv\/45742\/"},"modified":"2025-11-11T05:38:08","modified_gmt":"2025-11-11T05:38:08","slug":"sita-un-sedinaja-puisenu-uz-karstas-virsmas-mate-un-patevs-sanem-cietumsodu","status":"publish","type":"post","link":"https:\/\/www.europesays.com\/lv\/45742\/","title":{"rendered":"Sita un s\u0113din\u0101ja puis\u0113nu uz karstas virsmas \u2013 m\u0101te un pat\u0113vs sa\u0146em cietumsodu"},"content":{"rendered":"<p>B\u0113rna m\u0101te un vi\u0146as dz\u012bvesbiedrs par b\u0113rna si\u0161anu un tur\u0113\u0161anu bad\u0101 tagad s\u0113d\u0113s cietum\u0101. M\u0101tei piespriests \u010detru gadu un asto\u0146u m\u0113ne\u0161u cietumsods, bet vi\u0146as dz\u012bvesbiedram \u2013 \u010detru gadu un desmit m\u0113ne\u0161u cietumsods.<\/p>\n<p>Tas, ko n\u0101c\u0101s piedz\u012bvot puis\u0113nam no m\u0101tes un vi\u0146as dz\u012bvesbiedra puses, ir pr\u0101tam neaptverami. Z\u0113nam tika liegta iesp\u0113ja doties uz pirmsskolas izgl\u012bt\u012bbas iest\u0101di, lai komunic\u0113tu ar vienaud\u017eiem, k\u0101 ar\u012b vi\u0146\u0161 nedr\u012bkst\u0113ja tikties ar radiniekiem.<\/p>\n<p>&#8220;Ilgsto\u0161\u0101 laika period\u0101 sita d\u0113lu ar rok\u0101m un priek\u0161metiem, kliedza, apsauk\u0101ja, nenodro\u0161in\u0101ja uzturu. M\u0101tes draugs t\u012b\u0161i uzs\u0113din\u0101ja b\u0113rnu uz karstas virsmas,&#8221; nor\u0101da Latvijas Republikas prokurat\u016bras p\u0101rst\u0101ve Ieva \u0160omina.<\/p>\n<p>Pla\u0161\u0101k skaties telev\u012bzijas kan\u0101la TV3 raid\u012bjuma &#8220;Degpunkt\u0101&#8221; si\u017eet\u0101!<\/p>\n","protected":false},"excerpt":{"rendered":"B\u0113rna m\u0101te un vi\u0146as dz\u012bvesbiedrs par b\u0113rna si\u0161anu un tur\u0113\u0161anu bad\u0101 tagad s\u0113d\u0113s cietum\u0101. M\u0101tei piespriests \u010detru gadu&hellip;\n","protected":false},"author":2,"featured_media":45743,"comment_status":"","ping_status":"","sticky":false,"template":"","format":"standard","meta":{"footnotes":""},"categories":[5],"tags":[23,28,29,32,33,22,30,31,35,39,38,36,37,34,40,20,26,27,24,25,899,2736,6785,21],"class_list":{"0":"post-45742","1":"post","2":"type-post","3":"status-publish","4":"format-standard","5":"has-post-thumbnail","7":"category-aktualitates","8":"tag-aktualitates","9":"tag-breaking-news","10":"tag-breakingnews","11":"tag-featured-news","12":"tag-featurednews","13":"tag-headlines","14":"tag-latest-news","15":"tag-latestnews","16":"tag-latvia","17":"tag-latvian","18":"tag-latviesu","19":"tag-latviesu-valoda","20":"tag-latviesuvaloda","21":"tag-latvija","22":"tag-lv","23":"tag-news","24":"tag-popularakas-zinas","25":"tag-popularakaszinas","26":"tag-top-stories","27":"tag-topstories","28":"tag-vardarbiba","29":"tag-vardarbiba-gimene","30":"tag-vardarbiba-pret-berniem","31":"tag-zinas"},"share_on_mastodon":{"url":"https:\/\/pubeurope.com\/@lv\/115529456251633050","error":""},"_links":{"self":[{"href":"https:\/\/www.europesays.com\/lv\/wp-json\/wp\/v2\/posts\/45742","targetHints":{"allow":["GET"]}}],"collection":[{"href":"https:\/\/www.europesays.com\/lv\/wp-json\/wp\/v2\/posts"}],"about":[{"href":"https:\/\/www.europesays.com\/lv\/wp-json\/wp\/v2\/types\/post"}],"author":[{"embeddable":true,"href":"https:\/\/www.europesays.com\/lv\/wp-json\/wp\/v2\/users\/2"}],"replies":[{"embeddable":true,"href":"https:\/\/www.europesays.com\/lv\/wp-json\/wp\/v2\/comments?post=45742"}],"version-history":[{"count":0,"href":"https:\/\/www.europesays.com\/lv\/wp-json\/wp\/v2\/posts\/45742\/revisions"}],"wp:featuredmedia":[{"embeddable":true,"href":"https:\/\/www.europesays.com\/lv\/wp-json\/wp\/v2\/media\/45743"}],"wp:attachment":[{"href":"https:\/\/www.europesays.com\/lv\/wp-json\/wp\/v2\/media?parent=45742"}],"wp:term":[{"taxonomy":"category","embeddable":true,"href":"https:\/\/www.europesays.com\/lv\/wp-json\/wp\/v2\/categories?post=45742"},{"taxonomy":"post_tag","embeddable":true,"href":"https:\/\/www.europesays.com\/lv\/wp-json\/wp\/v2\/tags?post=45742"}],"curies":[{"name":"wp","href":"https:\/\/api.w.org\/{rel}","templated":true}]}}