{"id":45750,"date":"2025-11-11T05:48:19","date_gmt":"2025-11-11T05:48:19","guid":{"rendered":"https:\/\/www.europesays.com\/lv\/45750\/"},"modified":"2025-11-11T05:48:19","modified_gmt":"2025-11-11T05:48:19","slug":"krievijas-ekonomika-juk-pa-vilem-z-kanals-atklaj-ko-kremlis-slepj-no-krieviem","status":"publish","type":"post","link":"https:\/\/www.europesays.com\/lv\/45750\/","title":{"rendered":"Krievijas ekonomika j\u016bk pa v\u012bl\u0113m \u2013 Z kan\u0101ls atkl\u0101j, ko Kremlis sl\u0113pj no krieviem"},"content":{"rendered":"<p>Ilustr\u0101cija: ChatGPT<\/p>\n<p style=\"text-align: justify;\">Krievij\u0101 br\u016bk tas, kas nesen tika d\u0113v\u0113ts par \u201cPutina ekonomisko br\u012bnumu\u201d, un pat Krem\u013ca propagandisti un Z-ideologi tagad atz\u012bst: izaugsmes nav, naudas nepietiek, uz\u0146\u0113mumi cen\u0161as izdz\u012bvot, k\u0101 vien sp\u0113j, ta\u010du ofici\u0101l\u0101 telev\u012bzijas propaganda klus\u0113 un sl\u0113pj no krieviem patieso katastrofas apm\u0113ru, v\u0113sta <a href=\"https:\/\/www.dialog.ua\/business\/323673_1762722016\" target=\"_blank\" rel=\"noopener nofollow\">Dialog.ua.<\/a><\/p>\n<p style=\"text-align: justify;\">Aleksejs \u010cadajevs, Zin\u0101tnes un ra\u017eo\u0161anas centra \u201cUshkuynik\u201d izpilddirektors, uzst\u0101joties Z-propagandista Vja\u010deslava Manu\u010darova raid\u012bjum\u0101, b\u016bt\u012bb\u0101 apstiprin\u0101ja visa Putina ekonomisk\u0101 mode\u013ca milz\u012bgo neveiksmi.<\/p>\n<p style=\"text-align: justify;\">\u201cRe\u0101lais sektors, iz\u0146emot aizsardz\u012bbas nozar\u0113 str\u0101d\u0101jo\u0161os, atrodas dr\u016bm\u0101 situ\u0101cij\u0101. Nauda ir d\u0101rga, nolietojums pieaug, izmaksas pieaug, un nav kur aiz\u0146emties. Visiem ir apgroz\u0101mo l\u012bdzek\u013cu defic\u012bts un naudas pl\u016bsmas nepiln\u012bbas. Barters ir atgriezies: z\u0101baki pret p\u012br\u0101giem, t\u0101pat k\u0101 90. gados,\u201d atzina \u010cadajevs.<\/p>\n<blockquote>\n<p style=\"text-align: center;\">Naudas pl\u016bsmas defic\u012bts ir situ\u0101cija, kad uz\u0146\u0113mumam ir pe\u013c\u0146a uz pap\u012bra, bet tam nav faktiskas naudas, lai segtu algas un nodok\u013cus. Klienti maks\u0101 ar kav\u0113\u0161anos, savuk\u0101rt izdevumi ir j\u0101sedz nekav\u0113joties. T\u0101 rezult\u0101t\u0101 uz\u0146\u0113mums ir uz bankrota robe\u017eas \u2014 viss \u0161\u0137ietami darbojas, bet nav naudas, ko samaks\u0101t.<\/p>\n<\/blockquote>\n<p style=\"text-align: justify;\">Kara ceturtais gads ir par\u0101d\u012bjis, ka milit\u0101r\u0101s invest\u012bcijas nevis gl\u0101bj ekonomiku, bet gan to izn\u012bcina. Valstij tr\u016bkst l\u012bdzek\u013cu pat pamatvajadz\u012bb\u0101m, bet\u00a0aizsardz\u012bbas nozare pat\u0113r\u0113 visu, s\u0101kot no resursiem l\u012bdz person\u0101lam. T\u0101 saukt\u0101 \u201cekonomisk\u0101 mobiliz\u0101cija\u201d, par kuru tik bie\u017ei run\u0101 Kreml\u012b, ir rad\u012bjusi pret\u0113ju efektu: priv\u0101to biznesu kav\u0113 nodok\u013ci, aizdevumi nav pieejami, un r\u016bpniec\u012bba netiek moderniz\u0113ta. Ekonomisti nor\u0101da, ka milit\u0101rie l\u012bgumi rada nodarbin\u0101t\u012bbas il\u016bziju, bet nerada pievienoto v\u0113rt\u012bbu. Galu gal\u0101, kad tanku un l\u0101di\u0146u ra\u017eo\u0161ana k\u013c\u016bst par valsts galveno nozari, izaugsme nav iesp\u0113jama.<\/p>\n<p style=\"text-align: justify;\">Krievija atkal atgrie\u017eas pie bartera un mai\u0146as \u2014 uz\u0146\u0113mumi apmain\u0101s ar prec\u0113m un pakalpojumiem, nevis naudu. \u0160\u0101da sist\u0113ma past\u0101v\u0113ja jau 20.\u00a0gsadsimta devi\u0146desmito gadu s\u0101kum\u0101, kad ekonomika b\u016bt\u012bb\u0101 sabruka. \u0160\u012bs lejupsl\u012bdes laik\u0101 Vladimirs Putins turpina zi\u0146ot par \u201crekordlielu IKP pieaugumu\u201d, ta\u010du pat Kremlim loj\u0101li eksperti ir spiesti atz\u012bt: aizkulis\u0113s notiek lejupsl\u012bde, par\u0101di un nabadz\u012bba. Kam\u0113r Kremlis t\u0113r\u0113 savus p\u0113d\u0113jos resursus karam, krievi atkal m\u0101c\u0101s dz\u012bvot p\u0113c principa \u201cz\u0101baki pret\u00a0p\u012br\u0101giem\u201d.<\/p>\n<p style=\"text-align: justify;\">Lasiet ar\u012b:\u00a0<\/p>\n<p style=\"text-align: justify;\"><a href=\"https:\/\/ritakafija.lv\/2025\/11\/10\/bridina-ka-diskusija-par-stambulas-konvenciju-paradas-krievijas-informativa-kara-elementi\/\" target=\"_blank\" rel=\"noopener nofollow\">Br\u012bdina, ka diskusij\u0101 par Stambulas konvenciju par\u0101d\u0101s Krievijas informat\u012bv\u0101 kara elementi<\/a><\/p>\n<p style=\"text-align: justify;\"><a style=\"color: #800000;\" href=\"https:\/\/ritakafija.lv\/2025\/11\/07\/interneta-izsmej-tekstus-par-ukrainu-jaunakaja-krievijas-vestures-macibu-gramata\/\" target=\"_blank\" rel=\"noopener nofollow\">Internet\u0101 izsmej tekstus par Ukrainu jaun\u0101kaj\u0101 Krievijas v\u0113stures m\u0101c\u012bbu gr\u0101mat\u0101<\/a><\/p>\n<p style=\"text-align: justify;\"><a style=\"color: #800000;\" href=\"https:\/\/ritakafija.lv\/2025\/11\/10\/video-dj-ella-izdod-jaunu-dziesmu-par-siltuma-meklejumiem-vesos-rudens-vakaros\/\" target=\"_blank\" rel=\"noopener nofollow\">VIDEO | DJ Ella izdod jaunu dziesmu par siltuma mekl\u0113jumiem v\u0113sos rudens vakaros<\/a><\/p>\n<p style=\"text-align: justify;\"><a style=\"color: #800000;\" href=\"https:\/\/ritakafija.lv\/2025\/11\/10\/medijs-pusdziva-pa-pusei-apbereta-par-koaliciju-teic-pasi-politiki\/\" target=\"_blank\" rel=\"noopener nofollow\">Medijs: Pusdz\u012bva, pa pusei apb\u0113r\u0113ta\u00a0\u2013 par koal\u012bciju teic pa\u0161i politi\u0137i<\/a><\/p>\n<p style=\"text-align: justify;\"><a style=\"color: #800000;\" href=\"https:\/\/ritakafija.lv\/2025\/11\/08\/uranam-pametot-dvinus-tris-zodiaka-zimes-sajutis-ka-vetras-norimusas-un-prieksa-pozitivas-parmainas\/\" target=\"_blank\" rel=\"noopener nofollow\">Ur\u0101nam pametot Dv\u012b\u0146us, tr\u012bs zodiaka z\u012bmes sajut\u012bs, ka v\u0113tras norimu\u0161as un priek\u0161\u0101 pozit\u012bvas p\u0101rmai\u0146as<\/a><\/p>\n<p style=\"text-align: justify;\"><a style=\"color: #800000;\" href=\"https:\/\/ritakafija.lv\/2025\/11\/10\/salcevica-grevins-un-citas-slavenibas-pa-atbalsta-talruni-runasies-ar-tiem-kas-jutas-vientuli\/\" target=\"_blank\" rel=\"noopener nofollow\">Salcevi\u010da, Gr\u0113vi\u0146\u0161 un citas slaven\u012bbas pa atbalsta t\u0101lruni\u00a0run\u0101sies ar tiem, kas j\u016btas vientu\u013ci<\/a><\/p>\n<p style=\"text-align: justify;\"><a href=\"https:\/\/ritakafija.lv\/2025\/10\/24\/saeima-konceptuali-atbalsta-latvijas-izstasanos-no-stambulas-konvencijas\/\" rel=\"nofollow noopener\" target=\"_blank\">Seko mums ar\u012b\u00a0Facebook,X,\u00a0Instagram\u00a0un\u00a0Draugiem<\/a><\/p>\n","protected":false},"excerpt":{"rendered":"Ilustr\u0101cija: ChatGPT Krievij\u0101 br\u016bk tas, kas nesen tika d\u0113v\u0113ts par \u201cPutina ekonomisko br\u012bnumu\u201d, un pat Krem\u013ca propagandisti un&hellip;\n","protected":false},"author":2,"featured_media":45751,"comment_status":"","ping_status":"","sticky":false,"template":"","format":"standard","meta":{"footnotes":""},"categories":[14],"tags":[23,12796,57,12797,28,29,32,33,22,12798,30,31,35,39,38,36,37,34,40,20,26,27,2550,24,25,12795,12799,54,55,56,21,58],"class_list":{"0":"post-45750","1":"post","2":"type-post","3":"status-publish","4":"format-standard","5":"has-post-thumbnail","7":"category-zinas-no-arvalstim","8":"tag-aktualitates","9":"tag-aleksejs-cadajevs","10":"tag-arvalstim","11":"tag-barters","12":"tag-breaking-news","13":"tag-breakingnews","14":"tag-featured-news","15":"tag-featurednews","16":"tag-headlines","17":"tag-krievijas-ekonomika-kremlis","18":"tag-latest-news","19":"tag-latestnews","20":"tag-latvia","21":"tag-latvian","22":"tag-latviesu","23":"tag-latviesu-valoda","24":"tag-latviesuvaloda","25":"tag-latvija","26":"tag-lv","27":"tag-news","28":"tag-popularakas-zinas","29":"tag-popularakaszinas","30":"tag-propaganda","31":"tag-top-stories","32":"tag-topstories","33":"tag-ushkuynik","34":"tag-vjaceslavs-manucarovs","35":"tag-world","36":"tag-world-news","37":"tag-worldnews","38":"tag-zinas","39":"tag-zinas-no-arvalstim"},"share_on_mastodon":{"url":"","error":"Validation failed: Text character limit of 500 exceeded"},"_links":{"self":[{"href":"https:\/\/www.europesays.com\/lv\/wp-json\/wp\/v2\/posts\/45750","targetHints":{"allow":["GET"]}}],"collection":[{"href":"https:\/\/www.europesays.com\/lv\/wp-json\/wp\/v2\/posts"}],"about":[{"href":"https:\/\/www.europesays.com\/lv\/wp-json\/wp\/v2\/types\/post"}],"author":[{"embeddable":true,"href":"https:\/\/www.europesays.com\/lv\/wp-json\/wp\/v2\/users\/2"}],"replies":[{"embeddable":true,"href":"https:\/\/www.europesays.com\/lv\/wp-json\/wp\/v2\/comments?post=45750"}],"version-history":[{"count":0,"href":"https:\/\/www.europesays.com\/lv\/wp-json\/wp\/v2\/posts\/45750\/revisions"}],"wp:featuredmedia":[{"embeddable":true,"href":"https:\/\/www.europesays.com\/lv\/wp-json\/wp\/v2\/media\/45751"}],"wp:attachment":[{"href":"https:\/\/www.europesays.com\/lv\/wp-json\/wp\/v2\/media?parent=45750"}],"wp:term":[{"taxonomy":"category","embeddable":true,"href":"https:\/\/www.europesays.com\/lv\/wp-json\/wp\/v2\/categories?post=45750"},{"taxonomy":"post_tag","embeddable":true,"href":"https:\/\/www.europesays.com\/lv\/wp-json\/wp\/v2\/tags?post=45750"}],"curies":[{"name":"wp","href":"https:\/\/api.w.org\/{rel}","templated":true}]}}