{"id":45789,"date":"2025-11-11T06:32:08","date_gmt":"2025-11-11T06:32:08","guid":{"rendered":"https:\/\/www.europesays.com\/lv\/45789\/"},"modified":"2025-11-11T06:32:08","modified_gmt":"2025-11-11T06:32:08","slug":"izraelas-cina-pret-hizbollah-un-hamas-vel-nav-beigusies-2","status":"publish","type":"post","link":"https:\/\/www.europesays.com\/lv\/45789\/","title":{"rendered":"Izra\u0113las c\u012b\u0146a pret &#8220;Hizbollah&#8221; un &#8220;Ham\u0101s&#8221; v\u0113l nav beigusies"},"content":{"rendered":"<p>Netanjahu sac\u012bja, ka abi grup\u0113jumi p\u0101rbru\u0146ojas un nav atteiku\u0161ies no sava m\u0113r\u0137a izn\u012bcin\u0101t Izra\u0113lu, zi\u0146oja premjera birojs.<\/p>\n<p><a href=\"https:\/\/www.tvnet.lv\/term\/555449\/izraela\" class=\"topicLink\" target=\"_blank\" rel=\"nofollow noopener\">Izra\u0113la<\/a> ir ap\u0146\u0113musies ar &#8220;dzelzs d\u016bri&#8221; \u012bstenot pamiera vieno\u0161an\u0101s ar \u0161iem grup\u0113jumiem, sac\u012bja Netanjahu.<\/p>\n<p>Lib\u0101n\u0101 daudzi baid\u0101s no jaunas konflikta eskal\u0101cijas starp Izra\u0113lu un \u0161i\u012btu kaujinieku grup\u0113jumu &#8220;Hizbollah&#8221;.<\/p>\n<p>Lai gan pamiers starp ab\u0101m pus\u0113m past\u0101v jau apm\u0113ram gadu, Izra\u0113la aps\u016bdz &#8220;Hizbollah&#8221; par p\u0101rbru\u0146o\u0161anos un ir gandr\u012bz katru dienu devusi triecienus \u0161\u012b grup\u0113juma m\u0113r\u0137iem Lib\u0101n\u0101.<\/p>\n<p>Izra\u0113la ar ASV atbalstu cen\u0161as pan\u0101kt &#8220;Hizbollah&#8221; atbru\u0146o\u0161anos, un ASV s\u016btnis Toms Baraks ir br\u012bdin\u0101jis par t\u0101l\u0101kiem pas\u0101kumiem, ja grup\u0113jums nepak\u013causies \u0161ai pras\u012bbai.<\/p>\n<p>Netanjahu sac\u012bja, ka milit\u0101rais spiediens uz &#8220;Ham\u0101s&#8221;, tai skait\u0101 ofens\u012bva Gazas pils\u0113t\u0101, un ASV diplom\u0101tiskais spiediens &#8220;Ham\u0101s&#8221; izol\u0113\u0161anai bija galvenie faktori, kas nodro\u0161in\u0101ja visu dz\u012bvo \u0137\u012blnieku atbr\u012bvo\u0161anu un gandr\u012bz visu miru\u0161o \u0137\u012blnieku l\u012b\u0137u atdo\u0161anu.<\/p>\n<p>Kriti\u0137i, tai skait\u0101 \u0137\u012blnieku radinieki, gan uzskata, ka vieno\u0161anos Gazas josl\u0101 bija iesp\u0113jams pan\u0101kt agr\u0101k, potenci\u0101li izgl\u0101bjot vair\u0101k cilv\u0113ku dz\u012bv\u012bbu.<\/p>\n<p>Saska\u0146\u0101 ar ASV ierosin\u0101to vieno\u0161anos l\u012bdz \u0161im ir atbr\u012bvoti visi 20 v\u0113l dz\u012bvie \u0137\u012blnieki un ir atdoti 24 \u0137\u012blnieku l\u012b\u0137i. \u010cetru \u0137\u012blnieku l\u012b\u0137u atra\u0161an\u0101s vieta v\u0113l nav zin\u0101ma.<\/p>\n","protected":false},"excerpt":{"rendered":"Netanjahu sac\u012bja, ka abi grup\u0113jumi p\u0101rbru\u0146ojas un nav atteiku\u0161ies no sava m\u0113r\u0137a izn\u012bcin\u0101t Izra\u0113lu, zi\u0146oja premjera birojs. Izra\u0113la&hellip;\n","protected":false},"author":2,"featured_media":45790,"comment_status":"","ping_status":"","sticky":false,"template":"","format":"standard","meta":{"footnotes":""},"categories":[5],"tags":[23,1275,28,29,32,33,1272,22,12802,493,503,30,31,35,39,38,36,37,34,40,20,26,27,24,25,21],"class_list":{"0":"post-45789","1":"post","2":"type-post","3":"status-publish","4":"format-standard","5":"has-post-thumbnail","7":"category-aktualitates","8":"tag-aktualitates","9":"tag-benjamins-netanjahu","10":"tag-breaking-news","11":"tag-breakingnews","12":"tag-featured-news","13":"tag-featurednews","14":"tag-hamas","15":"tag-headlines","16":"tag-hizbollah","17":"tag-izraela","18":"tag-izraelas-palestiniesu-konflikts","19":"tag-latest-news","20":"tag-latestnews","21":"tag-latvia","22":"tag-latvian","23":"tag-latviesu","24":"tag-latviesu-valoda","25":"tag-latviesuvaloda","26":"tag-latvija","27":"tag-lv","28":"tag-news","29":"tag-popularakas-zinas","30":"tag-popularakaszinas","31":"tag-top-stories","32":"tag-topstories","33":"tag-zinas"},"share_on_mastodon":{"url":"https:\/\/pubeurope.com\/@lv\/115529668564979624","error":""},"_links":{"self":[{"href":"https:\/\/www.europesays.com\/lv\/wp-json\/wp\/v2\/posts\/45789","targetHints":{"allow":["GET"]}}],"collection":[{"href":"https:\/\/www.europesays.com\/lv\/wp-json\/wp\/v2\/posts"}],"about":[{"href":"https:\/\/www.europesays.com\/lv\/wp-json\/wp\/v2\/types\/post"}],"author":[{"embeddable":true,"href":"https:\/\/www.europesays.com\/lv\/wp-json\/wp\/v2\/users\/2"}],"replies":[{"embeddable":true,"href":"https:\/\/www.europesays.com\/lv\/wp-json\/wp\/v2\/comments?post=45789"}],"version-history":[{"count":0,"href":"https:\/\/www.europesays.com\/lv\/wp-json\/wp\/v2\/posts\/45789\/revisions"}],"wp:featuredmedia":[{"embeddable":true,"href":"https:\/\/www.europesays.com\/lv\/wp-json\/wp\/v2\/media\/45790"}],"wp:attachment":[{"href":"https:\/\/www.europesays.com\/lv\/wp-json\/wp\/v2\/media?parent=45789"}],"wp:term":[{"taxonomy":"category","embeddable":true,"href":"https:\/\/www.europesays.com\/lv\/wp-json\/wp\/v2\/categories?post=45789"},{"taxonomy":"post_tag","embeddable":true,"href":"https:\/\/www.europesays.com\/lv\/wp-json\/wp\/v2\/tags?post=45789"}],"curies":[{"name":"wp","href":"https:\/\/api.w.org\/{rel}","templated":true}]}}