{"id":45810,"date":"2025-11-11T06:58:10","date_gmt":"2025-11-11T06:58:10","guid":{"rendered":"https:\/\/www.europesays.com\/lv\/45810\/"},"modified":"2025-11-11T06:58:10","modified_gmt":"2025-11-11T06:58:10","slug":"veicam-izmainas-masina-un-tas-uzreiz-deva-rezultatu-motoru-sports-sportacentrs-com","status":"publish","type":"post","link":"https:\/\/www.europesays.com\/lv\/45810\/","title":{"rendered":"&#8220;Veic\u0101m izmai\u0146as ma\u0161\u012bn\u0101, un tas uzreiz deva rezult\u0101tu&#8221; \u2013 Motoru sports \u2013 Sportacentrs.com"},"content":{"rendered":"<p>&#8220;\u0160is ir perfekts rezult\u0101ts. Sv\u0113tdien bija \u013coti sare\u017e\u0123\u012bti apst\u0101k\u013ci, un nekas nebija dro\u0161s \u2013 \u0161\u0137ita, ka s\u0101kam jaunu ralliju no nulles. M\u0113s veic\u0101m lielas izmai\u0146as automa\u0161\u012bnas uzst\u0101d\u012bjumos, un tas uzreiz deva rezult\u0101tu,&#8221; teica O\u017ej\u0113. &#8220;Nebija laika r\u0113\u0137in\u0101t, tas bija iz\u0161\u0137iro\u0161s br\u012bdis. Vienk\u0101r\u0161i bija j\u0101brauc uz visu banku. Esmu priec\u012bgs, ka izdev\u0101s ieg\u016bt maksim\u0101lo punktu skaitu, un tagad izskat\u0101s, ka p\u0113d\u0113jais posms b\u016bs v\u0113l aizraujo\u0161\u0101ks.&#8221;<\/p>\n<p>Ar \u0161o pan\u0101kumu O\u017ej\u0113 pietuvoj\u0101s Evansam tikai l\u012bdz trim punktiem kopv\u0113rt\u0113jum\u0101 pirms sezonas nosl\u0113guma posma Sa\u016bda Ar\u0101bij\u0101.<\/p>\n<p>Tre\u0161o vietu Jap\u0101n\u0101 ieguva soms Sami Pajari, kuram \u0161is bija pirmais pjedest\u0101ls pasaules rallija \u010dempion\u0101t\u0101.<\/p>\n<p>&#8220;Lielisks veikums! Tas ir noz\u012bm\u012bgs solis Sami karjer\u0101 \u2013 vi\u0146\u0161 bija peln\u012bjis \u0161o pjedest\u0101lu,&#8221; atzina O\u017ej\u0113.<\/p>\n<p>Savuk\u0101rt Elfinam Evansam \u0161\u012b bija jau ceturt\u0101 reize p\u0113c k\u0101rtas, kad vi\u0146\u0161 WRC posmu nosl\u0113dzis otraj\u0101 viet\u0101. Lai gan velsietis saglab\u0101ja vad\u012bbu \u010dempion\u0101t\u0101, vi\u0146a p\u0101rsvars p\u0101r O\u017ej\u0113 saruka l\u012bdz trim punktiem.<\/p>\n<p>&#8220;Sebam bija \u013coti stipra ned\u0113\u013cas nogale. Protams, esmu v\u012blies, bet sacens\u012bbas bija labas,&#8221; sac\u012bja Evanss. &#8220;S\u0101kums piektdien nebija labs, l\u012bdz pusdienlaikam jau bij\u0101m desmit sekundes aiz muguras, un \u0161\u0101da starp\u012bba ar\u012b palika l\u012bdz fini\u0161am.&#8221;<\/p>\n<p>WRC sezona nosl\u0113gsies ar pirmo Sa\u016bda Ar\u0101bijas ralliju 26.\u201329. novembr\u012b, kur brauc\u0113jiem b\u016bs j\u0101sastopas ar pavisam jaunu, tuksne\u0161ainu izaicin\u0101jumu.<\/p>\n<p>&#8220;Ceru, ka p\u0113d\u0113jais posms neb\u016bs loterija,&#8221; piebilda O\u017ej\u0113.<\/p>\n<p>Pirms p\u0113d\u0113j\u0101 posma teor\u0113tiskas izredzes uz titulu saglab\u0101 ar\u012b Kalle Rovanpera, kur\u0161 p\u0113c incidenta fini\u0161u sasniedza sestais. Tom\u0113r Evansam divk\u0101rt\u0113jais WRC \u010dempions zaud\u0113 jau 24 punktus.<\/p>\n<p>Jap\u0101nas rallij\u0101 g\u016btie punkti:<img decoding=\"async\" src=\"https:\/\/www.europesays.com\/lv\/wp-content\/uploads\/2025\/11\/579037980_1244813211008262_6466218693876356639_n.jpg\" class=\"img-fluid\"\/>WRC titula pretendenti:<img decoding=\"async\" src=\"https:\/\/www.europesays.com\/lv\/wp-content\/uploads\/2025\/11\/579629569_1244500624372854_6223239565563175372_n.jpg\" class=\"img-fluid\"\/><\/p>\n<p>Izmantotie resursi:<br \/><a target=\"_blank\" href=\"http:\/\/www.4rati.lv\" rel=\"nofollow noopener\">4rati.lv &#8211; Viss par autosportu<\/a><\/p>\n","protected":false},"excerpt":{"rendered":"&#8220;\u0160is ir perfekts rezult\u0101ts. Sv\u0113tdien bija \u013coti sare\u017e\u0123\u012bti apst\u0101k\u013ci, un nekas nebija dro\u0161s \u2013 \u0161\u0137ita, ka s\u0101kam jaunu&hellip;\n","protected":false},"author":2,"featured_media":45811,"comment_status":"","ping_status":"","sticky":false,"template":"","format":"standard","meta":{"footnotes":""},"categories":[17],"tags":[35,39,38,36,37,34,40,165,67],"class_list":{"0":"post-45810","1":"post","2":"type-post","3":"status-publish","4":"format-standard","5":"has-post-thumbnail","7":"category-sports","8":"tag-latvia","9":"tag-latvian","10":"tag-latviesu","11":"tag-latviesu-valoda","12":"tag-latviesuvaloda","13":"tag-latvija","14":"tag-lv","15":"tag-motoru-sports","16":"tag-sports"},"share_on_mastodon":{"url":"https:\/\/pubeurope.com\/@lv\/115529770841431852","error":""},"_links":{"self":[{"href":"https:\/\/www.europesays.com\/lv\/wp-json\/wp\/v2\/posts\/45810","targetHints":{"allow":["GET"]}}],"collection":[{"href":"https:\/\/www.europesays.com\/lv\/wp-json\/wp\/v2\/posts"}],"about":[{"href":"https:\/\/www.europesays.com\/lv\/wp-json\/wp\/v2\/types\/post"}],"author":[{"embeddable":true,"href":"https:\/\/www.europesays.com\/lv\/wp-json\/wp\/v2\/users\/2"}],"replies":[{"embeddable":true,"href":"https:\/\/www.europesays.com\/lv\/wp-json\/wp\/v2\/comments?post=45810"}],"version-history":[{"count":0,"href":"https:\/\/www.europesays.com\/lv\/wp-json\/wp\/v2\/posts\/45810\/revisions"}],"wp:featuredmedia":[{"embeddable":true,"href":"https:\/\/www.europesays.com\/lv\/wp-json\/wp\/v2\/media\/45811"}],"wp:attachment":[{"href":"https:\/\/www.europesays.com\/lv\/wp-json\/wp\/v2\/media?parent=45810"}],"wp:term":[{"taxonomy":"category","embeddable":true,"href":"https:\/\/www.europesays.com\/lv\/wp-json\/wp\/v2\/categories?post=45810"},{"taxonomy":"post_tag","embeddable":true,"href":"https:\/\/www.europesays.com\/lv\/wp-json\/wp\/v2\/tags?post=45810"}],"curies":[{"name":"wp","href":"https:\/\/api.w.org\/{rel}","templated":true}]}}