{"id":45888,"date":"2025-11-11T08:48:08","date_gmt":"2025-11-11T08:48:08","guid":{"rendered":"https:\/\/www.europesays.com\/lv\/45888\/"},"modified":"2025-11-11T08:48:08","modified_gmt":"2025-11-11T08:48:08","slug":"horvatijas-premjers-noliedz-orbana-apgalvojumus-par-ungarijas-nespeju-aizstat-krievijas-naftu","status":"publish","type":"post","link":"https:\/\/www.europesays.com\/lv\/45888\/","title":{"rendered":"Horv\u0101tijas premjers noliedz Orb\u0101na apgalvojumus par Ung\u0101rijas nesp\u0113ju aizst\u0101t Krievijas naftu"},"content":{"rendered":"<p>Plenkovi\u010ds nor\u0101da, ka JANAF ir visas iesp\u0113jas un jauda, lai pieg\u0101d\u0101tu visu nepiecie\u0161amo j\u0113lnaftu naftas p\u0101rstr\u0101des r\u016bpn\u012bc\u0101m Ung\u0101rij\u0101.<\/p>\n<p>Horv\u0101tijas premjers ar\u012b pauda izbr\u012bnu, ka \u0161o nepatieso narat\u012bvu atbalsta ASV, vi\u0146am atsaucoties uz Savienoto Valstu l\u0113mumu vienu gadu nepiem\u0113rot Ung\u0101rijai sankcijas par Krievijas naftas un g\u0101zes pirk\u0161anu.<\/p>\n<p>Plenkovi\u010ds atg\u0101din\u0101ja par situ\u0101ciju ar Serbijas naftas p\u0101rstr\u0101des r\u016bpn\u012bcu NIS, kas ASV noteikto sankciju d\u0113\u013c nevar sa\u0146emt naftu, jo tai vairs netiek piem\u0113roti sankciju iz\u0146\u0113mumi.<\/p>\n<p>&#8220;Taj\u0101 pa\u0161\u0101 laik\u0101 Ung\u0101rijai ir noteikts iz\u0146\u0113mums, lai t\u0101 var\u0113tu turpin\u0101t sa\u0146emt Krievijas naftu, lai gan t\u0101 var sa\u0146emt ar\u012b citu valstu naftu, pamatojoties uz apgalvojumu, ka Ung\u0101rijai nav j\u016bras un ka tai nav citu naftas vadu,&#8221; sac\u012bja Plenkovi\u010ds.<\/p>\n<p>ASV prezidents Donalds Tramps oktobr\u012b noteica sankcijas pret div\u0101m liel\u0101kaj\u0101m Krievijas naftas komp\u0101nij\u0101m &#8220;Ros\u0146eftj&#8221; un &#8220;Lukoil&#8221;, k\u0101 iemeslu minot Krievijas diktatora Vladimira Putina atteik\u0161anos izbeigt karu Ukrain\u0101.<\/p>\n<p>Tramps ir aicin\u0101jis Eiropas valstis izbeigt Krievijas naftas pirk\u0161anu, kas finans\u0113 Krievijas kara ma\u0161in\u0113riju, bet Ung\u0101rijas premjers <a href=\"https:\/\/www.apollo.lv\/term\/555809\/viktors-orbans\" class=\"topicLink\" target=\"_blank\" rel=\"nofollow noopener\">Viktors Orb\u0101ns<\/a> novembra s\u0101kum\u0101 izmantoja savu pirmo viz\u012bti Baltaj\u0101 nam\u0101 kop\u0161 Trampa atgrie\u0161an\u0101s pie varas, lai pan\u0101ktu iz\u0146\u0113mumu Ung\u0101rijai.<\/p>\n","protected":false},"excerpt":{"rendered":"Plenkovi\u010ds nor\u0101da, ka JANAF ir visas iesp\u0113jas un jauda, lai pieg\u0101d\u0101tu visu nepiecie\u0161amo j\u0113lnaftu naftas p\u0101rstr\u0101des r\u016bpn\u012bc\u0101m Ung\u0101rij\u0101.&hellip;\n","protected":false},"author":2,"featured_media":45889,"comment_status":"","ping_status":"","sticky":false,"template":"","format":"standard","meta":{"footnotes":""},"categories":[14],"tags":[23,57,28,29,32,33,22,12513,30,31,35,39,38,36,37,34,40,20,26,27,24,25,2497,2508,54,55,56,21,58],"class_list":{"0":"post-45888","1":"post","2":"type-post","3":"status-publish","4":"format-standard","5":"has-post-thumbnail","7":"category-zinas-no-arvalstim","8":"tag-aktualitates","9":"tag-arvalstim","10":"tag-breaking-news","11":"tag-breakingnews","12":"tag-featured-news","13":"tag-featurednews","14":"tag-headlines","15":"tag-horvatija","16":"tag-latest-news","17":"tag-latestnews","18":"tag-latvia","19":"tag-latvian","20":"tag-latviesu","21":"tag-latviesu-valoda","22":"tag-latviesuvaloda","23":"tag-latvija","24":"tag-lv","25":"tag-news","26":"tag-popularakas-zinas","27":"tag-popularakaszinas","28":"tag-top-stories","29":"tag-topstories","30":"tag-ungarija","31":"tag-viktors-orbans","32":"tag-world","33":"tag-world-news","34":"tag-worldnews","35":"tag-zinas","36":"tag-zinas-no-arvalstim"},"share_on_mastodon":{"url":"https:\/\/pubeurope.com\/@lv\/115530203422491991","error":""},"_links":{"self":[{"href":"https:\/\/www.europesays.com\/lv\/wp-json\/wp\/v2\/posts\/45888","targetHints":{"allow":["GET"]}}],"collection":[{"href":"https:\/\/www.europesays.com\/lv\/wp-json\/wp\/v2\/posts"}],"about":[{"href":"https:\/\/www.europesays.com\/lv\/wp-json\/wp\/v2\/types\/post"}],"author":[{"embeddable":true,"href":"https:\/\/www.europesays.com\/lv\/wp-json\/wp\/v2\/users\/2"}],"replies":[{"embeddable":true,"href":"https:\/\/www.europesays.com\/lv\/wp-json\/wp\/v2\/comments?post=45888"}],"version-history":[{"count":0,"href":"https:\/\/www.europesays.com\/lv\/wp-json\/wp\/v2\/posts\/45888\/revisions"}],"wp:featuredmedia":[{"embeddable":true,"href":"https:\/\/www.europesays.com\/lv\/wp-json\/wp\/v2\/media\/45889"}],"wp:attachment":[{"href":"https:\/\/www.europesays.com\/lv\/wp-json\/wp\/v2\/media?parent=45888"}],"wp:term":[{"taxonomy":"category","embeddable":true,"href":"https:\/\/www.europesays.com\/lv\/wp-json\/wp\/v2\/categories?post=45888"},{"taxonomy":"post_tag","embeddable":true,"href":"https:\/\/www.europesays.com\/lv\/wp-json\/wp\/v2\/tags?post=45888"}],"curies":[{"name":"wp","href":"https:\/\/api.w.org\/{rel}","templated":true}]}}