{"id":45900,"date":"2025-11-11T08:55:13","date_gmt":"2025-11-11T08:55:13","guid":{"rendered":"https:\/\/www.europesays.com\/lv\/45900\/"},"modified":"2025-11-11T08:55:13","modified_gmt":"2025-11-11T08:55:13","slug":"valsts-policija-turpina-dianas-busmanes-meklesanu-nepieciesamibas-gadijuma-lems-par-brivpratigo-iesaisti","status":"publish","type":"post","link":"https:\/\/www.europesays.com\/lv\/45900\/","title":{"rendered":"Valsts policija turpina Di\u0101nas Bu\u0161manes mekl\u0113\u0161anu. Nepiecie\u0161am\u012bbas gad\u012bjum\u0101 lems par br\u012bvpr\u0101t\u012bgo iesaisti"},"content":{"rendered":"<p>Policija sa\u0146em ar\u012b iedz\u012bvot\u0101ju zvanus ar iesp\u0113jamu inform\u0101ciju par personas atra\u0161an\u0101s vietu, un katrs \u0161\u0101ds sign\u0101ls tiek p\u0101rbaud\u012bts. Pla\u0161\u0101kus koment\u0101rus \u0161obr\u012bd policija nevar sniegt, lai netrauc\u0113tu izmekl\u0113\u0161anas un mekl\u0113\u0161anas darbam. Laikam ejot, pieaug sabiedr\u012bbas satraukums, ta\u010du policija akt\u012bvi str\u0101d\u0101, lai personu atrastu.<\/p>\n<p><a href=\"https:\/\/www.apollo.lv\/term\/555407\/valsts-policija\" class=\"topicLink\" target=\"_blank\" rel=\"nofollow noopener\">Valsts policija<\/a> aicina atsaukties vieglo un kravas automa\u0161\u012bnu vad\u012bt\u0101jus, kuri 2025. gada 28. oktobr\u012b laika posm\u0101 no plkst. 8.00 l\u012bdz 13.00 p\u0101rvietoj\u0101s pa ce\u013ca posmu V384 abos virzienos Ziemeri\u2013M\u0101ri\u0146kalns, Ziemeru pagast\u0101, Al\u016bksnes novad\u0101, un, iesp\u0113jams, redz\u0113ja pa ce\u013ca malu ejam Di\u0101nu Bu\u0161mani.<\/p>\n<p>T\u0101pat Valsts policija aicina iedz\u012bvot\u0101jus, kuri zina Di\u0101nas Bu\u0161manes atra\u0161an\u0101s vietu vai var sniegt noder\u012bgu inform\u0101ciju vi\u0146as mekl\u0113\u0161an\u0101, sazin\u0101ties ar policiju pa t\u0101lruni 112, 64301413 vai 28301606.<\/p>\n","protected":false},"excerpt":{"rendered":"Policija sa\u0146em ar\u012b iedz\u012bvot\u0101ju zvanus ar iesp\u0113jamu inform\u0101ciju par personas atra\u0161an\u0101s vietu, un katrs \u0161\u0101ds sign\u0101ls tiek p\u0101rbaud\u012bts.&hellip;\n","protected":false},"author":2,"featured_media":45901,"comment_status":"","ping_status":"","sticky":false,"template":"","format":"standard","meta":{"footnotes":""},"categories":[12],"tags":[23,28,29,32,33,22,30,31,35,39,38,36,37,34,40,20,162,26,27,24,25,138,21],"class_list":{"0":"post-45900","1":"post","2":"type-post","3":"status-publish","4":"format-standard","5":"has-post-thumbnail","7":"category-latvija","8":"tag-aktualitates","9":"tag-breaking-news","10":"tag-breakingnews","11":"tag-featured-news","12":"tag-featurednews","13":"tag-headlines","14":"tag-latest-news","15":"tag-latestnews","16":"tag-latvia","17":"tag-latvian","18":"tag-latviesu","19":"tag-latviesu-valoda","20":"tag-latviesuvaloda","21":"tag-latvija","22":"tag-lv","23":"tag-news","24":"tag-policija-mekle","25":"tag-popularakas-zinas","26":"tag-popularakaszinas","27":"tag-top-stories","28":"tag-topstories","29":"tag-valsts-policija","30":"tag-zinas"},"share_on_mastodon":{"url":"https:\/\/pubeurope.com\/@lv\/115530231086748731","error":""},"_links":{"self":[{"href":"https:\/\/www.europesays.com\/lv\/wp-json\/wp\/v2\/posts\/45900","targetHints":{"allow":["GET"]}}],"collection":[{"href":"https:\/\/www.europesays.com\/lv\/wp-json\/wp\/v2\/posts"}],"about":[{"href":"https:\/\/www.europesays.com\/lv\/wp-json\/wp\/v2\/types\/post"}],"author":[{"embeddable":true,"href":"https:\/\/www.europesays.com\/lv\/wp-json\/wp\/v2\/users\/2"}],"replies":[{"embeddable":true,"href":"https:\/\/www.europesays.com\/lv\/wp-json\/wp\/v2\/comments?post=45900"}],"version-history":[{"count":0,"href":"https:\/\/www.europesays.com\/lv\/wp-json\/wp\/v2\/posts\/45900\/revisions"}],"wp:featuredmedia":[{"embeddable":true,"href":"https:\/\/www.europesays.com\/lv\/wp-json\/wp\/v2\/media\/45901"}],"wp:attachment":[{"href":"https:\/\/www.europesays.com\/lv\/wp-json\/wp\/v2\/media?parent=45900"}],"wp:term":[{"taxonomy":"category","embeddable":true,"href":"https:\/\/www.europesays.com\/lv\/wp-json\/wp\/v2\/categories?post=45900"},{"taxonomy":"post_tag","embeddable":true,"href":"https:\/\/www.europesays.com\/lv\/wp-json\/wp\/v2\/tags?post=45900"}],"curies":[{"name":"wp","href":"https:\/\/api.w.org\/{rel}","templated":true}]}}